{"status":"ok","message-type":"work","message-version":"1.0.0","message":{"indexed":{"date-parts":[[2022,3,31]],"date-time":"2022-03-31T21:50:29Z","timestamp":1648763429185},"reference-count":0,"publisher":"Coimbra University Press","issue":"29","license":[{"start":{"date-parts":[[2016,10,11]],"date-time":"2016-10-11T00:00:00Z","timestamp":1476144000000},"content-version":"unspecified","delay-in-days":0,"URL":"http:\/\/creativecommons.org\/licenses\/by\/4.0"}],"content-domain":{"domain":[],"crossmark-restriction":false},"short-container-title":["MJ"],"abstract":"<jats:p>Neste texto vamos procurar entender algumas das raz\u00f5es fundamentais que explicam o facto de a televis\u00e3o nunca ter chegado \u00e0s col\u00f3nias portuguesas, quer durante a governa\u00e7\u00e3o de Salazar, quer inclusivamente com Marcello Caetano, apesar de ter sido ele o impulsionador da televis\u00e3o em Portugal. Da an\u00e1lise do contexto pol\u00edtico nacional e internacional e do confronto com a pr\u00f3pria experi\u00eancia sul-africana, mais determinada na sua \u201ciconoclastia\u201d cat\u00f3dica, algumas das conclus\u00f5es que retiramos conduzem-nos a uma pergunta para a qual a pr\u00f3pria experi\u00eancia pol\u00edtica e medi\u00e1tica do apartheid parece sugerir uma resposta. E que tem a ver com os impactos poss\u00edveis de uma outra estrat\u00e9gia propagand\u00edstica televisiva em contexto colonial. Que consequ\u00eancias diversas poderia ter tido? Deixemos que seja aqui o pr\u00f3prio leitor a retirar as suas conclus\u00f5es.<\/jats:p>","DOI":"10.14195\/2183-5462_29_5","type":"journal-article","created":{"date-parts":[[2016,10,12]],"date-time":"2016-10-12T15:10:37Z","timestamp":1476285037000},"page":"83-91","source":"Crossref","is-referenced-by-count":0,"title":["Televis\u00e3o e imp\u00e9rio: sobre a inexist\u00eancia de emiss\u00f5es da RTP nas prov\u00edncias ultramarinas portuguesas"],"prefix":"10.14195","volume":"16","author":[{"given":"Francisco Rui","family":"C\u00e1dima","sequence":"first","affiliation":[]}],"member":"5739","published-online":{"date-parts":[[2016,10,11]]},"container-title":["Media &amp; Jornalismo"],"original-title":[],"link":[{"URL":"https:\/\/impactum-journals.uc.pt\/mj\/article\/download\/2183-5462_29_5\/2945","content-type":"application\/pdf","content-version":"vor","intended-application":"text-mining"},{"URL":"https:\/\/impactum-journals.uc.pt\/mj\/article\/download\/2183-5462_29_5\/2945","content-type":"unspecified","content-version":"vor","intended-application":"similarity-checking"}],"deposited":{"date-parts":[[2020,4,30]],"date-time":"2020-04-30T10:32:19Z","timestamp":1588242739000},"score":1,"resource":{"primary":{"URL":"https:\/\/impactum-journals.uc.pt\/mj\/article\/view\/2183-5462_29_5"}},"subtitle":[],"short-title":[],"issued":{"date-parts":[[2016,10,11]]},"references-count":0,"journal-issue":{"issue":"29","published-online":{"date-parts":[[2016,10,12]]}},"URL":"https:\/\/doi.org\/10.14195\/2183-5462_29_5","relation":{},"ISSN":["2183-5462","1645-5681"],"issn-type":[{"value":"2183-5462","type":"electronic"},{"value":"1645-5681","type":"print"}],"subject":[],"published":{"date-parts":[[2016,10,11]]}}}