{"status":"ok","message-type":"work","message-version":"1.0.0","message":{"indexed":{"date-parts":[[2025,5,14]],"date-time":"2025-05-14T04:26:34Z","timestamp":1747196794895,"version":"3.40.5"},"reference-count":0,"publisher":"Coimbra University Press","issue":"35","license":[{"start":{"date-parts":[[2019,10,25]],"date-time":"2019-10-25T00:00:00Z","timestamp":1571961600000},"content-version":"unspecified","delay-in-days":0,"URL":"http:\/\/creativecommons.org\/licenses\/by\/4.0"}],"content-domain":{"domain":[],"crossmark-restriction":false},"short-container-title":["MJ"],"abstract":"<jats:p>As caracter\u00edsticas pessoais muito diferentes de Salazar e Marcello Caetano ditaram, de alguma forma, modelos e procedimentos diferenciados na abordagem e gest\u00e3o pol\u00edtica e propagand\u00edstica dos meios de comunica\u00e7\u00e3o social por parte de cada um deles, no que se refere ao modo como, em particular, adequaram a televis\u00e3o p\u00fablica portuguesa aos objetivos pol\u00edticos espec\u00edficos dos seus consulados. Mas estabelecida essa diferen\u00e7a, resta a identifica\u00e7\u00e3o de uma tend\u00eancia de fundo, de um modelo comunicacional do regime Salazar-Caetanista, comum a ambos ao longo da ditadura, que se pautou genericamente por uma regular subexposi\u00e7\u00e3o, censura e persegui\u00e7\u00e3o das vozes dissonantes e por uma estrat\u00e9gia global assente numa gest\u00e3o do desvio da aten\u00e7\u00e3o social e pol\u00edtica em favor do princ\u00edpio equ\u00edvoco do n\u00e3o direito \u00e0 imagem de um povo e do n\u00e3o reconhecimento da virtude civil.<\/jats:p>","DOI":"10.14195\/2183-5462_35_13","type":"journal-article","created":{"date-parts":[[2019,10,31]],"date-time":"2019-10-31T12:24:06Z","timestamp":1572524646000},"page":"197-209","source":"Crossref","is-referenced-by-count":1,"title":["Da invisibilidade de Salazar \u00e0 presencialidade de Caetano"],"prefix":"10.14195","volume":"19","author":[{"ORCID":"https:\/\/orcid.org\/0000-0002-5449-8831","authenticated-orcid":false,"given":"Francisco Rui","family":"C\u00e1dima","sequence":"first","affiliation":[]}],"member":"5739","published-online":{"date-parts":[[2019,10,25]]},"container-title":["Media &amp; Jornalismo"],"original-title":[],"link":[{"URL":"https:\/\/impactum-journals.uc.pt\/mj\/article\/download\/2183-5462_35_13\/5667","content-type":"application\/pdf","content-version":"vor","intended-application":"text-mining"},{"URL":"https:\/\/impactum-journals.uc.pt\/mj\/article\/download\/2183-5462_35_13\/5667","content-type":"unspecified","content-version":"vor","intended-application":"similarity-checking"}],"deposited":{"date-parts":[[2020,4,30]],"date-time":"2020-04-30T10:48:40Z","timestamp":1588243720000},"score":1,"resource":{"primary":{"URL":"https:\/\/impactum-journals.uc.pt\/mj\/article\/view\/2183-5462_35_13"}},"subtitle":[],"short-title":[],"issued":{"date-parts":[[2019,10,25]]},"references-count":0,"journal-issue":{"issue":"35","published-online":{"date-parts":[[2019,10,25]]}},"URL":"https:\/\/doi.org\/10.14195\/2183-5462_35_13","relation":{},"ISSN":["2183-5462","1645-5681"],"issn-type":[{"type":"electronic","value":"2183-5462"},{"type":"print","value":"1645-5681"}],"subject":[],"published":{"date-parts":[[2019,10,25]]}}}