{"status":"ok","message-type":"work","message-version":"1.0.0","message":{"indexed":{"date-parts":[[2025,11,14]],"date-time":"2025-11-14T07:34:32Z","timestamp":1763105672831,"version":"3.40.5"},"reference-count":0,"publisher":"Coimbra University Press","issue":"35","license":[{"start":{"date-parts":[[2019,10,25]],"date-time":"2019-10-25T00:00:00Z","timestamp":1571961600000},"content-version":"unspecified","delay-in-days":0,"URL":"http:\/\/creativecommons.org\/licenses\/by\/4.0"}],"content-domain":{"domain":[],"crossmark-restriction":false},"short-container-title":["MJ"],"abstract":"<jats:p>Este artigo analisa a estrat\u00e9gia de informa\u00e7\u00e3o levada a cabo por Marcello Caetano quando, em setembro de 1968, substituiu Salazar na presid\u00eancia do Conselho de Ministros. Esta estrat\u00e9gia consistiu na realiza\u00e7\u00e3o de acontecimentos que lhe assegurassem uma boa visibilidade na imprensa, afirma\u00e7\u00e3o de uma rela\u00e7\u00e3o mais pr\u00f3xima com os jornalistas, e realiza\u00e7\u00e3o das conversas em fam\u00edliateledifundidas.\u00a0\r\nA investiga\u00e7\u00e3o assenta \u00a0no estudo do perfil pol\u00edtico de Marcello Caetano suportada por fontes (cartas, textos, livros e entrevistas) e na analise de jornais da \u00e9poca (A Capital, Di\u00e1rio de Lisboa, Di\u00e1rio Popular, Di\u00e1rio de Not\u00edcias) no per\u00edodo compreendido entre setembro de 1968 e setembro de 1969. Como conclus\u00e3o assinala-se que a constru\u00e7\u00e3o da imagem deste pol\u00edtico na imprensa favoreceu o inicio da sua governa\u00e7\u00e3o atrav\u00e9s da constru\u00e7\u00e3o de uma personalidade pol\u00edtica, social e familiar bem distinta da de Salazar.<\/jats:p>","DOI":"10.14195\/2183-5462_35_15","type":"journal-article","created":{"date-parts":[[2019,10,31]],"date-time":"2019-10-31T12:24:06Z","timestamp":1572524646000},"page":"223-235","source":"Crossref","is-referenced-by-count":2,"title":["A estrat\u00e9gia de informa\u00e7\u00e3o de Marcello Caetano o \u00faltimo governante do Estado Novo"],"prefix":"10.14195","volume":"19","author":[{"ORCID":"https:\/\/orcid.org\/0000-0002-2372-5165","authenticated-orcid":false,"given":"Ana","family":"Cabrera","sequence":"first","affiliation":[]}],"member":"5739","published-online":{"date-parts":[[2019,10,25]]},"container-title":["Media &amp; Jornalismo"],"original-title":[],"link":[{"URL":"https:\/\/impactum-journals.uc.pt\/mj\/article\/download\/2183-5462_35_15\/5669","content-type":"application\/pdf","content-version":"vor","intended-application":"text-mining"},{"URL":"https:\/\/impactum-journals.uc.pt\/mj\/article\/download\/2183-5462_35_15\/5669","content-type":"unspecified","content-version":"vor","intended-application":"similarity-checking"}],"deposited":{"date-parts":[[2020,4,30]],"date-time":"2020-04-30T10:48:23Z","timestamp":1588243703000},"score":1,"resource":{"primary":{"URL":"https:\/\/impactum-journals.uc.pt\/mj\/article\/view\/2183-5462_35_15"}},"subtitle":[],"short-title":[],"issued":{"date-parts":[[2019,10,25]]},"references-count":0,"journal-issue":{"issue":"35","published-online":{"date-parts":[[2019,10,25]]}},"URL":"https:\/\/doi.org\/10.14195\/2183-5462_35_15","relation":{},"ISSN":["2183-5462","1645-5681"],"issn-type":[{"type":"electronic","value":"2183-5462"},{"type":"print","value":"1645-5681"}],"subject":[],"published":{"date-parts":[[2019,10,25]]}}}