{"status":"ok","message-type":"work","message-version":"1.0.0","message":{"indexed":{"date-parts":[[2025,5,14]],"date-time":"2025-05-14T04:26:35Z","timestamp":1747196795064,"version":"3.40.5"},"reference-count":0,"publisher":"Coimbra University Press","issue":"35","license":[{"start":{"date-parts":[[2019,10,25]],"date-time":"2019-10-25T00:00:00Z","timestamp":1571961600000},"content-version":"unspecified","delay-in-days":0,"URL":"http:\/\/creativecommons.org\/licenses\/by\/4.0"}],"content-domain":{"domain":[],"crossmark-restriction":false},"short-container-title":["MJ"],"abstract":"<jats:p>Este artigo analisa o impacto do 25 de Abril de 1974 na programa\u00e7\u00e3o da RTP, em particular os programas informativos n\u00e3o di\u00e1rios produzidos pelo Departamento de Programas Pol\u00edtico-Sociais (DPPS). Estes refletem as vis\u00f5es da \u00e9poca sobre a natureza e a voca\u00e7\u00e3o de uma televis\u00e3o popular e permitem caracterizar o processo de \u201cinven\u00e7\u00e3o da televis\u00e3o revolucion\u00e1ria\u201d, criada para responder ao ambiente revolucion\u00e1rio do PREC (1974-1975). Este processo, marcado pelas rela\u00e7\u00f5es de for\u00e7a que ditaram as orienta\u00e7\u00f5es das sucessivas administra\u00e7\u00f5es e dire\u00e7\u00f5es de informa\u00e7\u00e3o e de programa\u00e7\u00e3o da RTP, n\u00e3o se esgota no campo pol\u00edtico. Foi acompanhado de uma discuss\u00e3o alargada sobre o papel do jornalismo televisivo na constru\u00e7\u00e3o da democracia portuguesa e na articula\u00e7\u00e3o com a sociedade. \u00c9 essa discuss\u00e3o, refletida na natureza e tipo de programas criados para responder \u00e0s necessidades de informa\u00e7\u00e3o e forma\u00e7\u00e3o do povo identificadas na \u00e9poca, que constitui o foco deste artigo. <\/jats:p>","DOI":"10.14195\/2183-5462_35_16","type":"journal-article","created":{"date-parts":[[2019,10,31]],"date-time":"2019-10-31T12:24:06Z","timestamp":1572524646000},"page":"237-247","source":"Crossref","is-referenced-by-count":0,"title":["A inven\u00e7\u00e3o da televis\u00e3o revolucion\u00e1ria"],"prefix":"10.14195","volume":"19","author":[{"ORCID":"https:\/\/orcid.org\/0000-0002-8188-3567","authenticated-orcid":false,"given":"Carla","family":"Baptista","sequence":"first","affiliation":[]}],"member":"5739","published-online":{"date-parts":[[2019,10,25]]},"container-title":["Media &amp; Jornalismo"],"original-title":[],"link":[{"URL":"https:\/\/impactum-journals.uc.pt\/mj\/article\/download\/2183-5462_35_16\/5670","content-type":"application\/pdf","content-version":"vor","intended-application":"text-mining"},{"URL":"https:\/\/impactum-journals.uc.pt\/mj\/article\/download\/2183-5462_35_16\/5670","content-type":"unspecified","content-version":"vor","intended-application":"similarity-checking"}],"deposited":{"date-parts":[[2020,4,30]],"date-time":"2020-04-30T10:48:37Z","timestamp":1588243717000},"score":1,"resource":{"primary":{"URL":"https:\/\/impactum-journals.uc.pt\/mj\/article\/view\/2183-5462_35_16"}},"subtitle":[],"short-title":[],"issued":{"date-parts":[[2019,10,25]]},"references-count":0,"journal-issue":{"issue":"35","published-online":{"date-parts":[[2019,10,25]]}},"URL":"https:\/\/doi.org\/10.14195\/2183-5462_35_16","relation":{},"ISSN":["2183-5462","1645-5681"],"issn-type":[{"type":"electronic","value":"2183-5462"},{"type":"print","value":"1645-5681"}],"subject":[],"published":{"date-parts":[[2019,10,25]]}}}