{"status":"ok","message-type":"work","message-version":"1.0.0","message":{"indexed":{"date-parts":[[2025,5,14]],"date-time":"2025-05-14T04:26:36Z","timestamp":1747196796702,"version":"3.40.5"},"reference-count":0,"publisher":"Coimbra University Press","issue":"36","license":[{"start":{"date-parts":[[2020,5,28]],"date-time":"2020-05-28T00:00:00Z","timestamp":1590624000000},"content-version":"unspecified","delay-in-days":0,"URL":"http:\/\/creativecommons.org\/licenses\/by\/4.0"}],"content-domain":{"domain":[],"crossmark-restriction":false},"short-container-title":["MJ"],"abstract":"<jats:p>O digital expandiu as possibilidades da mem\u00f3ria e as suas tecnologias para um plano que nos suscita algumas quest\u00f5es e uma primeira refl ex\u00e3o face ao seu paradoxo essencial. Em s\u00edntese, a incerteza que nos propomos discutir neste artigo prende-se com essa contradi\u00e7\u00e3o que se coloca face a uma mnemot\u00e9cnica que tanto nos garante essa expans\u00e3o da mem\u00f3ria como o seu fechamento ou as suas disfun\u00e7\u00f5es. Um paradoxo entre o arquivo aumentado e a impossibilidade de mem\u00f3ria. A dualidade mem\u00f3ria vs. esquecimento regressa assim num contexto tecnol\u00f3gico mais complexo, com implica\u00e7\u00f5es radicais na perce\u00e7\u00e3o da pol\u00edtica contempor\u00e2nea (falsas mem\u00f3rias, c\u00e2maras de eco), nos media (p\u00f3s-verdade, factos alternativos) economia (ideologia do clickbait, desmemoria\u00e7\u00e3o) ou no apagamento da pr\u00f3pria hist\u00f3ria (perda do arquivo da web). A mem\u00f3ria vertiginosa que nos traz o digital \u00e9 assim tamb\u00e9m uma esp\u00e9cie de n\u00e3o-mem\u00f3ria.<\/jats:p>","DOI":"10.14195\/2183-5462_36_10","type":"journal-article","created":{"date-parts":[[2020,7,22]],"date-time":"2020-07-22T14:24:05Z","timestamp":1595427845000},"page":"193-206","source":"Crossref","is-referenced-by-count":0,"title":["A Mem\u00f3ria e a Era Digital"],"prefix":"10.14195","volume":"20","author":[{"ORCID":"https:\/\/orcid.org\/0000-0002-5449-8831","authenticated-orcid":false,"given":"Francisco Rui","family":"C\u00e1dima","sequence":"first","affiliation":[]}],"member":"5739","published-online":{"date-parts":[[2020,5,28]]},"container-title":["Media &amp; Jornalismo"],"original-title":[],"link":[{"URL":"https:\/\/impactum-journals.uc.pt\/mj\/article\/download\/2183-5462_36_10\/6538","content-type":"application\/pdf","content-version":"vor","intended-application":"text-mining"},{"URL":"https:\/\/impactum-journals.uc.pt\/mj\/article\/download\/2183-5462_36_10\/6538","content-type":"unspecified","content-version":"vor","intended-application":"similarity-checking"}],"deposited":{"date-parts":[[2020,7,22]],"date-time":"2020-07-22T14:24:58Z","timestamp":1595427898000},"score":1,"resource":{"primary":{"URL":"https:\/\/impactum-journals.uc.pt\/mj\/article\/view\/2183-5462_36_10"}},"subtitle":[],"short-title":[],"issued":{"date-parts":[[2020,5,28]]},"references-count":0,"journal-issue":{"issue":"36","published-online":{"date-parts":[[2020,7,22]]}},"URL":"https:\/\/doi.org\/10.14195\/2183-5462_36_10","relation":{},"ISSN":["2183-5462","1645-5681"],"issn-type":[{"type":"electronic","value":"2183-5462"},{"type":"print","value":"1645-5681"}],"subject":[],"published":{"date-parts":[[2020,5,28]]}}}