{"status":"ok","message-type":"work","message-version":"1.0.0","message":{"indexed":{"date-parts":[[2025,5,14]],"date-time":"2025-05-14T04:26:37Z","timestamp":1747196797837,"version":"3.40.5"},"reference-count":0,"publisher":"Coimbra University Press","issue":"37","license":[{"start":{"date-parts":[[2020,10,21]],"date-time":"2020-10-21T00:00:00Z","timestamp":1603238400000},"content-version":"unspecified","delay-in-days":0,"URL":"http:\/\/creativecommons.org\/licenses\/by\/4.0"}],"content-domain":{"domain":[],"crossmark-restriction":false},"short-container-title":["MJ"],"abstract":"<jats:p>Este estudo integra uma caracteriza\u00e7\u00e3o hist\u00f3rico-pol\u00edtica do per\u00edodo de emerg\u00eancia do bloco conservador-liberal da Alian\u00e7a Democr\u00e1tica (1979-1983) e uma abordagem da informa\u00e7\u00e3o e da programa\u00e7\u00e3o televisiva, com particular destaque para o in\u00edcio dos anos 80, com o servi\u00e7o p\u00fablico de televis\u00e3o na depend\u00eancia de uma maioria pol\u00edtica. Esta an\u00e1lise hist\u00f3rica do per\u00edodo da abertura da televis\u00e3o \u00e0 iniciativa privada aborda ainda a quest\u00e3o da televis\u00e3o da Igreja, que marca tamb\u00e9m a d\u00e9cada; a quest\u00e3o do Estado na sua rela\u00e7\u00e3o com a televis\u00e3o e o espectro radioel\u00e9ctrico enquanto instrumentos do sistema pol\u00edtico-partid\u00e1rio e de governo; o enquadramento do \u201ccavaquismo\u201d na sua rela\u00e7\u00e3o com a TV; e finalmente, em contexto conclusivo, uma abordagem da emerg\u00eancia da TV privada em Portugal e das suas consequ\u00eancias, neste caso \u00e0 luz dos estudos de Nelson Traquina referidos na bibliografia, procurando reequacionar a conhecimento sobre o per\u00edodo e o respectivo estado da arte.<\/jats:p>","DOI":"10.14195\/2183-5462_37_7","type":"journal-article","created":{"date-parts":[[2020,10,22]],"date-time":"2020-10-22T15:29:55Z","timestamp":1603380595000},"page":"131-141","source":"Crossref","is-referenced-by-count":0,"title":["A televis\u00e3o no Portugal p\u00f3s-revolucion\u00e1rio"],"prefix":"10.14195","volume":"20","author":[{"ORCID":"https:\/\/orcid.org\/0000-0002-5449-8831","authenticated-orcid":false,"given":"Francisco Rui","family":"C\u00e1dima","sequence":"first","affiliation":[]}],"member":"5739","published-online":{"date-parts":[[2020,10,21]]},"container-title":["Media &amp; Jornalismo"],"original-title":[],"link":[{"URL":"https:\/\/impactum-journals.uc.pt\/mj\/article\/download\/2183-5462_37_7\/6716","content-type":"application\/pdf","content-version":"vor","intended-application":"text-mining"},{"URL":"https:\/\/impactum-journals.uc.pt\/mj\/article\/download\/2183-5462_37_7\/6716","content-type":"unspecified","content-version":"vor","intended-application":"similarity-checking"}],"deposited":{"date-parts":[[2020,10,22]],"date-time":"2020-10-22T15:30:04Z","timestamp":1603380604000},"score":1,"resource":{"primary":{"URL":"https:\/\/impactum-journals.uc.pt\/mj\/article\/view\/2183-5462_37_7"}},"subtitle":[],"short-title":[],"issued":{"date-parts":[[2020,10,21]]},"references-count":0,"journal-issue":{"issue":"37","published-online":{"date-parts":[[2020,10,22]]}},"URL":"https:\/\/doi.org\/10.14195\/2183-5462_37_7","relation":{},"ISSN":["2183-5462","1645-5681"],"issn-type":[{"type":"electronic","value":"2183-5462"},{"type":"print","value":"1645-5681"}],"subject":[],"published":{"date-parts":[[2020,10,21]]}}}