{"status":"ok","message-type":"work","message-version":"1.0.0","message":{"indexed":{"date-parts":[[2025,5,14]],"date-time":"2025-05-14T04:26:42Z","timestamp":1747196802605,"version":"3.40.5"},"reference-count":0,"publisher":"Coimbra University Press","issue":"40","license":[{"start":{"date-parts":[[2022,5,26]],"date-time":"2022-05-26T00:00:00Z","timestamp":1653523200000},"content-version":"unspecified","delay-in-days":0,"URL":"http:\/\/creativecommons.org\/licenses\/by\/4.0"}],"content-domain":{"domain":[],"crossmark-restriction":false},"short-container-title":["MJ"],"abstract":"<jats:p>As elei\u00e7\u00f5es presidenciais portuguesas de 2021 foram palco de fen\u00f3menos pol\u00edticos in\u00e9ditos. A pandemia e a campanha antissistema de um dos candidatos motivaram comportamentos incomuns. O debate radicalizou-se e aprofundou-se a conflitualidade entre candidatos\/as e entre estes\/estas, o Governo e o Presidente da Rep\u00fablica (PR). Tendo como quadro te\u00f3rico diversas perspetivas da Democracia e do Populismo, exploram-se indicadores de populismo na cobertura jornal\u00edstica televisiva da campanha eleitoral. O estudo permitiu identificar elementos de comunica\u00e7\u00e3o pol\u00edtica que oscilam entre o registo populista e o popular. Verificou-se que a comunica\u00e7\u00e3o pol\u00edtica populista encontrou a sua express\u00e3o m\u00e1xima nos discursos do candidato apoiado pelo partido de extrema-direita. Os\/as outros\/as candidatos\/as, embora com matizes, incorporam elementos discursivos nas suas campanhas que deslizam entre o populista e o popular. <\/jats:p>","DOI":"10.14195\/2183-5462_40_9","type":"journal-article","created":{"date-parts":[[2022,5,26]],"date-time":"2022-05-26T13:54:14Z","timestamp":1653573254000},"page":"179-197","source":"Crossref","is-referenced-by-count":1,"title":["Presidenciais portuguesas de 2021 e o populismo"],"prefix":"10.14195","volume":"22","author":[{"ORCID":"https:\/\/orcid.org\/0000-0001-8701-527X","authenticated-orcid":false,"given":"Isabel Ferin","family":"Cunha","sequence":"first","affiliation":[]}],"member":"5739","published-online":{"date-parts":[[2022,5,26]]},"container-title":["Media &amp; Jornalismo"],"original-title":[],"link":[{"URL":"https:\/\/impactum-journals.uc.pt\/mj\/article\/download\/11399\/8387","content-type":"application\/pdf","content-version":"vor","intended-application":"text-mining"},{"URL":"https:\/\/impactum-journals.uc.pt\/mj\/article\/download\/11399\/8387","content-type":"unspecified","content-version":"vor","intended-application":"similarity-checking"}],"deposited":{"date-parts":[[2022,5,26]],"date-time":"2022-05-26T13:54:14Z","timestamp":1653573254000},"score":1,"resource":{"primary":{"URL":"https:\/\/impactum-journals.uc.pt\/mj\/article\/view\/11399"}},"subtitle":[],"short-title":[],"issued":{"date-parts":[[2022,5,26]]},"references-count":0,"journal-issue":{"issue":"40","published-online":{"date-parts":[[2022,5,26]]}},"URL":"https:\/\/doi.org\/10.14195\/2183-5462_40_9","relation":{},"ISSN":["2183-5462","1645-5681"],"issn-type":[{"type":"electronic","value":"2183-5462"},{"type":"print","value":"1645-5681"}],"subject":[],"published":{"date-parts":[[2022,5,26]]}}}