{"status":"ok","message-type":"work","message-version":"1.0.0","message":{"indexed":{"date-parts":[[2025,5,14]],"date-time":"2025-05-14T04:26:56Z","timestamp":1747196816196,"version":"3.40.5"},"reference-count":0,"publisher":"Coimbra University Press","issue":"13","license":[{"start":{"date-parts":[[2021,9,6]],"date-time":"2021-09-06T00:00:00Z","timestamp":1630886400000},"content-version":"unspecified","delay-in-days":0,"URL":"http:\/\/creativecommons.org\/licenses\/by\/4.0"}],"content-domain":{"domain":[],"crossmark-restriction":false},"short-container-title":["mediapolis"],"abstract":"<jats:p>Este artigo analisa as rela\u00e7\u00f5es entre o poder e os jornalistas durante o Estado Novo. Fornece pistas para compreendermos quem foram os jornalistas com um papel relevante na constru\u00e7\u00e3o e manuten\u00e7\u00e3o do regime, e quais os modos de circula\u00e7\u00e3o habituais entre as dire\u00e7\u00f5es dos principais meios de comunica\u00e7\u00e3o social e os cargos de poder. Apesar das diferen\u00e7as que marcam a pol\u00edtica de informa\u00e7\u00e3o de Salazar e de Marcelo Caetano, a principal conclus\u00e3o \u00e9 a de que as pessoas foram substitu\u00eddas, mas a din\u00e2mica e a l\u00f3gica de rela\u00e7\u00e3o entre o poder pol\u00edtico e os media continuaram id\u00eanticas. \u00a0<\/jats:p>","DOI":"10.14195\/2183-6019_13_3","type":"journal-article","created":{"date-parts":[[2021,9,6]],"date-time":"2021-09-06T15:24:22Z","timestamp":1630941862000},"page":"47-61","source":"Crossref","is-referenced-by-count":0,"title":["Os  jornalistas amigos do Estado Novo"],"prefix":"10.14195","author":[{"ORCID":"https:\/\/orcid.org\/0000-0002-8188-3567","authenticated-orcid":false,"given":"Carla","family":"Baptista","sequence":"first","affiliation":[]}],"member":"5739","published-online":{"date-parts":[[2021,9,6]]},"container-title":["Mediapolis \u2013 Revista de Comunica\u00e7\u00e3o, Jornalismo e Espa\u00e7o P\u00fablico"],"original-title":[],"link":[{"URL":"https:\/\/impactum-journals.uc.pt\/mediapolis\/article\/download\/9574\/7364","content-type":"application\/pdf","content-version":"vor","intended-application":"text-mining"},{"URL":"https:\/\/impactum-journals.uc.pt\/mediapolis\/article\/download\/9574\/7364","content-type":"unspecified","content-version":"vor","intended-application":"similarity-checking"}],"deposited":{"date-parts":[[2021,9,6]],"date-time":"2021-09-06T15:24:22Z","timestamp":1630941862000},"score":1,"resource":{"primary":{"URL":"https:\/\/impactum-journals.uc.pt\/mediapolis\/article\/view\/9574"}},"subtitle":["Uma rela\u00e7\u00e3o duradoura e n\u00e3o linear"],"short-title":[],"issued":{"date-parts":[[2021,9,6]]},"references-count":0,"journal-issue":{"issue":"13","published-online":{"date-parts":[[2021,9,6]]}},"URL":"https:\/\/doi.org\/10.14195\/2183-6019_13_3","relation":{},"ISSN":["2183-6019","2183-5918"],"issn-type":[{"type":"electronic","value":"2183-6019"},{"type":"print","value":"2183-5918"}],"subject":[],"published":{"date-parts":[[2021,9,6]]}}}