{"status":"ok","message-type":"work","message-version":"1.0.0","message":{"indexed":{"date-parts":[[2025,5,14]],"date-time":"2025-05-14T04:27:03Z","timestamp":1747196823331,"version":"3.40.5"},"reference-count":0,"publisher":"Coimbra University Press","issue":"2","license":[{"start":{"date-parts":[[2016,10,18]],"date-time":"2016-10-18T00:00:00Z","timestamp":1476748800000},"content-version":"unspecified","delay-in-days":0,"URL":"http:\/\/creativecommons.org\/licenses\/by\/4.0"}],"content-domain":{"domain":[],"crossmark-restriction":false},"short-container-title":["mediapolis"],"abstract":"<jats:p>Num contexto de crise econ\u00f3mica e de depress\u00e3o do mercado publicit\u00e1rio \u2013 e, portanto, de dificuldades acrescidas para os operadores privados de televis\u00e3o \u2013, a fun\u00e7\u00e3o complementar e \u201creguladora\u201d do Public Service Media (PSM), designadamente no setor da televis\u00e3o aberta, v\u00ea-se inevitavelmente refor\u00e7ada. Neste contexto, espera-se do PSM n\u00e3o s\u00f3 um forte compromisso com uma programa\u00e7\u00e3o que espelhe a identidade, a diversidade e a heran\u00e7a cultural europeia de um modo geral, mas tamb\u00e9m a garantia de uma informa\u00e7\u00e3o rigorosa e independente, focada no pluralismo da diversidade das vozes, da pol\u00edtica \u00e0 economia e \u00e0 cultura. O papel dos meios p\u00fablicos deve ainda recentrar- se em torno da dimens\u00e3o das novas literacias medi\u00e1ticas e das novas compet\u00eancias digitais no atual contexto da cultura das redes, contribuindo, assim, tamb\u00e9m para satisfazer as necessidades democr\u00e1ticas, sociais e culturais da sociedade nas respetivas plataformas online.<\/jats:p>","DOI":"10.14195\/2183-6019_2_5","type":"journal-article","created":{"date-parts":[[2016,8,3]],"date-time":"2016-08-03T14:04:19Z","timestamp":1470233059000},"page":"63-71","source":"Crossref","is-referenced-by-count":0,"title":["O \u201cPublic Service Media\u201d, a RTP e os desafios da Era Digital"],"prefix":"10.14195","author":[{"ORCID":"https:\/\/orcid.org\/0000-0002-5449-8831","authenticated-orcid":false,"given":"F. Rui","family":"C\u00e1dima","sequence":"first","affiliation":[]}],"member":"5739","published-online":{"date-parts":[[2016,10,18]]},"container-title":["Mediapolis \u2013 Revista de Comunica\u00e7\u00e3o, Jornalismo e Espa\u00e7o P\u00fablico"],"original-title":[],"link":[{"URL":"https:\/\/impactum-journals.uc.pt\/mediapolis\/article\/download\/2183-6019_2_5\/5627","content-type":"application\/pdf","content-version":"vor","intended-application":"text-mining"},{"URL":"https:\/\/impactum-journals.uc.pt\/mediapolis\/article\/download\/2183-6019_2_5\/5627","content-type":"unspecified","content-version":"vor","intended-application":"similarity-checking"}],"deposited":{"date-parts":[[2020,4,29]],"date-time":"2020-04-29T11:03:10Z","timestamp":1588158190000},"score":1,"resource":{"primary":{"URL":"https:\/\/impactum-journals.uc.pt\/mediapolis\/article\/view\/2183-6019_2_5"}},"subtitle":[],"short-title":[],"issued":{"date-parts":[[2016,10,18]]},"references-count":0,"journal-issue":{"issue":"2","published-online":{"date-parts":[[2016,1,31]]}},"URL":"https:\/\/doi.org\/10.14195\/2183-6019_2_5","relation":{},"ISSN":["2183-6019","2183-5918"],"issn-type":[{"type":"electronic","value":"2183-6019"},{"type":"print","value":"2183-5918"}],"subject":[],"published":{"date-parts":[[2016,10,18]]}}}