{"status":"ok","message-type":"work","message-version":"1.0.0","message":{"indexed":{"date-parts":[[2025,5,14]],"date-time":"2025-05-14T04:27:04Z","timestamp":1747196824116,"version":"3.40.5"},"reference-count":0,"publisher":"Coimbra University Press","issue":"3","content-domain":{"domain":[],"crossmark-restriction":false},"short-container-title":["mediapolis"],"abstract":"<jats:p>O presente artigo tem por base uma comunica\u00e7\u00e3o apresentada na mesa redonda \u201cEnsino e Planos de Estudo\u201d, realizada no decorrer do Congresso \u201cEnsino do Jornalismo no S\u00e9culo XXI\u201d, que teve lugar na Universidade de Coimbra em dezembro de 2014. O texto debate a rela\u00e7\u00e3o dos jornalistas com o ensino do jornalismo, defendendo n\u00e3o ter sido ainda ultrapassada a clivagem que, durante diversas d\u00e9cadas, op\u00f4s os defensores do ensino da profiss\u00e3o aos que advogavam tratar-se de uma atividade que devia ser aprendida na pr\u00e1tica. O artigo discute ainda algumas das consequ\u00eancias da baixa taxa de profissionaliza\u00e7\u00e3o do jornalismo bem como as altera\u00e7\u00f5es verificadas nas \u00faltimas d\u00e9cadas no posicionamento epistemol\u00f3gico das forma\u00e7\u00f5es superiores nesta \u00e1rea, que no presente tendem a posicionar-se mais pr\u00f3ximas das ci\u00eancias sociais do que das humanidades, fruto de uma forte influ\u00eancia da pesquisa administrativa e do modelo de ensino americanos.<\/jats:p>","DOI":"10.14195\/2183-6019_3_6","type":"journal-article","created":{"date-parts":[[2017,3,27]],"date-time":"2017-03-27T11:28:38Z","timestamp":1490614118000},"page":"93-102","source":"Crossref","is-referenced-by-count":0,"title":["O Ensino do Jornalismo - Um desafio para as universidades e para os jornalistas"],"prefix":"10.14195","author":[{"ORCID":"https:\/\/orcid.org\/0000-0003-4724-550X","authenticated-orcid":false,"given":"Nelson","family":"Ribeiro","sequence":"first","affiliation":[]}],"member":"5739","published-online":{"date-parts":[[2018,3,1]]},"container-title":["Mediapolis \u2013 Revista de Comunica\u00e7\u00e3o, Jornalismo e Espa\u00e7o P\u00fablico"],"original-title":[],"link":[{"URL":"https:\/\/impactum-journals.uc.pt\/mediapolis\/article\/download\/2183-6019_3_6\/5915","content-type":"application\/pdf","content-version":"vor","intended-application":"text-mining"},{"URL":"https:\/\/impactum-journals.uc.pt\/mediapolis\/article\/download\/2183-6019_3_6\/5915","content-type":"unspecified","content-version":"vor","intended-application":"similarity-checking"}],"deposited":{"date-parts":[[2020,4,29]],"date-time":"2020-04-29T11:02:19Z","timestamp":1588158139000},"score":1,"resource":{"primary":{"URL":"https:\/\/impactum-journals.uc.pt\/mediapolis\/article\/view\/2183-6019_3_6"}},"subtitle":[],"short-title":[],"issued":{"date-parts":[[2018,3,1]]},"references-count":0,"journal-issue":{"issue":"3","published-online":{"date-parts":[[2016,6,30]]}},"URL":"https:\/\/doi.org\/10.14195\/2183-6019_3_6","relation":{},"ISSN":["2183-6019","2183-5918"],"issn-type":[{"type":"electronic","value":"2183-6019"},{"type":"print","value":"2183-5918"}],"subject":[],"published":{"date-parts":[[2018,3,1]]}}}