{"status":"ok","message-type":"work","message-version":"1.0.0","message":{"indexed":{"date-parts":[[2025,5,14]],"date-time":"2025-05-14T04:27:15Z","timestamp":1747196835003,"version":"3.40.5"},"reference-count":0,"publisher":"Coimbra University Press","license":[{"start":{"date-parts":[[2021,11,9]],"date-time":"2021-11-09T00:00:00Z","timestamp":1636416000000},"content-version":"unspecified","delay-in-days":0,"URL":"http:\/\/creativecommons.org\/licenses\/by\/4.0"}],"content-domain":{"domain":[],"crossmark-restriction":false},"short-container-title":["REL"],"abstract":"<jats:p>O livro aqui em an\u00e1lise, La mirada ib\u00e9rica a trav\u00e9s de los g\u00e9neros literarios, parte de uma sele\u00e7\u00e3o de textos apresentados ao II Congreso Internacional de Investigaci\u00f3n y Cr\u00edtica sobre Literatura Espa\u00f1ola (2018), organizado pela Asociaci\u00f3n de Investigaci\u00f3n y Cr\u00edtica sobre Literatura Espa\u00f1ola (ASICLE), da Faculdade de Filosofia e Letras da Universidade da Extremadura, C\u00e1ceres.<\/jats:p>","DOI":"10.14195\/2183-847x_11_27","type":"journal-article","created":{"date-parts":[[2021,11,9]],"date-time":"2021-11-09T15:17:36Z","timestamp":1636471056000},"page":"525-531","source":"Crossref","is-referenced-by-count":0,"title":["La mirada ib\u00e9rica a trav\u00e9s de los g\u00e9neros literarios. Antonio Rivero Machina, Guadalupe Nieto Caballero, Ismael L\u00f3pez Mart\u00edn y Alberto Escalante Varona (Eds). Berlin: Peter Lang, 2019 97 p\u00e1ginas. ISBN 9783631777626"],"prefix":"10.14195","volume":"11","author":[{"ORCID":"https:\/\/orcid.org\/0000-0002-5526-8325","authenticated-orcid":false,"given":"Susana Rocha","family":"Relvas","sequence":"first","affiliation":[]}],"member":"5739","published-online":{"date-parts":[[2021,11,9]]},"container-title":["Revista de Estudos Liter\u00e1rios"],"original-title":[],"link":[{"URL":"https:\/\/impactum-journals.uc.pt\/rel\/article\/download\/10469\/7625","content-type":"application\/pdf","content-version":"vor","intended-application":"text-mining"},{"URL":"https:\/\/impactum-journals.uc.pt\/rel\/article\/download\/10469\/7625","content-type":"unspecified","content-version":"vor","intended-application":"similarity-checking"}],"deposited":{"date-parts":[[2021,11,9]],"date-time":"2021-11-09T15:17:37Z","timestamp":1636471057000},"score":1,"resource":{"primary":{"URL":"https:\/\/impactum-journals.uc.pt\/rel\/article\/view\/10469"}},"subtitle":[],"short-title":[],"issued":{"date-parts":[[2021,11,9]]},"references-count":0,"URL":"https:\/\/doi.org\/10.14195\/2183-847x_11_27","relation":{},"ISSN":["2183-847X","2182-1526"],"issn-type":[{"type":"electronic","value":"2183-847X"},{"type":"print","value":"2182-1526"}],"subject":[],"published":{"date-parts":[[2021,11,9]]}}}