{"status":"ok","message-type":"work","message-version":"1.0.0","message":{"indexed":{"date-parts":[[2025,5,14]],"date-time":"2025-05-14T04:27:21Z","timestamp":1747196841799,"version":"3.40.5"},"reference-count":0,"publisher":"Coimbra University Press","license":[{"start":{"date-parts":[[2019,11,4]],"date-time":"2019-11-04T00:00:00Z","timestamp":1572825600000},"content-version":"unspecified","delay-in-days":0,"URL":"http:\/\/creativecommons.org\/licenses\/by\/4.0"}],"content-domain":{"domain":[],"crossmark-restriction":false},"short-container-title":["REL"],"abstract":"<jats:p>Tradicionalmente, a representa\u00e7\u00e3o da fam\u00edlia saldava-se por relatos mais ou menos longos, que percorriam v\u00e1rias gera\u00e7\u00f5es cumpridoras de um destino ligado \u00e0 sucessividade cronol\u00f3gica, com todas as consequ\u00eancias da\u00ed decorrentes, pessoais e p\u00fablicas. Frequentemente, as perip\u00e9cias familiares eram, tamb\u00e9m, de certa forma, pequenos incidentes de grandes muta\u00e7\u00f5es hist\u00f3ricas. Na atualidade, e em Portugal, ainda encontramos este tipo de romance, que, regra geral, atrai leitores sedentos de reencontrar experi\u00eancias vividas ou imaginadas. O presente ensaio estuda um romance publicado em 1995, onde a hist\u00f3ria familiar \u00e9 apresentada atrav\u00e9s de relatos de personagens mortas, evocadoras de epis\u00f3dios entrela\u00e7ados na mem\u00f3ria, que se afastam da cronologia r\u00edgida, mas que significam, na perfei\u00e7\u00e3o, o tecido familiar que pretendem recordar.<\/jats:p>","DOI":"10.14195\/2183-847x_9_5","type":"journal-article","created":{"date-parts":[[2020,5,4]],"date-time":"2020-05-04T17:01:04Z","timestamp":1588611664000},"page":"115-130","source":"Crossref","is-referenced-by-count":0,"title":["A mem\u00f3ria da fam\u00edlia"],"prefix":"10.14195","volume":"9","author":[{"ORCID":"https:\/\/orcid.org\/0000-0002-0680-0573","authenticated-orcid":false,"given":"Maria De F\u00e1tima","family":"Marinho","sequence":"first","affiliation":[]}],"member":"5739","published-online":{"date-parts":[[2019,11,4]]},"container-title":["Revista de Estudos Liter\u00e1rios"],"original-title":[],"link":[{"URL":"https:\/\/impactum-journals.uc.pt\/rel\/article\/download\/2183-847X_9_5\/5723","content-type":"application\/pdf","content-version":"vor","intended-application":"text-mining"},{"URL":"https:\/\/impactum-journals.uc.pt\/rel\/article\/download\/2183-847X_9_5\/5723","content-type":"unspecified","content-version":"vor","intended-application":"similarity-checking"}],"deposited":{"date-parts":[[2020,5,4]],"date-time":"2020-05-04T17:01:20Z","timestamp":1588611680000},"score":1,"resource":{"primary":{"URL":"https:\/\/impactum-journals.uc.pt\/rel\/article\/view\/2183-847X_9_5"}},"subtitle":[],"short-title":[],"issued":{"date-parts":[[2019,11,4]]},"references-count":0,"URL":"https:\/\/doi.org\/10.14195\/2183-847x_9_5","relation":{},"ISSN":["2183-847X","2182-1526"],"issn-type":[{"type":"electronic","value":"2183-847X"},{"type":"print","value":"2182-1526"}],"subject":[],"published":{"date-parts":[[2019,11,4]]}}}