{"status":"ok","message-type":"work","message-version":"1.0.0","message":{"indexed":{"date-parts":[[2023,6,27]],"date-time":"2023-06-27T04:13:53Z","timestamp":1687839233678},"reference-count":0,"publisher":"Coimbra University Press","license":[{"start":{"date-parts":[[2023,6,26]],"date-time":"2023-06-26T00:00:00Z","timestamp":1687737600000},"content-version":"unspecified","delay-in-days":0,"URL":"http:\/\/creativecommons.org\/licenses\/by\/4.0"}],"content-domain":{"domain":[],"crossmark-restriction":false},"short-container-title":["RHI"],"abstract":"<jats:p>Nos \u00faltimos anos, adquirida a consci\u00eancia da incompletude de um saber circunscrito a uma \u00fanica disciplina, a interdisciplinaridade tornou-se quase obrigat\u00f3ria na investiga\u00e7\u00e3o acad\u00e9mica. Paradoxalmente, o trabalho interdisciplinar realizado \u00e9 frequentemente confrontado com a dificuldade da valida\u00e7\u00e3o cient\u00edfica, decorrente de uma eventual indefini\u00e7\u00e3o de categorias anal\u00edticas, metodologias e quadros te\u00f3ricos. Os Estudos de Mulheres, Feministas e de G\u00e9nero (EMFG), sendo intrinsecamente interdisciplinares, e tendo por objetivo afirmar-se enquanto \u00e1rea de investiga\u00e7\u00e3o aut\u00f3noma, encontram frequentemente esta dificuldade. A partir da pr\u00e1tica pedag\u00f3gica e de investiga\u00e7\u00e3o cient\u00edfica nesta \u00e1rea do conhecimento, este ensaio enuncia alguns dos problemas, solu\u00e7\u00f5es e paradoxos colocados pela interdisciplinaridade, procurando contribuir para o debate sobre o conceito e para o reconhecimento cient\u00edfico do trabalho interdisciplinar.<\/jats:p>","DOI":"10.14195\/2183-8925_41_10","type":"journal-article","created":{"date-parts":[[2023,6,26]],"date-time":"2023-06-26T14:57:54Z","timestamp":1687791474000},"page":"231-251","source":"Crossref","is-referenced-by-count":0,"title":["Estudos Feministas e Estudos de G\u00e9nero"],"prefix":"10.14195","volume":"41","author":[{"given":"Adriana Silva Pereira","family":"Bebiano","sequence":"first","affiliation":[]}],"member":"5739","published-online":{"date-parts":[[2023,6,26]]},"container-title":["Revista de Hist\u00f3ria das Ideias"],"original-title":[],"link":[{"URL":"https:\/\/impactum-journals.uc.pt\/rhi\/article\/download\/12260\/9312","content-type":"application\/pdf","content-version":"vor","intended-application":"text-mining"},{"URL":"https:\/\/impactum-journals.uc.pt\/rhi\/article\/download\/12260\/9312","content-type":"unspecified","content-version":"vor","intended-application":"similarity-checking"}],"deposited":{"date-parts":[[2023,6,26]],"date-time":"2023-06-26T14:57:55Z","timestamp":1687791475000},"score":1,"resource":{"primary":{"URL":"https:\/\/impactum-journals.uc.pt\/rhi\/article\/view\/12260"}},"subtitle":["interdisciplinaridade e reconhecimento"],"short-title":[],"issued":{"date-parts":[[2023,6,26]]},"references-count":0,"URL":"https:\/\/doi.org\/10.14195\/2183-8925_41_10","relation":{},"ISSN":["2183-8925","0870-0958"],"issn-type":[{"value":"2183-8925","type":"electronic"},{"value":"0870-0958","type":"print"}],"subject":[],"published":{"date-parts":[[2023,6,26]]}}}