{"status":"ok","message-type":"work","message-version":"1.0.0","message":{"indexed":{"date-parts":[[2025,5,14]],"date-time":"2025-05-14T04:28:09Z","timestamp":1747196889478,"version":"3.40.5"},"reference-count":61,"publisher":"Ediciones Universidad de Salamanca","content-domain":{"domain":[],"crossmark-restriction":false},"short-container-title":["Zephyrvs"],"abstract":"<jats:p>La oportunidad de estudiar dos placas decoradas de piedra halladas en contextos megal\u00edticos de la regi\u00f3n de Viseu\/Tondela, una decorada y conocida desde 1912, la otra in\u00e9dita hasta ahora, ha supuesto un valor a\u00f1adido al conocimiento de esta categor\u00eda de artefactos \u2018ideot\u00e9cnicos\u2019. Caracterizadas a nivel morfotipol\u00f3gico, han sido objeto de an\u00e1lisis de fluorescencia de rayos X que apuntan a la posibilidad de la utilizaci\u00f3n de cinabrio como pigmento decorativo en una de ellas. Tambi\u00e9n se han utilizado en este estudio im\u00e1genes fotogr\u00e1ficas de diferentes bandas espectrales, tanto en la banda de luz visible como en las bandas de radiaci\u00f3n IR y UV, que han permitido corroborar el uso de pigmento rojo en algunas zonas, as\u00ed como el de otro pigmento colorante negro o azul en otras. Adem\u00e1s, se ha observado la relaci\u00f3n marginal, aunque no aislada, de los hallazgos de estas placas con el sur peninsular, donde piezas del mismo universo conceptual \u2013los \u2018\u00eddolos-placa\u2019\u2013 se cuentan por miles. Estas dos placas, junto con algunas otras elaboradas con diferente tipolog\u00eda, materia prima y contexto \u2013in\u00e9ditas o en proceso de valoraci\u00f3n\u2013, recuperadas en el interfluvio Duero-Tajo, demuestran que el vacuum de este tipo de registros en la regi\u00f3n es solo aparente.<\/jats:p>","DOI":"10.14201\/zephyrus2024923961","type":"journal-article","created":{"date-parts":[[2024,3,14]],"date-time":"2024-03-14T13:22:40Z","timestamp":1710422560000},"page":"39-61","source":"Crossref","is-referenced-by-count":0,"title":["Placas de contextos megal\u00edticos del centro de Portugal. Los casos de Arquinha da Moura (Tondela) y de Mamaltar de Vale de Fachas (Viseu)"],"prefix":"10.14201","volume":"92","author":[{"ORCID":"https:\/\/orcid.org\/0000-0003-0019-7256","authenticated-orcid":false,"given":"Raquel","family":"Vila\u00e7a","sequence":"first","affiliation":[]},{"ORCID":"https:\/\/orcid.org\/0009-0000-5954-959X","authenticated-orcid":false,"given":"Pedro","family":"Sobral de Carvalho","sequence":"additional","affiliation":[]},{"ORCID":"https:\/\/orcid.org\/0000-0002-1476-7486","authenticated-orcid":false,"given":"L\u00eddia","family":"Catarino","sequence":"additional","affiliation":[]},{"ORCID":"https:\/\/orcid.org\/0000-0002-9644-7768","authenticated-orcid":false,"given":"Lu\u00eds","family":"Bravo Pereira","sequence":"additional","affiliation":[]}],"member":"5351","published-online":{"date-parts":[[2024,3,14]]},"reference":[{"key":"471822","unstructured":"Alves, L. y Carvalho, P. S. (2018): \u201cA necr\u00f3pole da Lobagueira, Viseu: express\u00f5es de arte e arquitectura do megalitismo da Beira Alta, Centro de Portugal\u201d. En Senna-Martinez, J. C.; Diniz, M. y Carvalho, A. F. (eds.): De Gibraltar aos Piren\u00e9us. Megalitismo, Vida e Morte na Fachada Atl\u00e2ntica Peninsular. Nelas, pp. 293-313."},{"key":"471823","unstructured":"Andrade, M. A. (1915): \u201cCherchez la femme! Iconografia e imag\u00e9tica nas placas de xisto gravadas do Megalitismo do Sudoeste da Pen\u00ednsula Ib\u00e9rica\u201d. En Collado, H. y Garc\u00eda Arranz, J. J. (eds.): Symbols in the Landscape: Rock Art and its Context. Proceedings of the International Rock Art Conference (IFRAO) 2015. Tomar: cheiphar, pp. 1545-1571."},{"key":"471824","unstructured":"Arias, L. (1989): \u201cContribuci\u00f3n al estudio del fen\u00f3meno megal\u00edtico en el Occidente de la Meseta Norte: el dolmen de \u2018El Torrej\u00f3n\u2019 (Villarmayor, Salamanca)\u201d. En Actas XIX Congreso Nacional de Arqueolog\u00eda. Zaragoza, vol. i, pp. 399-406."},{"key":"471825","doi-asserted-by":"crossref","unstructured":"Barquero, J. I.; Lorenzo, S.; Esbr\u00ed, J. M.; Rivera, S.; Gonz\u00e1lez-Valoys, A. C.; Garc\u00eda-Ordiales, E. e Higueras, P. (2022): \u201cGeochemical Assessment of Mineral Resource Potential in a Hg-Sb-Pb-Zn Mining Area: The Almad\u00e9n and Guadalmez Synclines (South-Central Spain)\u201d, Applied Sciences, 12, 11351. https:\/\/doi.org\/10.3390\/app122211351","DOI":"10.3390\/app122211351"},{"key":"471826","unstructured":"Bueno, P. (2010): \u201cAncestros e im\u00e1genes antropomorfas muebles en el \u00e1mbito del megalitismo occidental: las placas decoradas\u201d. En Cacho, C.; Maicas, R.; Martos, J. A. y Gal\u00e1n, E. (coords.): Ojos que nunca se cierran. \u00cddolos en las primeras sociedades campesinas. Madrid: Ministerio de Cultura, pp. 39-77."},{"key":"471827","unstructured":"Bueno, P.; Balb\u00edn, R. y Barroso, R. (2010): \u201cGraf\u00edas de los grupos productores y metal\u00fargicos en la Cuenca interior del Tajo. La realidad del cambio simb\u00f3lico\u201d. En Gon\u00e7alves, A. C. y Sousa, A. C. (eds.): Transforma\u00e7\u00e3o e Mudan\u00e7a no Centro e Sul de Portugal: o 4.\u00ba e o 3.\u00ba mil\u00e9nios a.n.e. Cascais: UNIARQ, pp. 489-517."},{"key":"471828","doi-asserted-by":"crossref","unstructured":"Bueno, P.; Balb\u00edn, R.; Barroso, R.; Aldecoa, M.\u00aa A. y Casado, A. B. (1998): D\u00f3lmenes en la cuenca del Tajo: restauraci\u00f3n y consolidaci\u00f3n de meg\u00e1litos en Alc\u00e1ntara (C\u00e1ceres)\u201d, Trabajos de Prehistoria, 55(1), pp. 171-183.","DOI":"10.3989\/tp.1998.v55.i1.324"},{"key":"471829","doi-asserted-by":"crossref","unstructured":"Bueno, P.; Barroso, R. y Balb\u00edn, R. (2019): \u201cFunerary red (cinnabar versus ochre) and megalithic rituals in the central Iberian Peninsula\u201d, Bulletin de la Soci\u00e9t\u00e9 Pr\u00e9historique Fran\u00e7aise, 116(1), pp. 73-93.","DOI":"10.3406\/bspf.2019.14983"},{"key":"471830","unstructured":"Bueno, P. y Soler, J. (coords.) (2021a): \u00cddolos. Olhares Milenares. O Estado da Arte em Portugal. Lisboa: Museu Nacional de Arqueologia e Imprensa Nacional."},{"key":"471831","unstructured":"Bueno, P. y Soler, J. (coords.) (2021b): Mobile Images of Ancestral Bodies: A millennium-long perspective from Iberia do Europe. Zona Arqueol\u00f3gica, 23. Alcal\u00e1 de Henares: MAR, 2 vols."},{"key":"471832","unstructured":"Cardoso, J. L. (2015): \u201cNa Estremadura do Neol\u00edtico Antigo ao Neol\u00edtico Final: contributos de um percurso pessoal\u201d, Estudos Arqueol\u00f3gicos de Oeiras, 22, pp. 93-138."},{"key":"471833","unstructured":"Carrera, F. (2011): El arte parietal en monumentos megal\u00edticos del Noroeste Ib\u00e9rico: valoraci\u00f3n, diagn\u00f3stico, conservaci\u00f3n. BAR, Ser. 2190. Oxford."},{"key":"471834","unstructured":"Carvalho, P. S. (2013): Jos\u00e9 Coelho Cole\u00e7\u00e3o Arqueol\u00f3gica. A Paix\u00e3o pelo Passado. Cat\u00e1logo da Exposi\u00e7\u00e3o. Viseu: C\u00e2mara Municipal."},{"key":"471835","unstructured":"Carvalho, P. S. y Gomes, L. F. C. (1992): \u201cA cole\u00e7\u00e3o arqueol\u00f3gica Eng\u00ba Francisco Manuel Alvelos\u201d, Trabalhos de Antropologia e Etnologia, 32(1-4), pp. 337-357."},{"key":"471836","unstructured":"Castro, L. A.; Ferreira, O. V. y Viana, A. (1957): \u201cO D\u00f3lmen Pintado de Antelas (Oliveira de Frades)\u201d, Comunica\u00e7\u00f5es dos Servi\u00e7os Geol\u00f3gicos de Portugal, XXXVIII, pp. 325-346."},{"key":"471837","unstructured":"Coelho, J. (1912): A Pr\u00e9ist\u00f3ria e o seu Ensino. Mamaltar de Vale de Fachas. Famalic\u00e3o: Typographia Minerva."},{"key":"471838","unstructured":"Coelho, J. (1949): Notas Arqueol\u00f3gicas-Subs\u00eddios para o estudo Etnol\u00f3gico da Beira. Viseu, vol. I."},{"key":"471839","unstructured":"Correia, A.; Silva, C. T. y Vaz, J. I. (1979): Cat\u00e1logo-Colec\u00e7\u00e3o Arqueol\u00f3gica Dr. Jos\u00e9 Coelho do Museu de Hist\u00f3ria da Cidade (em organiza\u00e7\u00e3o). Viseu: C\u00e2mara Municipal."},{"key":"471840","unstructured":"Correia, V. (1917): \u201cOs \u00eddolos-placas. Arte Preist\u00f3rica\u201d, Terra Portuguesa, 3(13-14), pp. 29-35."},{"key":"471841","unstructured":"Cosentino, A. (2015): \u201cMultispectral imaging and the art expert\u201d, Spectroscopy Europe, 27(II), pp. 6-9."},{"key":"471842","unstructured":"Cunha, A. L. (1993): \u201cPinturas rupestres na Anta da Arquinha da Moura (conc. de Tondela, Viseu): not\u00edcia preliminar\u201d, Estudos Pr\u00e9-hist\u00f3ricos, I, pp. 83-87."},{"key":"471843","unstructured":"Cunha, A. L. (1995): \u201cAnta da Arquinha da Moura (Tondela)\u201d. En Jorge, V. O. (ed.): Actas 1.\u00ba Congresso de Arqueologia Peninsular. Trabalhos de Antropologia e Etnologia, 35(3). Porto, t. VII, pp. 133-151."},{"key":"471844","unstructured":"Delibes, G. y Santonja, M. (1986): El fen\u00f3meno megal\u00edtico en la provincia de Salamanca. Serie Prehistoria y Arqueolog\u00eda, 1. Salamanca: Diput. Provincial."},{"key":"471845","unstructured":"Dias, C. y Mir\u00e3o, J. (2013): \u201cIdentifica\u00e7\u00e3o de pigmentos vermelhos recolhidos no hipogeu da Sobreira de Cima por microscopia de Raman e microscopia electr\u00f3nica de varrimento acoplada com espectroscopia de dispers\u00e3o de energias de raios-X (mev-edx)\u201d. En Valera, A. C. (coord.): Era Monogr\u00e1fica -1, Sobreira de Cima. Necr\u00f3pole de Hipogeus do Neol\u00edtico (Vidigueira, Beja). \u00c9vora: MIA-ERA, pp. 101-108."},{"key":"471846","doi-asserted-by":"crossref","unstructured":"Emslie, S. D.; Alderman, A.; McKenzie, A.; Brasso, R.; Taylor, A.; Molina, M.; Cambra-Moo, O.; Mart\u00edn, A. G.; Silva, A. M.; Valera, A. y Vijande, E. (2019): \u201cMercury in archaeological human bone: Biogenic or diagenetic?\u201d, Journal of Archaeological Science, 118, 104969. https:\/\/doi.org\/10.1016\/j.jas.2019.05.005","DOI":"10.1016\/j.jas.2019.05.005"},{"key":"471847","doi-asserted-by":"crossref","unstructured":"Emslie, S. D.; Brasso, R.; Patterson, W.; Valera, A. C.; McKenzie, A.; Silva, A. M.; Gleason, J. y Blum, J. (2015): \u201cChronic mercury exposure in Late Neolithic\/Chalcolithic populations in Portugal from the cultural use of cinnabar\u201d, Nature. Scientific Reports, 5, pp. 604-619.","DOI":"10.1038\/srep14679"},{"key":"471848","doi-asserted-by":"crossref","unstructured":"Emslie, S. D.; Silva, A. M.; Valera, A.; Vijande, E.; Melo, L.; Curate, F.; Fidalgo, D.; In\u00e1cio, N.; Molina, M.; Cambra-Moo, O.; Gonz\u00e1lez Mart\u00edn, A.; Barroso, R.; Montero, R. y Garc\u00eda Sanju\u00e1n, L. (2022): \u201cThe use and abuse of cinnabar in Late Neolithic and Copper Age Iberia\u201d, International Journal of Osteoarchaeology, 32(1), pp. 202-214. doi: 10.1002\/oa.3056 hdl.handle.net\/10451\/56885","DOI":"10.1002\/oa.3056"},{"key":"471849","unstructured":"Garc\u00eda-Ordiales, E.; \u00c1lvarez, R. y Cienfuegos, P. (2020): \u201cLos recursos del cinabrio en la Pen\u00ednsula Ib\u00e9rica\u201d. En Zarzalejos, M.; Hevia, P. y Mansilla, L. (eds.): El \u2018oro rojo\u2019 en la Antig\u00fcedad. Perspectivas de investigaci\u00f3n sobre los usos y aplicaciones del cinabrio entre la Prehistoria y el fin del mundo antiguo. Madrid: UNED, pp. 65-95."},{"key":"471850","doi-asserted-by":"crossref","unstructured":"Garc\u00eda Sanju\u00e1n, L.; Montero, R.; Emslie, E. D.; Lozano, J. A. y Luci\u00e1\u00f1ez, M. (2023): \u201cBeautiful, Magic, Lethal: A Social Perspective of Cinnabar Use and Mercury Exposure at the Valencina Copper Age Mega-site (Spain)\u201d, Journal of Archaeological Method and Theory. https:\/\/doi.org\/10.1007\/s10816-023-09631-8","DOI":"10.1007\/s10816-023-09631-8"},{"key":"471851","unstructured":"Gomes, L. F. y Carvalho, P. S. (1995): \u201cAnta de Mamaltar de Vale de Fachas (Rio de Loba, Viseu)\u201d, Estudos Pr\u00e9-hist\u00f3ricos, III, pp. 229-241."},{"key":"471852","unstructured":"Gon\u00e7alves, V. S. (1992): Revendo as antas de Reguengos de Monsaraz. Cadernos da UNIARQ, 2. Lisboa."},{"key":"471853","unstructured":"Gon\u00e7alves, V. S. (2003): STAM-3, a Anta 3 da Herdade de Santa Margarida (Reguengos de Monsaraz). Trabalhos"},{"key":"471854","unstructured":"de Arqueologia, 32. Lisboa: Instituto Portugu\u00eas de Arqueologia."},{"key":"471855","unstructured":"Gon\u00e7alves, V. S. (2021): \u201cA prop\u00f3sito das placas de xisto gravadas do Ocidente peninsular (3200-2500 a.C.). Um depoimento pessoal\u201d. En Bueno, P. y Soler, J. (coords.): \u00cddolos. Olhares Milenares. O Estado da Arte em Portugal. Lisboa: Museu Nacional de Arqueologia-Imprensa Nacional, pp. 149-168."},{"key":"471856","unstructured":"Gon\u00e7alves, V. S. y Andrade, M. A. (2014): \u201cPequenos s\u00edtios, objectos perdidos, artefactos sem contexto. 2. Antas in\u00e9ditas do grupo megal\u00edtico Crato-Nisa (Anta das Romeiras e Anta da Ferranha)\u201d, Revista Portuguesa de Arqueologia, 17, pp. 61-94."},{"key":"471857","unstructured":"Gon\u00e7alves, V. S. y Andrade, M. A. (2021): \u201cA prop\u00f3sito de algumas placas votivas da Anta grande da Comenda da Igreja (Montemor-o-Novo, Alentejo M\u00e9dio): breves leituras, esperando outras, mais extensas e sistem\u00e1ticas\u201d. En Gon\u00e7alves, V. S. (ed.): Terra e Sal. Das antigas sociedades camponesas ao fim dos tempos modernos. Estudos Oferecidos a Carlos Tavares da Silva. Estudos & Mem\u00f3rias, 16. Lisboa: UNIARQ, pp. 167-191."},{"key":"471858","unstructured":"Gon\u00e7alves, V. S.; Andrade, M. A. y Perea, A. (2014): \u201cAs placas votivas (e o b\u00e1culo) da gruta da Lapa da Galinha, no 3.\u00ba mil\u00e9nio a.n.e.\u201d, Estudos Arqueol\u00f3gicos de Oeiras, 21, pp. 109-158."},{"key":"471859","doi-asserted-by":"crossref","unstructured":"Hern\u00e1ndez, A.; J\u00e9brak, M.; Higueras, P.; Oyarzun, R.; Morata, D. y Munh\u00e1, J. (1999): \u201cThe Almad\u00e9n mercury mining district, Spain\u201d, Mineralium Deposita, 34, pp. 539-548.","DOI":"10.1007\/s001260050219"},{"key":"471860","unstructured":"Hunt, M. y Hurtado, V. (2010): \u201cPigmentos de sulfuro de mercurio-cinabrio en contextos funerarios de \u00e9poca calcol\u00edtica en el sur de la Pen\u00ednsula Ib\u00e9rica: Investigaciones sobre el uso, dep\u00f3sitos minerales explotados y de distribuci\u00f3n a trav\u00e9s de la caracterizaci\u00f3n composicional e isot\u00f3pica\u201d. En S\u00e1iz, M. E.; L\u00f3pez Romero, R.; Cano, M. A. y Calvo, J. C. (eds.): Actas VIII Congreso Ib\u00e9rico de Arqueometr\u00eda. Teruel: Seminario de Arqueolog\u00eda y Etnolog\u00eda Turolense, pp. 123-132."},{"key":"471861","unstructured":"In\u00e1cio, N.; Nocete, F.; Nieto, J. M.; S\u00e1ez, R.; Bayona, M. R. y Peramo, A. (2013): \u201cA presen\u00e7a de cin\u00e1brio em contextos megal\u00edticos do sul de Portugal\u201d. En Jim\u00e9nez \u00c1vila, J.; Bustamante, M. y Garc\u00eda Cabezas, M. (eds.): Actas VI Encuentro de Arqueolog\u00eda del Suroeste Peninsular. Villafranca de los Barros, pp. 417-430."},{"key":"471862","unstructured":"Leisner, V. (1998): Die Megalithgr\u00e4ber der Ibeirichen Halbinsel. Der Western, 4. Lieferung, Berlin-New York: Walter de Gruyter [obra p\u00f3stuma]."},{"key":"471863","doi-asserted-by":"crossref","unstructured":"Liang, H. (2012): \u201cAdvances in multispectral and hyperspectral imaging for archaeology and art conservation\u201d, Applied Physics, 106, pp. 309-323.","DOI":"10.1007\/s00339-011-6689-1"},{"key":"471864","unstructured":"L\u00f3pez Plaza, S.; Salvador, R. y Luis, F, J. (2000): \u201cMegalitismo y v\u00edas naturales de comunicaci\u00f3n en el SO salmantino\u201d. En Oliveira, J. V. (coord.): Actas 3.\u00ba Congresso de Arqueologia Peninsular. Neolitiza\u00e7\u00e3o e Megalitismo na Pen\u00ednsula Ib\u00e9rica. Vila Real, vol. 3, pp. 272-283."},{"key":"471865","unstructured":"Mansilla, L. y Palero, F. J. (2020): \u201cPotencialidad de la explotaci\u00f3n minera de los yacimientos de cinabrio en la Pen\u00ednsula Ib\u00e9rica en el mundo antiguo\u201d. En Zarzalejos, M.; Hevia, P. y Mansilla, L. (eds.): El \u2018oro rojo\u2019 en la Antig\u00fcedad. Perspectivas de investigaci\u00f3n sobre los usos y aplicaciones del cinabrio entre la Prehistoria y el fin del mundo antiguo. Madrid: UNED, pp. 113-138."},{"key":"471866","unstructured":"Oliveira, J. (2006): Patrim\u00f3nio arqueol\u00f3gico da Coudelaria de Alter e as primeiras comunidades agropecu\u00e1rias. Lisboa: Colibri."},{"key":"471867","unstructured":"Oliveira, J. (2010): \u201cNeol\u00edtico e Megalitismo na Coudelaria de Alter\u201d. En Gon\u00e7alves, V. y Sousa, A. C. (eds.): Transforma\u00e7\u00e3o e Mudan\u00e7a no Centro e Sul de Portugal: o 4.\u00ba e o 3.\u00ba mil\u00e9nios a.n.e. Cascais: C\u00e2mara Municipal-UNIARQ, pp. 357-397."},{"key":"471868","unstructured":"Pe\u00f1a, A. J. y Rodr\u00edguez Casal, A. A. (1976): \u201cEstudio de los materiales conservados de tres sepulturas megal\u00edticas (Pen\u00ednsula de Morrazo, Pontevedra)\u201d, Gallaecia, 22, pp. 55-85."},{"key":"471869","unstructured":"Perp\u00e9tuo, J. y Garc\u00eda, J. A. (2007): \u201cC\u00f3mo e para qu\u00e9 conservar pinturas en un dolmen. El caso de Arquinha"},{"key":"471870","unstructured":"da Moura (Lageosa do D\u00e3o, Tondela, Viseu)\u201d. En IR Congreso Internacional sobre Musealizaci\u00f3n de Xacementos Arqueol\u00f3xicos. Conservaci\u00f3n e presentaci\u00f3n de xacementos arqueol\u00f3xicos no medio rural. Impacto social no territ\u00f3rio. Santiago de Compostela: Xunta de Galicia, pp. 233-238."},{"key":"471871","unstructured":"Rocha, L.; Oliveira, L.; Dias, C. B.; Mir\u00e3o, J.; Dias, L. y Manhita, A. (2020): \u201cO uso do cin\u00e1brio em alguns monumentos megal\u00edticos funer\u00e1rios do Alentejo (Portugal)\u201d. En Zarzalejos, M.; Hevia, P. y Mansilla, L. (eds.): El \u2018oro rojo\u2019 en la Antig\u00fcedad. Perspectivas de investigaci\u00f3n sobre los usos y aplicaciones del cinabrio entre la Prehistoria y el fin del mundo antiguo. Madrid: UNED, pp. 187-200."},{"key":"471872","doi-asserted-by":"crossref","unstructured":"Rodr\u00edguez, J.; Montero, I.; Hunt, M. y Garc\u00eda-Pav\u00f3n, E. (2020): \u201cCinnaber provenance of Chalcolithic red pigments in the Iberian Peninsula: A lead isotope study\u201d, Geoarchaeology, 35(6), pp. 871-882.","DOI":"10.1002\/gea.21810"},{"key":"471873","doi-asserted-by":"crossref","unstructured":"Rogerio-Candelera, M. A.; Karen, L.; Z\u00e9lia, A.; Garc\u00eda Sanju\u00e1n, L.; Mora, C.; Wheatley, D. W.; Justo, A. y S\u00e1iz-Jim\u00e9nez, C. (2013): \u201cAllochthonous red pigments used in burial practices at the Copper Age site of Valencina de la Concepci\u00f3n (Sevilla, Spain): characterisation and social dimension\u201d, Journal of Archaeological Science, 40, pp. 279-290. https:\/\/doi.org\/10.1016\/j.jas.2012.08.004","DOI":"10.1016\/j.jas.2012.08.004"},{"key":"471874","unstructured":"Sanches, M. J.; Barbosa, M. H.; Ramos, N.; Teixeira, J. C. y Almeida, M. (2023): \u201cPe\u00e7as antropom\u00f3rficas da necr\u00f3pole megal\u00edtica de Alto de Madorras. Abordagem preliminar ao seu estudo e valoriza\u00e7\u00e3o no \u00e1mbito do Projecto TSF1-Mur\u00e7a\u201d. En Arnaud, J. M.; Neves, C. y Martins, A.: Arqueologia em Portugal-2023. Estado da Quest\u00e3o. Lisboa: Associa\u00e7\u00e3o dos Arque\u00f3logos Portugueses\/CEAACP\/CEIS 20\/IA-FLUC, pp. 203-217."},{"key":"471875","unstructured":"Santonja, M. (1983-1984): \u201cEl fen\u00f3meno megal\u00edtico em el SO de la regi\u00f3n del Duero\u201d. En Actas Col\u00f3quio Inter-Universit\u00e1rio de Arqueologia do Noroeste. Homenagem a R. de Serpa Pinto. Portugalia, IV-V. Porto, pp. 53-62."},{"key":"471876","unstructured":"Santos, A. T.; Cruz, D. J. y Barbosa, F. (2017): \u201cGravuras e pinturas em d\u00f3lmenes. O \u2018Grupo de Viseu\u2019 de E. Shee (1981) trinta anos depois\u201d. En Cruz, D. J. (ed.): Actas da Mesa-Redonda \u2018A Pr\u00e9-hist\u00f3ria e a Proto-hist\u00f3ria no Centro de Portugal: avalia\u00e7\u00e3o e perspectivas de futuro\u2019. Estudos Pr\u00e9-hist\u00f3ricos, XVII. Viseu, pp. 25-57."},{"key":"471877","unstructured":"Silva, A. M. (1995): \u201cOs restos humanos exumados da anta da Arquinha da Moura (Tondela, Viseu)\u201d, Estudos Pr\u00e9-hist\u00f3ricos, III, pp. 141-150."},{"key":"471878","unstructured":"Soares, A. M. y Arnaud, J. M. (1984): \u201cEscava\u00e7\u00f5es do sepulcro megal\u00edtico MV 2 (v. v. Ficalho, Serpa)\u201d, Arquivo de Beja, II s\u00e9r. I, pp. 67-82."},{"key":"471879","unstructured":"Twohig, E. S. (1981): The Megalithic Art of Western Europe. Oxford: Clarendon Press."},{"key":"471880","unstructured":"Vila\u00e7a, R. y Cunha-Ribeiro, J. P. (2008): \u201cDas primeiras ocupa\u00e7\u00f5es humanas \u00e0 chegada dos Romanos \u00e0 Beira Litoral\u201d. En Vila\u00e7a, R. y Cunha-Ribeiro, J. P. (coords.): Das primeiras ocupa\u00e7\u00f5es humanas \u00e0 chegada dos Romanos \u00e0 Beira Litoral \/ From the earliest human occupations to the Romans\u2019 arrival to the Beira Litoral. Territ\u00f3rios da Pr\u00e9-hist\u00f3ria em Portugal, 4. Arkeos, 23. Tomar (edi\u00e7\u00e3o bilingue), pp. 11-105."},{"key":"471881","unstructured":"Zarzalejos, M.; Hevia, P. y Esteban, G. (2020): \u201cUsos y aplicaciones del cinabrio en la pen\u00ednsula Ib\u00e9rica entre la Prehistoria reciente y el fin del mundo antiguo: una revisi\u00f3n necesaria\u201d. En Zarzalejos, M.; Hevia, P. y Mansilla, L. (eds.): El \u2018oro rojo\u2019 en la Antig\u00fcedad. Perspectivas de investigaci\u00f3n sobre los usos y aplicaciones del cinabrio entre la Prehistoria y el fin del mundo antiguo. Madrid: UNED, pp. 15-63."},{"key":"471882","unstructured":"Warda, J.; Frey, F; Heller, D.; Kushel, D.; Vitale, T. y Weaver, G. (eds.) (32017): AIC Guide to Digital Photography and Conservation Documentation. Washington D. C.: American Institute for Conservation of Historic and Artistic Works, pp. 130-167."}],"container-title":["Zephyrvs"],"original-title":[],"link":[{"URL":"https:\/\/revistas.usal.es\/uno\/index.php\/0514-7336\/article\/download\/31406\/29431","content-type":"application\/pdf","content-version":"vor","intended-application":"text-mining"},{"URL":"https:\/\/revistas.usal.es\/uno\/index.php\/0514-7336\/article\/download\/31406\/29431","content-type":"unspecified","content-version":"vor","intended-application":"similarity-checking"}],"deposited":{"date-parts":[[2024,3,14]],"date-time":"2024-03-14T13:23:35Z","timestamp":1710422615000},"score":1,"resource":{"primary":{"URL":"https:\/\/revistas.usal.es\/uno\/index.php\/0514-7336\/article\/view\/31406"}},"subtitle":[],"short-title":[],"issued":{"date-parts":[[2024,3,14]]},"references-count":61,"URL":"https:\/\/doi.org\/10.14201\/zephyrus2024923961","relation":{},"ISSN":["2386-3943","0514-7336"],"issn-type":[{"type":"electronic","value":"2386-3943"},{"type":"print","value":"0514-7336"}],"subject":[],"published":{"date-parts":[[2024,3,14]]}}}