{"status":"ok","message-type":"work","message-version":"1.0.0","message":{"indexed":{"date-parts":[[2025,5,14]],"date-time":"2025-05-14T04:29:00Z","timestamp":1747196940811,"version":"3.40.5"},"reference-count":0,"publisher":"Universidade Federal de S\u00e3o Carlos","content-domain":{"domain":[],"crossmark-restriction":false},"short-container-title":["REVEDUC"],"abstract":"<jats:p>Nos finais do s\u00e9culo XX o Conselho da Europa adotou um conjunto de recomenda\u00e7\u00f5es sobre necessidades e responsabilidades em mat\u00e9ria de Educa\u00e7\u00e3o em Pris\u00f5es, sendo que essas recomenda\u00e7\u00f5es estipulavam que os indiv\u00edduos em contexto de reclus\u00e3o devem\u00a0 ter acesso a programas de educa\u00e7\u00e3o e forma\u00e7\u00e3o, que sirvam um prop\u00f3sito integral de aquisi\u00e7\u00e3o\/desenvolvimento de compet\u00eancias de vida, conduzindo a uma efetiva reintegra\u00e7\u00e3o na sociedade e mercado de trabalho e que, em simult\u00e2neo, previnam fen\u00f3menos de recidiva. Baseados nesses pressupostos desenvolvemos um programa de Extens\u00e3o Universit\u00e1ria, na \u00e1rea da Cidadania Ambiental, sendo que o seu principal objetivo foi promover a aquisi\u00e7\u00e3o de compet\u00eancias de cidadania ambiental e desenvolver compet\u00eancias sociais e emocionais, como o pensamento cr\u00edtico, a comunica\u00e7\u00e3o e a colabora\u00e7\u00e3o. A an\u00e1lise dos resultados do programa foi realizada a partir da an\u00e1lise qualitativa das participa\u00e7\u00f5es e narrativas dos dezoito formandos\/reclusos nas salas de aula virtuais criadas no ambiente virtual de aprendizagem, tendo como referencial o modelo pedag\u00f3gico desenvolvido por Moreira (2017). Os resultados revelam que a utiliza\u00e7\u00e3o do cinema em ambientes virtuais,\u00a0ancorado no\u00a0modelo\u00a0pedag\u00f3gico para a desconstru\u00e7\u00e3o de imagens em movimento, pode ter efeitos muito positivos na aquisi\u00e7\u00e3o de conhecimentos na ci\u00eancia ecol\u00f3gica e no desenvolvimento de compet\u00eancias, quer de cidadania ambiental, quer sociais e emocionais.<\/jats:p>","DOI":"10.14244\/198271994710","type":"journal-article","created":{"date-parts":[[2022,1,27]],"date-time":"2022-01-27T20:54:50Z","timestamp":1643316890000},"page":"e4710042","source":"Crossref","is-referenced-by-count":0,"title":["Educa\u00e7\u00e3o e cidadania ambiental em contexto prisional - um programa de extens\u00e3o universit\u00e1ria para cidad\u00e3os reclusos"],"prefix":"10.14244","volume":"15","author":[{"given":"Jesus","family":"M. Delgado-Mendez","sequence":"first","affiliation":[]},{"ORCID":"https:\/\/orcid.org\/0000-0003-0147-0592","authenticated-orcid":false,"given":"Jos\u00e9","family":"Ant\u00f3nio Moreira","sequence":"additional","affiliation":[]},{"ORCID":"https:\/\/orcid.org\/0000-0002-5927-3957","authenticated-orcid":false,"given":"Sara","family":"Dias-Trindade","sequence":"additional","affiliation":[]},{"given":"Ana","family":"Machado","sequence":"additional","affiliation":[]}],"member":"5366","published-online":{"date-parts":[[2021,3,24]]},"container-title":["Revista Eletr\u00f4nica de Educa\u00e7\u00e3o"],"original-title":[],"link":[{"URL":"https:\/\/www.reveduc.ufscar.br\/index.php\/reveduc\/article\/download\/4710\/1226","content-type":"application\/pdf","content-version":"vor","intended-application":"text-mining"},{"URL":"https:\/\/www.reveduc.ufscar.br\/index.php\/reveduc\/article\/download\/4710\/1226","content-type":"unspecified","content-version":"vor","intended-application":"similarity-checking"}],"deposited":{"date-parts":[[2023,6,21]],"date-time":"2023-06-21T17:52:18Z","timestamp":1687369938000},"score":1,"resource":{"primary":{"URL":"https:\/\/www.reveduc.ufscar.br\/index.php\/reveduc\/article\/view\/4710"}},"subtitle":[],"short-title":[],"issued":{"date-parts":[[2021,3,24]]},"references-count":0,"URL":"https:\/\/doi.org\/10.14244\/198271994710","relation":{},"ISSN":["1982-7199"],"issn-type":[{"type":"electronic","value":"1982-7199"}],"subject":[],"published":{"date-parts":[[2021,3,24]]}}}