{"status":"ok","message-type":"work","message-version":"1.0.0","message":{"indexed":{"date-parts":[[2022,4,5]],"date-time":"2022-04-05T05:01:22Z","timestamp":1649134882238},"reference-count":0,"publisher":"EDUFU - Editora da Universidade Federal de Uberlandia","issue":"59","license":[{"start":{"date-parts":[[2019,6,24]],"date-time":"2019-06-24T00:00:00Z","timestamp":1561334400000},"content-version":"unspecified","delay-in-days":0,"URL":"http:\/\/creativecommons.org\/licenses\/by-nc-sa\/4.0"}],"content-domain":{"domain":[],"crossmark-restriction":false},"short-container-title":["HeP"],"abstract":"<jats:p>desemprego nos EUA e na Europa s\u00f3 foi revertido em 1938-1941, quando teve in\u00edcio a militariza\u00e7\u00e3o da sociedade e se transformaram desempregados em soldados, no come\u00e7o da II Guerra Mundial. N\u00e3o foram as medidas keynesianas que reverteram a crise de 1929, mas a proletariza\u00e7\u00e3o massiva de largos setores camponeses \u2013 com a coletiviza\u00e7\u00e3o for\u00e7ada na URSS ou o colapso banc\u00e1rio dos pequenos camponeses nos EUA, retratados em As vinhas da ira (STEINBECK, 2016) \u2013 e, mais tarde, a destrui\u00e7\u00e3o da propriedade a uma escala in\u00e9dita na hist\u00f3ria da humanidade. Foi o apocalipse da II Guerra Mundial, com os seus, os nossos, 80 milh\u00f5es de mortos. Foi a maior derrota da humanidade. Neste artigo, olhamos para os principais acontecimentos da II Guerra Mundial e da Resist\u00eancia a esta, recordando que os campos de concentra\u00e7\u00e3o nazi eram campos de trabalho for\u00e7ado. O trabalho for\u00e7ado, \u00e0 escala de milh\u00f5es entre 1939 e 1945, em centenas de campos e subcampos, inseridos na cadeia produtiva de algumas das maiores empresas da ind\u00fastria alem\u00e3, esteve no centro do projeto do Estado nazi.<\/jats:p>","DOI":"10.14393\/hep-v31n59p129-140","type":"journal-article","created":{"date-parts":[[2019,6,25]],"date-time":"2019-06-25T13:08:07Z","timestamp":1561468087000},"page":"129-140","source":"Crossref","is-referenced-by-count":0,"title":["A \"meia-noite\" no s\u00e9culo: A II Guerra Mundial e a resist\u00eancia"],"prefix":"10.14393","volume":"31","author":[{"given":"Raquel","family":"Varela","sequence":"first","affiliation":[]}],"member":"5515","published-online":{"date-parts":[[2019,6,24]]},"container-title":["Revista Hist\u00f3ria &amp; Perspectivas"],"original-title":[],"link":[{"URL":"http:\/\/www.seer.ufu.br\/index.php\/historiaperspectivas\/article\/download\/49369\/26313","content-type":"application\/pdf","content-version":"vor","intended-application":"text-mining"},{"URL":"http:\/\/www.seer.ufu.br\/index.php\/historiaperspectivas\/article\/download\/49369\/26313","content-type":"unspecified","content-version":"vor","intended-application":"similarity-checking"}],"deposited":{"date-parts":[[2019,6,25]],"date-time":"2019-06-25T13:08:09Z","timestamp":1561468089000},"score":1,"resource":{"primary":{"URL":"http:\/\/www.seer.ufu.br\/index.php\/historiaperspectivas\/article\/view\/49369"}},"subtitle":[],"short-title":[],"issued":{"date-parts":[[2019,6,24]]},"references-count":0,"journal-issue":{"issue":"59","published-online":{"date-parts":[[2019,6,24]]}},"URL":"https:\/\/doi.org\/10.14393\/hep-v31n59p129-140","relation":{},"ISSN":["2176-4352"],"issn-type":[{"value":"2176-4352","type":"electronic"}],"subject":[],"published":{"date-parts":[[2019,6,24]]}}}