{"status":"ok","message-type":"work","message-version":"1.0.0","message":{"indexed":{"date-parts":[[2025,3,15]],"date-time":"2025-03-15T04:23:44Z","timestamp":1742012624023,"version":"3.38.0"},"reference-count":0,"publisher":"PPUFU - Portal de Peri\u00f3dicos da Universidade Federal de Uberl\u00e2ndia","license":[{"start":{"date-parts":[[2025,3,14]],"date-time":"2025-03-14T00:00:00Z","timestamp":1741910400000},"content-version":"unspecified","delay-in-days":0,"URL":"https:\/\/creativecommons.org\/licenses\/by-nc-nd\/4.0"}],"content-domain":{"domain":[],"crossmark-restriction":false},"short-container-title":["REPOD"],"abstract":"<jats:p>The social, political and economic dynamics of the modern world pose new challenges for early childhood educators, leading them to (re)think processes, curricula and practices. In the Angolan context, the scenario is no different, with constant changes in the field of teacher training policy underlying the implementation of recent guidelines. This text is therefore guided by the following question: what are the challenges of the curriculum plan for the pre-school education degree course proposed by the specialist group of the National Curriculum Harmonisation Commission? Based on the documentary analysis, the aim is to reflect on the plan from a holistic perspective of initial training for early childhood educators, identifying its weaknesses and proposing the challenges of the necessary approaches to enable professionals to meet the current challenges in the sector. The analysis found that the curriculum has limitations in its approach, a lack of conceptions of the child in daycare, a reductionist approach to the \u2018socio-cultural context\u2019 and \u2018working with families\u2019.<\/jats:p>","DOI":"10.14393\/repod-v13n2a2024-75578","type":"journal-article","created":{"date-parts":[[2025,3,14]],"date-time":"2025-03-14T13:57:51Z","timestamp":1741960671000},"page":"1-16","source":"Crossref","is-referenced-by-count":0,"title":["A pol\u00edtica de forma\u00e7\u00e3o inicial de educador de inf\u00e2ncia em Angola: desafios da harmoniza\u00e7\u00e3o curricular","Primary teachers' initial training policies in Angola: curriculum harmonization challenges","Pol\u00edtica de formaci\u00f3n inicial de educaci\u00f3n de la primera infancia en Angola: retos de la armonizaci\u00f3n curricular"],"prefix":"10.14393","author":[{"ORCID":"https:\/\/orcid.org\/0000-0001-7709-4808","authenticated-orcid":false,"given":"Narciso","family":"Dumbo","sequence":"first","affiliation":[]},{"ORCID":"https:\/\/orcid.org\/0000-0002-2371-399X","authenticated-orcid":false,"given":"Teresa","family":"Sarmento","sequence":"additional","affiliation":[]}],"member":"5515","published-online":{"date-parts":[[2025,3,14]]},"container-title":["Revista Educa\u00e7\u00e3o e Pol\u00edticas em Debate"],"original-title":[],"link":[{"URL":"https:\/\/seer.ufu.br\/index.php\/revistaeducaopoliticas\/article\/download\/75578\/40892","content-type":"application\/pdf","content-version":"vor","intended-application":"text-mining"},{"URL":"https:\/\/seer.ufu.br\/index.php\/revistaeducaopoliticas\/article\/download\/75578\/40893","content-type":"application\/pdf","content-version":"vor","intended-application":"text-mining"},{"URL":"https:\/\/seer.ufu.br\/index.php\/revistaeducaopoliticas\/article\/download\/75578\/40892","content-type":"unspecified","content-version":"vor","intended-application":"similarity-checking"}],"deposited":{"date-parts":[[2025,3,14]],"date-time":"2025-03-14T13:57:52Z","timestamp":1741960672000},"score":1,"resource":{"primary":{"URL":"https:\/\/seer.ufu.br\/index.php\/revistaeducaopoliticas\/article\/view\/75578"}},"subtitle":[],"short-title":[],"issued":{"date-parts":[[2025,3,14]]},"references-count":0,"URL":"https:\/\/doi.org\/10.14393\/repod-v13n2a2024-75578","relation":{},"ISSN":["2238-8346"],"issn-type":[{"value":"2238-8346","type":"electronic"}],"subject":[],"published":{"date-parts":[[2025,3,14]]}}}