{"status":"ok","message-type":"work","message-version":"1.0.0","message":{"indexed":{"date-parts":[[2025,2,21]],"date-time":"2025-02-21T22:32:43Z","timestamp":1740177163859,"version":"3.37.3"},"reference-count":0,"publisher":"PPUFU - Portal de Peri\u00f3dicos da Universidade Federal de Uberl\u00e2ndia","issue":"61","content-domain":{"domain":[],"crossmark-restriction":false},"short-container-title":["REVEDFIL"],"published-print":{"date-parts":[[2017,4,30]]},"DOI":"10.14393\/revedfil.issn.0102-6801.v31n61a2017-p283a320","type":"journal-article","created":{"date-parts":[[2018,3,22]],"date-time":"2018-03-22T15:20:20Z","timestamp":1521732020000},"page":"283-320","source":"Crossref","is-referenced-by-count":0,"title":["A essencialidade da autoefic\u00e1cia para a aprendizagem autorregulada"],"prefix":"10.14393","volume":"31","author":[{"ORCID":"https:\/\/orcid.org\/0000-0001-6920-0412","authenticated-orcid":false,"given":"Ab\u00edlio","family":"Afonso Louren\u00e7o","sequence":"first","affiliation":[]},{"given":"Maria","family":"Ol\u00edmpia Almeida Paiva","sequence":"additional","affiliation":[]}],"member":"5515","published-online":{"date-parts":[[2017,4,30]]},"container-title":["Educa\u00e7\u00e3o e Filosofia"],"original-title":[],"deposited":{"date-parts":[[2018,8,16]],"date-time":"2018-08-16T16:05:05Z","timestamp":1534435505000},"score":1,"resource":{"primary":{"URL":"http:\/\/www.seer.ufu.br\/index.php\/EducacaoFilosofia\/article\/view\/28205"}},"subtitle":[],"short-title":[],"issued":{"date-parts":[[2017,4,30]]},"references-count":0,"journal-issue":{"issue":"61","published-online":{"date-parts":[[2017,4,30]]},"published-print":{"date-parts":[[2017,4,30]]}},"URL":"https:\/\/doi.org\/10.14393\/revedfil.issn.0102-6801.v31n61a2017-p283a320","relation":{},"ISSN":["0102-6801","1982-596X"],"issn-type":[{"type":"print","value":"0102-6801"},{"type":"electronic","value":"1982-596X"}],"subject":[],"published":{"date-parts":[[2017,4,30]]}}}