{"status":"ok","message-type":"work","message-version":"1.0.0","message":{"indexed":{"date-parts":[[2022,4,1]],"date-time":"2022-04-01T19:15:46Z","timestamp":1648840546996},"reference-count":0,"publisher":"Associacao Profissional de Conservadores-Restauradores de Portugal","content-domain":{"domain":[],"crossmark-restriction":false},"short-container-title":["Cons. Patrim\u00f3nio"],"DOI":"10.14568\/cp2016032","type":"journal-article","created":{"date-parts":[[2017,4,28]],"date-time":"2017-04-28T10:52:35Z","timestamp":1493376755000},"page":"37-48","source":"Crossref","is-referenced-by-count":1,"title":["Preparing the image: ground layers in Portuguese painting of 15th and 16th centuries &amp;#x2013; engraving and preparation"],"prefix":"10.14568","volume":"27","author":[{"given":"Vanessa","family":"Antunes","sequence":"first","affiliation":[]},{"given":"V\u00edtor","family":"Serr\u00e3o","sequence":"additional","affiliation":[]},{"given":"Jo\u00e3o","family":"Coroado","sequence":"additional","affiliation":[]},{"given":"Maria Lu\u00edsa","family":"Carvalho","sequence":"additional","affiliation":[]}],"member":"5676","published-online":{"date-parts":[[2018]]},"container-title":["Conservar Patrim\u00f3nio"],"original-title":["Preparar a imagem: as camadas de prepara\u00e7\u00e3o na pintura portuguesa dos s\u00e9culos XV-XVI \u2013 a gravura e a prepara\u00e7\u00e3o"],"deposited":{"date-parts":[[2018,1,4]],"date-time":"2018-01-04T15:39:04Z","timestamp":1515080344000},"score":1,"resource":{"primary":{"URL":"http:\/\/revista.arp.org.pt\/pt\/artigos\/2016032.html"}},"subtitle":[],"short-title":[],"issued":{"date-parts":[[2018]]},"references-count":0,"URL":"https:\/\/doi.org\/10.14568\/cp2016032","relation":{},"ISSN":["1646-043X","2182-9942"],"issn-type":[{"value":"1646-043X","type":"print"},{"value":"2182-9942","type":"electronic"}],"subject":[],"published":{"date-parts":[[2018]]}}}