{"status":"ok","message-type":"work","message-version":"1.0.0","message":{"indexed":{"date-parts":[[2025,10,30]],"date-time":"2025-10-30T22:29:27Z","timestamp":1761863367813},"reference-count":0,"publisher":"Sociedad Portuguesa de Psicologia da Saude","issue":"2","content-domain":{"domain":[],"crossmark-restriction":false},"short-container-title":["Psic., Sa\u00fade &amp; Doen\u00e7as"],"DOI":"10.15309\/11psd120211","type":"journal-article","created":{"date-parts":[[2014,10,13]],"date-time":"2014-10-13T19:26:36Z","timestamp":1413228396000},"source":"Crossref","is-referenced-by-count":4,"title":["SOBRECARGA EM CUIDADORES INFORMAIS DE DEPENDENTES DE SUBST\u00c2NCIAS: ADAPTA\u00c7\u00c3O DO CAREGIVER REACTION ASSESSMENT (CRA)"],"prefix":"10.15309","volume":"12","author":[{"given":"M. Gra\u00e7a","family":"Pereira","sequence":"first","affiliation":[]},{"given":"Ant\u00f3nio Jos\u00e9","family":"Soares","sequence":"additional","affiliation":[]}],"member":"6029","published-online":{"date-parts":[[2011,7]]},"container-title":["Psicologia, Sa\u00fade &amp; Doen\u00e7as"],"original-title":["SOBRECARGA EM CUIDADORES INFORMAIS DE DEPENDENTES DE SUBST\u00c2NCIAS: ADAPTA\u00c7\u00c3O DO CAREGIVER REACTION ASSESSMENT (CRA)"],"deposited":{"date-parts":[[2014,10,13]],"date-time":"2014-10-13T19:26:41Z","timestamp":1413228401000},"score":1,"resource":{"primary":{"URL":"http:\/\/sp-ps.pt\/downloads\/download_jornal\/226"}},"subtitle":[],"short-title":[],"issued":{"date-parts":[[2011,7]]},"references-count":0,"journal-issue":{"issue":"2","published-online":{"date-parts":[[2011,7]]}},"URL":"https:\/\/doi.org\/10.15309\/11psd120211","relation":{},"ISSN":["2182-8407"],"issn-type":[{"value":"2182-8407","type":"electronic"}],"subject":[],"published":{"date-parts":[[2011,7]]}}}