{"status":"ok","message-type":"work","message-version":"1.0.0","message":{"indexed":{"date-parts":[[2025,11,30]],"date-time":"2025-11-30T09:14:31Z","timestamp":1764494071696},"reference-count":0,"publisher":"Sociedad Portuguesa de Psicologia da Saude","issue":"2","content-domain":{"domain":[],"crossmark-restriction":false},"short-container-title":["Psic., Sa\u00fade &amp; Doen\u00e7as"],"published-print":{"date-parts":[[2019,6,1]]},"DOI":"10.15309\/19psd200216","type":"journal-article","created":{"date-parts":[[2019,8,17]],"date-time":"2019-08-17T08:29:09Z","timestamp":1566030549000},"page":"476-490","source":"Crossref","is-referenced-by-count":1,"title":["\"VALIDATION FOR PORTUGUESE OF THE  FUNCTIONAL GAIT ASSESSMENT IN PARKINSON'S DISEASE\""],"prefix":"10.15309","volume":"20","author":[{"given":"Leslie","family":"Carvalhosa","sequence":"first","affiliation":[]},{"given":"Patr\u00edcia","family":"Bacelar","sequence":"first","affiliation":[]},{"given":"Margarida","family":"Rodrigues","sequence":"first","affiliation":[]},{"given":"Cl\u00e1udia","family":"Silva","sequence":"first","affiliation":[]},{"given":"Jos\u00e9 Luis","family":"Pais Ribeiro","sequence":"first","affiliation":[]},{"given":"Luisa","family":"Pedro","sequence":"first","affiliation":[]}],"member":"6029","container-title":["Psicologia, Sa\u00fade &amp; Doen\u00e7a"],"original-title":["\"VALIDA\u00c7\u00c3O PARA PORTUGU\u00caS DA  FUNCTIONAL GAIT ASSESSMENT EM DOENTES COM PARKINSON\""],"deposited":{"date-parts":[[2019,8,17]],"date-time":"2019-08-17T08:52:03Z","timestamp":1566031923000},"score":1,"resource":{"primary":{"URL":"https:\/\/www.sp-ps.pt\/downloads\/download_jornal\/652"}},"subtitle":[],"short-title":[],"issued":{"date-parts":[[2019,6,1]]},"references-count":0,"journal-issue":{"issue":"2","published-online":{"date-parts":[[2019,6,1]]}},"URL":"https:\/\/doi.org\/10.15309\/19psd200216","relation":{},"ISSN":["2182-8407"],"issn-type":[{"value":"2182-8407","type":"electronic"}],"subject":[],"published":{"date-parts":[[2019,6,1]]}}}