{"status":"ok","message-type":"work","message-version":"1.0.0","message":{"indexed":{"date-parts":[[2025,2,21]],"date-time":"2025-02-21T22:12:19Z","timestamp":1740175939477,"version":"3.37.3"},"reference-count":31,"publisher":"EDIPUCRS","issue":"1","license":[{"start":{"date-parts":[[2020,10,28]],"date-time":"2020-10-28T00:00:00Z","timestamp":1603843200000},"content-version":"unspecified","delay-in-days":0,"URL":"https:\/\/creativecommons.org\/licenses\/by\/4.0"}],"content-domain":{"domain":[],"crossmark-restriction":false},"short-container-title":["Textos Contextos (Porto Alegre)"],"abstract":"<jats:p>O artigo apresenta parte dos resultados de uma investiga\u00e7\u00e3o relativa ao projeto de coopera\u00e7\u00e3o internacional, envolvendo Brasil e Portugal, referente \u00e0s diferen\u00e7as e similitudes entre as pol\u00edticas familiares de concilia\u00e7\u00e3o entre trabalho profissional e o trabalho familiar direcionadas as fam\u00edlias com chefia feminina. A partir de levantamento bibliogr\u00e1fico, a revis\u00e3o sistem\u00e1tica da literatura na \u00e1rea, identificam-se pontos de aproxima\u00e7\u00e3o e distanciamento entre os autores estudados, como: \u00e0 discuss\u00e3o da implanta\u00e7\u00e3o das pol\u00edticas restritivas de cariz neoliberal e desigualdades entre homens e mulheres; o debate sobre centralidade da fam\u00edlia nas pol\u00edticas sociais nos dois pa\u00edses em an\u00e1lise; as diferentes concep\u00e7\u00f5es de fam\u00edlias e os novos arranjos familiares que se mesclam com o antigo padr\u00e3o de fam\u00edlia patriarcal e, finalmente, aborda as dificuldades da mulher chefe de fam\u00edlia em conciliar forma\u00e7\u00e3o, trabalho profissional e trabalho familiar no atual contexto econ\u00f4mico.<\/jats:p>","DOI":"10.15448\/1677-9509.2020.1.36997","type":"journal-article","created":{"date-parts":[[2020,10,30]],"date-time":"2020-10-30T17:53:21Z","timestamp":1604080401000},"page":"e36997","source":"Crossref","is-referenced-by-count":0,"title":["Pol\u00edticas sociais direcionadas \u00e0s fam\u00edlias com chefia feminina"],"prefix":"10.15448","volume":"19","author":[{"ORCID":"https:\/\/orcid.org\/0000-0002-7841-2086","authenticated-orcid":false,"given":"Adriana de Azevedo","family":"Mathis","sequence":"first","affiliation":[]},{"ORCID":"https:\/\/orcid.org\/0000-0002-2342-2818","authenticated-orcid":false,"given":"Cilene Sebastiana da Concei\u00e7\u00e3o","family":"Braga","sequence":"additional","affiliation":[]},{"ORCID":"https:\/\/orcid.org\/0000-0001-5737-5397","authenticated-orcid":false,"given":"Maria In\u00eas","family":"Amaro","sequence":"additional","affiliation":[]}],"member":"6535","published-online":{"date-parts":[[2020,10,28]]},"reference":[{"unstructured":"ALBUQUERQUE, C. O Estado-provid\u00eancia do s\u00e9culo XXI: um estado retra\u00eddo ou um estado \u201cpan-\u00f3tico\u201d? In: ALBUQUERQUE, C.; LUZ, H. A. (org.). Pol\u00edticas Sociais em Tempos de Crise: perspectiva, tend\u00eancias e quest\u00f5es cr\u00edticas. Lisboa: PACTOR, 2016. p. 3-25.","key":"528585"},{"doi-asserted-by":"crossref","unstructured":"ABR\u00c3O, K. C. L; MIOTO, R. C. T. Pol\u00edticas de -Concilia\u00e7\u00e3o- entre Trabalho e Responsabilidade Familiar: o debate em curso na Europa e na Am\u00e9rica Latina. Textos & Contextos, Porto Alegre, v. 16, p. 313-327, 2017. https:\/\/doi.org\/10.15448\/1677-9509.2017.2.25697","key":"528586","DOI":"10.15448\/1677-9509.2017.2.25697"},{"unstructured":"ALENCAR, M. M. T. Transforma\u00e7\u00f5es econ\u00f4micas e sociais no Brasil dos anos 1990 e seu impacto no \u00e2mbito familiar. In: SALES, M. A.; MATOS, M. C.; LEAL, M. C. (org.). Pol\u00edtica Social e Juventude: uma quest\u00e3o de direitos. 6. ed. S\u00e3o Paulo: Editora Cortez, 2010. p. 61-80.","key":"528587"},{"unstructured":"ANDERSON, P. Espectro: da direita \u00e0 esquerda no mundo das ideias. S\u00e3o Paulo: Editora Boitempo, 2012.","key":"528588"},{"unstructured":"BADINTER, E. O conflito: a mulher e a m\u00e3e. Rio de Janeiro: Editora Record, 2010.","key":"528589"},{"unstructured":"CARVALHO, M. C. B. Fam\u00edlias e pol\u00edticas p\u00fablicas. In: ACOSTA, A. R.; VITALE, M. A. F. (org.). Fam\u00edlia: redes, la\u00e7os e pol\u00edticas p\u00fablicas. S\u00e3o Paulo: Cortez Editora, 2008. p. 231-240.","key":"528590"},{"unstructured":"CASTEL, R. As metamorfoses da quest\u00e3o social: uma cr\u00f4nica do sal\u00e1rio. Rio de Janeiro: Editora Vozes, 2013.","key":"528591"},{"unstructured":"EUROPEAN UNION\u2019S. Research Project Families and societies, 2017. Dispon\u00edvel em: http:\/\/www.familiesandsocieties.eu\/?page_id=110. Acesso em: 20 dez. 2017.","key":"528592"},{"unstructured":"EUROSTAT. Diferen\u00e7a de ganhos globais de g\u00eanero - 2014. Dispon\u00edvel em: http:\/\/ec.europa.eu\/eurostat\/tgm\/table.do?tab=table&init=1&plugin=1&language=en&pcode=teqges01. Acesso em: 25 nov. 2017","key":"528593"},{"unstructured":"FREITAS, R. C. S. Em nome dos filhos, a forma\u00e7\u00e3o de redes de solidariedade - algumas reflex\u00f5es a partir do Caso Acari. Servi\u00e7o Social & Sociedade, S\u00e3o Paulo, n. 71, p. 80-101, 2002.","key":"528594"},{"doi-asserted-by":"crossref","unstructured":"HIRATA, H. A precariza\u00e7\u00e3o e a divis\u00e3o internacional e sexual do trabalho. Sociologias, Porto Alegre, ano 11, n\u00ba 21, p. 24-41, jan.\/jun. 2009. https:\/\/doi.org\/10.1590\/S1517-45222009000100003","key":"528595","DOI":"10.1590\/S1517-45222009000100003"},{"unstructured":"IAMAMOTO, M. Quest\u00e3o social, fam\u00edlia e juventude: desafios do trabalho do assistente social na \u00e1rea sociojur\u00eddica. In: SALES, M. A.; MATOS, M. C.; LEAL, M. C. (org.). Pol\u00edtica Social e Juventude: uma quest\u00e3o de direitos. 6. ed. S\u00e3o Paulo: Editora Cortez, 2010. p. 261- 298.","key":"528596"},{"unstructured":"INSTITUTO BRASILEIRO DE GEOGRAFIA E ESTAT\u00cdSTICA. Pesquisa Nacional por Amostra de Domicilio Cont\u00ednua \u2013 PNAD Continua. Rio de Janeiro: IBGE, 2014.","key":"528597"},{"unstructured":"INSTITUTO BRASILEIRO DE GEOGRAFIA E ESTAT\u00cdSTICA. S\u00edntese de Indicadores Sociais - SIS. Rio de Janeiro: IBGE, 2017. Dispon\u00edvel em: https:\/\/www.ibge.gov.br\/estatisticas-novoportal\/multidominio\/genero\/9221-sintese-de-indicadores-sociais.html?&t=resultados. Acesso em: 28 nov. 2017.","key":"528598"},{"unstructured":"INSTITUTO NACIONAL DE ESTAT\u00cdSTICA DE PORTUGAL. Censo 2011. Lisboa: INE, 2012. Dispon\u00edvel em: http:\/\/censos.ine.pt\/xportal\/xmain?xpid=CENSOS&xpgid=ine_censos_indicador&contexto=ind&indOcorrCod=0006322&selTab=tab10. Acesso em: 12 dez. 2017.","key":"528599"},{"unstructured":"MART\u00cdNEZ HERRERO, M. J. La pol\u00edtica familiar como instrumento de igualdad: distintas concepciones europeas. Lan Harremanak. Revista de Relaciones Laborales, Leioa, n. 18, p. 43-79, 2008.","key":"528600"},{"unstructured":"MIOTO, R. C. T. Novas propostas e velhos princ\u00edpios: a assist\u00eancia \u00e0s fam\u00edlias no contexto de programas de orienta\u00e7\u00e3o e apoio familiar\u201d. In: SALES, M. A.; MATOS, M. C.; LEAL, M. C. (org.). Pol\u00edtica Social e Juventude: uma quest\u00e3o de direitos. 6. ed. S\u00e3o Paulo: Editora Cortez, 2010. p. 43-60.","key":"528601"},{"unstructured":"PIKETTY, Thomas. O capital no s\u00e9culo XXI. Editora Intr\u00ednseca, 2014.","key":"528602"},{"unstructured":"PEREIRA, P. A. Mudan\u00e7as estruturais, pol\u00edtica social e papel da fam\u00edlia: cr\u00edtica ao pluralismo de bem-estar. SALES, M. A.; MATOS, M. C.; LEAL, M. C. (org.). Pol\u00edtica Social e Juventude: uma quest\u00e3o de direitos. 6. ed. S\u00e3o Paulo: Editora Cortez, 2010. p. 25- 42.","key":"528603"},{"unstructured":"MINIST\u00c9RIO DO TRABALHO. Rela\u00e7\u00e3o Anual de Indicadores Sociais \u2013 RAIS. Dispon\u00edvel em: http:\/\/acesso.mte.gov.br\/portal-pdet\/.","key":"528604"},{"unstructured":"ORGANIZA\u00c7\u00c3O DAS NA\u00c7\u00d5ES UNIDAS. Objetivos de Desenvolvimento Sustent\u00e1vel. Rio de Janeiro: ONU, 2015","key":"528605"},{"unstructured":"PERISTA, H. et al. Os usos do tempo de homens e de mulheres em Portugal. Lisboa: DEPP-CIDES, 2016.","key":"528606"},{"doi-asserted-by":"crossref","unstructured":"SALES, C. R. L.; MATHIS, A. A. Precariza\u00e7\u00e3o e feminiza\u00e7\u00e3o do trabalho em Parauapebas no estado do Par\u00e1. Revista em Pauta, Rio de Janeiro, n. 36, v.13, p. 87-103, 2015. https:\/\/doi.org\/10.12957\/rep.2015.21053","key":"528607","DOI":"10.12957\/rep.2015.21053"},{"unstructured":"SANTOS, Y. G. Mulheres chefes de fam\u00edlia entre a autonomia e a depend\u00eancia: um estudo comparativo entre Brasil, Fran\u00e7a e Jap\u00e3o. Tese (Doutorado em Sociologia) - Programa de P\u00f3s-gradua\u00e7\u00e3o em Sociologia. Universidade Estadual de S\u00e3o Paulo, S\u00e3o Paulo, 2008.","key":"528608"},{"unstructured":"SARTI, C. A. Fam\u00edlias enredadas. In: ACOSTA, A. R.; VITALE, M. A. F. (org.). Fam\u00edlia: redes, la\u00e7os e pol\u00edticas p\u00fablicas. S\u00e3o Paulo: Cortez Editora, 2008. p. 21-38.","key":"528609"},{"doi-asserted-by":"crossref","unstructured":"SORJ, B.; FONTES, A.; MACHADO, D. Pol\u00edticas e pr\u00e1ticas de concilia\u00e7\u00e3o entre fam\u00edlia e trabalho no Brasil. Cadernos de Pesquisa, Campinas, v. 37, n.132, p. 573-594, set.\/dez. 2007. https:\/\/doi.org\/10.1590\/S0100-15742007000300004","key":"528610","DOI":"10.1590\/S0100-15742007000300004"},{"unstructured":"SZYMANSKI, H. Viver em fam\u00edlia como experi\u00eancia de cuidado m\u00fatuo: desafios de um mundo em mudan\u00e7a. Servi\u00e7o Social & Sociedade, S\u00e3o Paulo, n. 71, p. 9-25, 2002.","key":"528611"},{"unstructured":"THERBON, G. Sexo e poder: a fam\u00edlia no mundo 1900-2000. S\u00e3o Paulo: Editora Contexto, 2016.","key":"528612"},{"unstructured":"THOMAS, P. O Capital no S\u00e9culo XXI. Lisboa: Temas e Debates, 2014.","key":"528613"},{"unstructured":"WALL, K. et al. Livro Branco: homens e igualdade de g\u00eanero em Portugal. Lisboa: Instituto de Ci\u00eancias Sociais, 2017.","key":"528614"},{"unstructured":"ZOLA, M. Pol\u00edticas Sociais, fam\u00edlia e prote\u00e7\u00e3o social: um estudo acerca das pol\u00edticas familiares em diferentes cidades\/pa\u00edses. In: MIOTO, R. C. T. et al. (org.). Familismo, Direitos e Cidadania: contradi\u00e7\u00f5es da Pol\u00edtica Social. S\u00e3o Paulo: Cortez, 2015.","key":"528615"}],"container-title":["Textos &amp; Contextos (Porto Alegre)"],"original-title":[],"link":[{"URL":"https:\/\/revistaseletronicas.pucrs.br\/index.php\/fass\/article\/download\/36997\/26313","content-type":"application\/pdf","content-version":"vor","intended-application":"text-mining"},{"URL":"https:\/\/revistaseletronicas.pucrs.br\/index.php\/fass\/article\/download\/36997\/26313","content-type":"unspecified","content-version":"vor","intended-application":"similarity-checking"}],"deposited":{"date-parts":[[2020,10,30]],"date-time":"2020-10-30T17:54:43Z","timestamp":1604080483000},"score":1,"resource":{"primary":{"URL":"https:\/\/revistaseletronicas.pucrs.br\/index.php\/fass\/article\/view\/36997"}},"subtitle":["Um estudo da literatura no Brasil e em Portugal"],"short-title":[],"issued":{"date-parts":[[2020,10,28]]},"references-count":31,"journal-issue":{"issue":"1","published-online":{"date-parts":[[2020,10,30]]}},"URL":"https:\/\/doi.org\/10.15448\/1677-9509.2020.1.36997","relation":{},"ISSN":["1677-9509"],"issn-type":[{"type":"electronic","value":"1677-9509"}],"subject":[],"published":{"date-parts":[[2020,10,28]]}}}