{"status":"ok","message-type":"work","message-version":"1.0.0","message":{"indexed":{"date-parts":[[2025,2,21]],"date-time":"2025-02-21T21:42:53Z","timestamp":1740174173614,"version":"3.37.3"},"reference-count":0,"publisher":"Instituto Metodista de Ensino Superior","issue":"1","content-domain":{"domain":[],"crossmark-restriction":false},"short-container-title":["C&amp;S"],"abstract":"<jats:p>As elei\u00e7\u00f5es presidenciais brasileiras de 2018 suscitaram uma grande curiosidade em Portugal e a cobertura jornal\u00edstica da imprensa e das televis\u00f5es, abertas e generalistas, refletem esse interesse. Este artigo procura, na introdu\u00e7\u00e3o, contextualizar os elementos hist\u00f3ricos, culturais, pol\u00edticos e econ\u00f3micos que subjazem \u00e0 interrela\u00e7\u00e3o Portugal-Brasil, pautada por movimentos pendulares humanos cont\u00ednuos. Em seguida, enquadra-se as elei\u00e7\u00f5es brasileiras em tend\u00eancias macro-pol\u00edticas mundiais, tendo em considera\u00e7\u00e3o a crise das democracias no Ocidente, a emerg\u00eancia de governos populistas, autocr\u00e1ticos e autorit\u00e1rios, assim como a utiliza\u00e7\u00e3o\/manipula\u00e7\u00e3o dos Media e das redes sociais. Segue-se o estudo emp\u00edrico sobre a cobertura jornal\u00edstica das Elei\u00e7\u00f5es Presidenciais Brasileiras de 2018, na imprensa (2 di\u00e1rios; 2 seman\u00e1rios e 2 revistas) e na televis\u00e3o (3 telejornais de canais abertos). Os resultados apontam para uma cobertura intensa tanto na imprensa como na televis\u00e3o, com um n\u00famero de not\u00edcias significativo, as quais envolvem correspondentes especiais enviados ao Brasil, comentadores de televis\u00e3o e colunistas de imprensa, para al\u00e9m de testemunhos de personalidades e de cidad\u00e3os comuns portugueses e brasileiros. O clima de estupefac\u00e7\u00e3o e de incredulidade face ao candidato vencedor prevalece n\u00e3o s\u00f3 nas mat\u00e9rias jornal\u00edsticas, como nos coment\u00e1rios e artigos de opini\u00e3o, at\u00e9 ao final da an\u00e1lise realizada, que decorreu de 1 de Setembro a 1 de Dezembro\u00a0 de 2018.\u00a0 \u00a0\u00a0AbstractThe Brazilian presidential elections of 2018 aroused a great curiosity in Portugal and the press and television coverage reflect this interest. This article seeks to contextualize the historical, cultural, political and economic elements that underlie the interrelationship between Portugal and Brazil, guided by continuous human movements. Then, the Brazilian elections are framed in global macro-political trends, taking into account the crisis of democracies in the West, the emergence of populist, autocratic and authoritarian governments, as well as the use \/ manipulation of the Media and social networks. Next we presented the empirical study on the journalistic coverage of the Brazilian Presidential Elections of 2018, in the press (2 daily newspapers, 2 weekly and 2 magazines) and in television (3 open channels of news programs). The results point to intense coverage in both the press and television, with a significant number of news items, which include special correspondents sent to Brazil, television commentators and press columnists, as well as testimonies of personalities and ordinary Portuguese and Brazilians citizens. The atmosphere of stupefaction and disbelief towards the winning candidate prevails not only in journalistic matters, but also in comments and opinion articles, until the end of the review, which took place from 1 September to 1 December 2018.ResumenLas elecciones presidenciales brasile\u00f1as de 2018 motivaron una considerable curiosidad en Portugal y la cobertura de noticias en la prensa y en la televisi\u00f3n, abierta y general, reflejan este inter\u00e9s. En la introducci\u00f3n de este articulo se pretende hacer la contextualizaci\u00f3n de los elementos hist\u00f3ricos, culturales, pol\u00edticas y econ\u00f3micas que subyacen en la interrelaci\u00f3n Portugal-Brasil, enmarcada por los desplazamientos humanos pendulares. A continuaci\u00f3n, se encuadra las elecciones brasile\u00f1as en tendencias macro-pol\u00edticas mundiales, teniendo en cuenta la crisis de las democracias en el Occidente, la emergencia de gobiernos populistas, autocr\u00e1ticos y autoritarios, as\u00ed como la utilizaci\u00f3n \/ manipulaci\u00f3n de los medios y de las redes sociales. Seguidamente se presenta un estudio emp\u00edrico sobre la cobertura period\u00edstica de las Elecciones Presidenciales Brasile\u00f1as de 2018, en la prensa (2 diarios, 2 semanales y 2 revistas) y en la televisi\u00f3n (3 telediarios de canales abiertos). Los resultados apuntan a una fuerte cobertura tanto en la prensa como en la televisi\u00f3n, con una cantidad importante de noticias, cuya producci\u00f3n implic\u00f3 corresponsales especiales enviados a Brasil, comentaristas de televisi\u00f3n y columnistas de la prensa, bien como testimonios tanto de personalidades como de ciudadanos comunes portugueses y brasile\u00f1os. El clima de estupefacci\u00f3n y de incredulidad frente al candidato vencedor prevalece no s\u00f3lo en las materias period\u00edsticas, como en los comentarios y art\u00edculos de opini\u00f3n, hasta el final del an\u00e1lisis realizado, que tuvo lugar entre el 1 de septiembre e el 1 de diciembre de 2018.<\/jats:p>","DOI":"10.15603\/2175-7755\/cs.v42n1p293-326","type":"journal-article","created":{"date-parts":[[2020,9,3]],"date-time":"2020-09-03T13:56:31Z","timestamp":1599141391000},"page":"293-326","source":"Crossref","is-referenced-by-count":0,"title":["As presidenciais brasileiras de 2018 na imprensa e na televis\u00e3o portuguesas"],"prefix":"10.15603","volume":"42","author":[{"given":"Isabel Ferin","family":"Cunha","sequence":"first","affiliation":[]},{"ORCID":"https:\/\/orcid.org\/0000-0002-2372-5165","authenticated-orcid":false,"given":"Ana Santos","family":"Cabrera","sequence":"additional","affiliation":[]}],"member":"6239","published-online":{"date-parts":[[2020,8,26]]},"container-title":["Comunica\u00e7\u00e3o &amp; Sociedade"],"original-title":[],"link":[{"URL":"https:\/\/www.metodista.br\/revistas\/revistas-metodista\/index.php\/CSO\/article\/viewFile\/9353\/7301","content-type":"application\/pdf","content-version":"vor","intended-application":"text-mining"},{"URL":"https:\/\/www.metodista.br\/revistas\/revistas-metodista\/index.php\/CSO\/article\/viewFile\/9353\/7301","content-type":"unspecified","content-version":"vor","intended-application":"similarity-checking"}],"deposited":{"date-parts":[[2020,9,3]],"date-time":"2020-09-03T13:57:59Z","timestamp":1599141479000},"score":1,"resource":{"primary":{"URL":"https:\/\/www.metodista.br\/revistas\/revistas-metodista\/index.php\/CSO\/article\/view\/9353"}},"subtitle":[],"short-title":[],"issued":{"date-parts":[[2020,8,26]]},"references-count":0,"journal-issue":{"issue":"1","published-online":{"date-parts":[[2020,8,26]]}},"URL":"https:\/\/doi.org\/10.15603\/2175-7755\/cs.v42n1p293-326","relation":{},"ISSN":["2175-7755","0101-2657"],"issn-type":[{"type":"electronic","value":"2175-7755"},{"type":"print","value":"0101-2657"}],"subject":[],"published":{"date-parts":[[2020,8,26]]}}}