{"status":"ok","message-type":"work","message-version":"1.0.0","message":{"indexed":{"date-parts":[[2025,2,21]],"date-time":"2025-02-21T23:23:47Z","timestamp":1740180227217,"version":"3.37.3"},"reference-count":0,"publisher":"Instituto Universitario de Lisboa (ISCTE-IUL)","issue":"4","license":[{"start":{"date-parts":[[2017,12,21]],"date-time":"2017-12-21T00:00:00Z","timestamp":1513814400000},"content-version":"unspecified","delay-in-days":0,"URL":"http:\/\/creativecommons.org\/licenses\/by-nc\/2.0\/"}],"content-domain":{"domain":[],"crossmark-restriction":false},"short-container-title":["(OBS*)"],"abstract":"<jats:p>Nos \u00faltimos anos, a produ\u00e7\u00e3o de conte\u00fados para m\u00faltiplas plataformas passou a ser uma realidade na maioria das reda\u00e7\u00f5es, estabelecendo novos m\u00e9todos e pr\u00e1ticas de trabalho. No presente artigo, procura-se perceber como esta moderniza\u00e7\u00e3o est\u00e1 a ser operacionalizada nas reda\u00e7\u00f5es de imprensa portuguesa, focando as altera\u00e7\u00f5es verificadas nas rotinas de produ\u00e7\u00e3o e o modo como os jornalistas se adaptam a estas mesmas transforma\u00e7\u00f5es. A investiga\u00e7\u00e3o pretendeu compreender qual a perce\u00e7\u00e3o da comunidade jornal\u00edstica sobre as mudan\u00e7as em curso e o modo como estas est\u00e3o a ser incorporadas no seu trabalho di\u00e1rio. Atrav\u00e9s da aplica\u00e7\u00e3o de um inqu\u00e9rito por question\u00e1rio foram inquiridos diretores e editores da imprensa generalista e especializada de \u00e2mbito nacional e regional com o intuito de compreender o modo como estes avaliam as pr\u00e1ticas de jornalismo convergente no interior das reda\u00e7\u00f5es. Os resultados mostram que continua a existir uma maior valoriza\u00e7\u00e3o da edi\u00e7\u00e3o impressa por compara\u00e7\u00e3o com as edi\u00e7\u00f5es produzidas para suportes digitais. Por\u00e9m, \u00e9 j\u00e1 evidente o relevo de novas rotinas e pr\u00e1ticas editoriais, bem como o encorajamento que \u00e9 feito junto dos jornalistas para aderirem a novos h\u00e1bitos relacionados com o jornalismo de converg\u00eancia.<\/jats:p>","DOI":"10.15847\/obsobs11420171165","type":"journal-article","created":{"date-parts":[[2019,2,12]],"date-time":"2019-02-12T14:23:43Z","timestamp":1549981423000},"source":"Crossref","is-referenced-by-count":1,"title":["O jornalismo convergente e a reconfigura\u00e7\u00e3o do trabalho  nas reda\u00e7\u00f5es da imprensa portuguesa"],"prefix":"10.15847","volume":"11","author":[{"ORCID":"https:\/\/orcid.org\/0000-0003-4724-550X","authenticated-orcid":false,"given":"Nelson Costa","family":"Ribeiro","sequence":"first","affiliation":[]},{"ORCID":"https:\/\/orcid.org\/0000-0003-3843-0906","authenticated-orcid":false,"given":"Filipe","family":"Resende","sequence":"additional","affiliation":[]}],"member":"6592","published-online":{"date-parts":[[2017,12,21]]},"container-title":["Observatorio (OBS*)"],"original-title":[],"link":[{"URL":"https:\/\/obs.obercom.pt\/index.php\/obs\/article\/download\/1165\/pdf","content-type":"application\/pdf","content-version":"vor","intended-application":"text-mining"},{"URL":"https:\/\/obs.obercom.pt\/index.php\/obs\/article\/download\/1165\/pdf","content-type":"unspecified","content-version":"vor","intended-application":"similarity-checking"}],"deposited":{"date-parts":[[2022,8,30]],"date-time":"2022-08-30T19:05:50Z","timestamp":1661886350000},"score":1,"resource":{"primary":{"URL":"https:\/\/obs.obercom.pt\/index.php\/obs\/article\/view\/1165"}},"subtitle":[],"short-title":[],"issued":{"date-parts":[[2017,12,21]]},"references-count":0,"journal-issue":{"issue":"4","published-online":{"date-parts":[[2017,12,21]]}},"URL":"https:\/\/doi.org\/10.15847\/obsobs11420171165","relation":{},"ISSN":["1646-5954"],"issn-type":[{"type":"electronic","value":"1646-5954"}],"subject":[],"published":{"date-parts":[[2017,12,21]]}}}