{"status":"ok","message-type":"work","message-version":"1.0.0","message":{"indexed":{"date-parts":[[2023,10,5]],"date-time":"2023-10-05T09:53:32Z","timestamp":1696499612065},"reference-count":0,"publisher":"Instituto Universitario de Lisboa (ISCTE-IUL)","issue":"2","content-domain":{"domain":[],"crossmark-restriction":false},"short-container-title":["(OBS*)"],"abstract":"<jats:p>O estudo explorat\u00f3rio que apresentamos neste texto \u00e9 resultado da an\u00e1lise qualitativa de cinco not\u00edcias sobre casos de corrup\u00e7\u00e3o em Portugal e no Brasil, que foram interrelacionados pela investiga\u00e7\u00e3o judici\u00e1ria, com desdobramentos em Angola, um pa\u00eds africano de l\u00edngua portuguesa. A cobertura jornal\u00edstica e a mediatiza\u00e7\u00e3o desta problem\u00e1tica foram investigadas num projecto desenvolvido em Portugal e no Brasil entre 2012 e 2015. Neste artigo, pretendemos analisar: como as redes de sociabilidade s\u00e3o descritas nos textos e na infografia que o acompanha; como os relacionamentos entre institui\u00e7\u00f5es e atores do Espa\u00e7o Lus\u00f3fono s\u00e3o desenhados na not\u00edcia e em sua infografia; a articula\u00e7\u00e3o entre cobertura de not\u00edcias e infografia (Gray, Chambers and Bounegru, 2012). Assumimos que os infogr\u00e1ficos que acompanham o texto jornal\u00edstico s\u00e3o dispositivos para a mediatiza\u00e7\u00e3o da corrup\u00e7\u00e3o e da pol\u00edtica (Stromback, 2008; Hepp, 2012). Portugal, Brasil e Angola integram o Espa\u00e7o Lus\u00f3fono, um espa\u00e7o regional dentro da globaliza\u00e7\u00e3o, com ra\u00edzes hist\u00f3ricas no imp\u00e9rio colonial portugu\u00eas, caracterizado pela partilha de l\u00ednguas e a proximidade cultural (Straubhaar, 1991; Davis, Straubhaar, Cunha, 2016).<\/jats:p>","DOI":"10.15847\/obsobs12220181151","type":"journal-article","created":{"date-parts":[[2018,6,4]],"date-time":"2018-06-04T18:19:40Z","timestamp":1528136380000},"source":"Crossref","is-referenced-by-count":2,"title":["As not\u00edcias sobre corrup\u00e7\u00e3o e as redes de sociabilidade: um estudo explorat\u00f3rio em Portugal, Brasil e Angola"],"prefix":"10.15847","volume":"12","author":[{"given":"Isabel Ferin","family":"Cunha","sequence":"first","affiliation":[]},{"given":"Bruno","family":"Ara\u00fajo","sequence":"additional","affiliation":[]}],"member":"6592","published-online":{"date-parts":[[2018,6,4]]},"container-title":["Observatorio (OBS*)"],"original-title":[],"link":[{"URL":"https:\/\/obs.obercom.pt\/index.php\/obs\/article\/download\/1151\/pdf","content-type":"application\/pdf","content-version":"vor","intended-application":"text-mining"},{"URL":"https:\/\/obs.obercom.pt\/index.php\/obs\/article\/download\/1151\/pdf","content-type":"unspecified","content-version":"vor","intended-application":"similarity-checking"}],"deposited":{"date-parts":[[2022,8,30]],"date-time":"2022-08-30T19:02:07Z","timestamp":1661886127000},"score":1,"resource":{"primary":{"URL":"https:\/\/obs.obercom.pt\/index.php\/obs\/article\/view\/1151"}},"subtitle":[],"short-title":[],"issued":{"date-parts":[[2018,6,4]]},"references-count":0,"journal-issue":{"issue":"2","published-online":{"date-parts":[[2018,6,4]]}},"URL":"https:\/\/doi.org\/10.15847\/obsobs12220181151","relation":{},"ISSN":["1646-5954"],"issn-type":[{"value":"1646-5954","type":"electronic"}],"subject":[],"published":{"date-parts":[[2018,6,4]]}}}