{"status":"ok","message-type":"work","message-version":"1.0.0","message":{"indexed":{"date-parts":[[2022,8,31]],"date-time":"2022-08-31T04:13:51Z","timestamp":1661919231425},"reference-count":0,"publisher":"Instituto Universitario de Lisboa (ISCTE-IUL)","issue":"2","content-domain":{"domain":[],"crossmark-restriction":false},"short-container-title":["(OBS*)"],"abstract":"<jats:p>Este artigo versa sobre o modo como alguns jornais internacionais abordam o fen\u00f3meno da mobilidade de portugueses qualificados. Assente numa an\u00e1lise da literatura sobre a hist\u00f3ria, as motiva\u00e7\u00f5es e os impactos da mobilidade de qualificados, assim como nos estudos sobre a cobertura medi\u00e1tica dos fen\u00f3menos migrat\u00f3rios, assume-se que a mobilidade dos profissionais qualificados constitui um fen\u00f3meno de relev\u00e2ncia politica e ideol\u00f3gica suscept\u00edvel de v\u00e1rias interpreta\u00e7\u00f5es. Nessa linha, e na base de um estudo dos conte\u00fados de v\u00e1rios jornais internacionais, conclui-se que o tratamento medi\u00e1tico do fen\u00f3meno da mobilidade de portugueses assenta em referenciais coloniais e imperialistas atrav\u00e9s dos quais as mobilidades para pa\u00edses como o Brasil e Angola s\u00e3o apresentadas como negativas e depreciativas.<\/jats:p>","DOI":"10.15847\/obsobs922015843","type":"journal-article","created":{"date-parts":[[2022,8,24]],"date-time":"2022-08-24T19:30:29Z","timestamp":1661369429000},"source":"Crossref","is-referenced-by-count":0,"title":["Um olhar sobre as mobilidades de profissionais qualificados portugueses nos media estrangeiros"],"prefix":"10.15847","volume":"9","author":[{"given":"Em\u00edlia","family":"Ara\u00fajo","sequence":"first","affiliation":[]},{"given":"Filipe","family":"Ferreira","sequence":"additional","affiliation":[]}],"member":"6592","published-online":{"date-parts":[[2015,4,15]]},"container-title":["Observatorio (OBS*)"],"original-title":[],"link":[{"URL":"https:\/\/obs.obercom.pt\/index.php\/obs\/article\/download\/843\/715","content-type":"application\/pdf","content-version":"vor","intended-application":"text-mining"},{"URL":"https:\/\/obs.obercom.pt\/index.php\/obs\/article\/download\/843\/715","content-type":"unspecified","content-version":"vor","intended-application":"similarity-checking"}],"deposited":{"date-parts":[[2022,8,30]],"date-time":"2022-08-30T19:30:06Z","timestamp":1661887806000},"score":1,"resource":{"primary":{"URL":"https:\/\/obs.obercom.pt\/index.php\/obs\/article\/view\/843"}},"subtitle":[],"short-title":[],"issued":{"date-parts":[[2015,4,15]]},"references-count":0,"journal-issue":{"issue":"2","published-online":{"date-parts":[[2015,6,2]]}},"URL":"https:\/\/doi.org\/10.15847\/obsobs922015843","relation":{},"ISSN":["1646-5954"],"issn-type":[{"value":"1646-5954","type":"electronic"}],"subject":[],"published":{"date-parts":[[2015,4,15]]}}}