{"status":"ok","message-type":"work","message-version":"1.0.0","message":{"indexed":{"date-parts":[[2026,3,5]],"date-time":"2026-03-05T23:56:57Z","timestamp":1772755017559,"version":"3.50.1"},"reference-count":30,"publisher":"FapUNIFESP (SciELO)","issue":"3","content-domain":{"domain":[],"crossmark-restriction":false},"short-container-title":["Rev. Bras. Enferm."],"published-print":{"date-parts":[[2017,6]]},"abstract":"<jats:p>ABSTRACT Objective: to describe the care path of the person with stroke goes through and to identify the important events in this path. Method: qualitative descriptive exploratory research, using the semi-structured interview technique based on Meleis's Middle-Range Theory. The sample was composed of 13 people who became dependent after a stroke and were admitted to two hospital units in the region of Vale do Ave, Portugal. Data were collected between January and October 2013. Content analysis was used to analyze the data. Results: The data revealed that the person's care path goes from recognition of the symptoms to preparation for hospital discharge. Adapting to the new situation of dependence brings the need for new competencies. Final considerations: The research aims to contribute to the improvement of nursing care regarding care for people with stroke including onset, recovery and rehabilitation, and home care.<\/jats:p>","DOI":"10.1590\/0034-7167-2016-0579","type":"journal-article","created":{"date-parts":[[2017,5,28]],"date-time":"2017-05-28T15:21:41Z","timestamp":1495984901000},"page":"495-503","source":"Crossref","is-referenced-by-count":19,"title":["Care path of person with stroke: from onset to rehabilitation"],"prefix":"10.1590","volume":"70","author":[{"given":"Ana da Concei\u00e7\u00e3o Alves","family":"Faria","sequence":"first","affiliation":[{"name":"Centro Hospitalar do M\u00e9dio Ave Vila Nova Famalic\u00e3o, Portugal"}]},{"given":"Maria Manuela Ferreira Pereira da Silva","family":"Martins","sequence":"additional","affiliation":[{"name":"Porto Nursing School, Portugal"}]},{"given":"Soraia Dornelles","family":"Schoeller","sequence":"additional","affiliation":[{"name":"Universidade Federal de Santa Catarina, Brazil"}]},{"given":"Leandro Oliveira de","family":"Matos","sequence":"additional","affiliation":[{"name":"Secretaria do Estado de Sa\u00fade de Santa Catarina, Brazil"}]}],"member":"530","reference":[{"issue":"1","key":"ref1","doi-asserted-by":"crossref","first-page":"e2","DOI":"10.1161\/CIR.0b013e31823ac046","article-title":"Heart disease and stroke statistics--2012 update: a report from the American Heart Association","volume":"125","author":"Roger VL","year":"2012","journal-title":"Circulation"},{"key":"ref2","series-title":"Banco de Dados do Sistema \u00danico de Sa\u00fade - DATASUS","year":"2012"},{"key":"ref3","series-title":"Acidente Vascular Encef\u00e1lico: Itiner\u00e1rios Cl\u00ednicos","year":"2010"},{"issue":"6","key":"ref4","first-page":"329","article-title":"Implementation of a regional system for the emergency care of acute ischemic stroke: Initial results","volume":"33","author":"Oliveira MS","year":"2014","journal-title":"Rev Port Cardiol"},{"issue":"2","key":"ref5","first-page":"205","article-title":"Quality of life of patients with stroke rehabilitation","volume":"26","author":"Rangel ESS","year":"2013","journal-title":"Acta Paul Enferm"},{"key":"ref6","series-title":"Avalia\u00e7\u00e3o do desempenho dos hospitais p\u00fablicos (Internamento) em Portugal Continental: 2012: s\u00edntese: vers\u00e3o provis\u00f3ria","author":"Costa C","year":"2014"},{"issue":"25","key":"ref7","doi-asserted-by":"crossref","first-page":"837","DOI":"10.1590\/S0034-71672010000500023","article-title":"Cuidados domiciliares ao idoso que sofreu Acidente Vascular Encef\u00e1lico","volume":"63","author":"Pedreira LC","year":"2010","journal-title":"Rev Bras Enferm"},{"issue":"6","key":"ref8","doi-asserted-by":"crossref","first-page":"2262","DOI":"10.1161\/STROKEAHA.108.544163","article-title":"European cooperative acute stroke study III: Support for and questions about a truly emerging therapy","volume":"40","author":"Fisher M","year":"2009","journal-title":"Stroke"},{"key":"ref9","series-title":"Recomenda\u00e7\u00f5es para o tratamento do AVE isqu\u00e9mico","year":"2008"},{"key":"ref10","series-title":"Doen\u00e7as c\u00e9rebro-cardiovasculares em n\u00fameros - 2013. Programa Nacional para as doen\u00e7as cardiovasculares","year":"2013"},{"key":"ref11","series-title":"Nursing research Methodology","first-page":"237","volume-title":"Transition: a nursing concern","author":"Chick N","year":"1986"},{"key":"ref12","series-title":"Transitions: Making Sense of Life's Changes","author":"Bridges W","year":"2004"},{"issue":"3","key":"ref13","doi-asserted-by":"crossref","first-page":"320","DOI":"10.1111\/j.1365-2648.2006.03899.x","article-title":"Transition: A literature review","volume":"55","author":"Kralik D","year":"2006","journal-title":"JAN"},{"issue":"spe","key":"ref14","doi-asserted-by":"crossref","first-page":"216","DOI":"10.1590\/S0104-11692013000700027","article-title":"Transition of care for the elderly after cerebrovascular accidents: from hospital to the home","volume":"2","author":"Rodrigues RAP","year":"2013","journal-title":"Rev Latino-Am Enfermagem"},{"key":"ref15","series-title":"Regulamento das compet\u00eancias espec\u00edficas do enfermeiro especialista em enfermagem de reabilita\u00e7\u00e3o","year":"2010"},{"issue":"2","key":"ref16","doi-asserted-by":"crossref","first-page":"139","DOI":"10.34024\/rnc.2010.v18.8480","article-title":"Qualidade de vida em pacientes com Acidente Vascular Encef\u00e1lico: Cl\u00ednica de fisioterapia Puc Minas Betim","volume":"18","author":"Scalzo PL","year":"2010","journal-title":"Rev Neuroci\u00eanc"},{"key":"ref17","series-title":"Enfermagem de Reabilita\u00e7\u00e3o: preven\u00e7\u00e3o, interven\u00e7\u00e3o e resultados esperados","author":"Hoeman S","year":"2011","edition":"4th ed"},{"key":"ref18","series-title":"Reabilita\u00e7\u00e3o da Pessoa com AVC","author":"Branco T","year":"2010"},{"issue":"6","key":"ref19","doi-asserted-by":"crossref","first-page":"349","DOI":"10.1093\/intqhc\/mzm042","article-title":"Consolidated criteria for reporting qualitative research (COREQ): a 32-item checklist for interviews and focus groups","volume":"19","author":"Tong A","year":"2007","journal-title":"Int J Qual Health Care"},{"issue":"1","key":"ref20","doi-asserted-by":"crossref","first-page":"12","DOI":"10.1097\/00012272-200009000-00006","article-title":"Experiencing transitions: an emerging middle-range theory","volume":"23","author":"Meleis AI","year":"2000","journal-title":"Adv Nurs Sci"},{"key":"ref21","series-title":"An\u00e1lise de conte\u00fado","author":"Bardin L","year":"2015"},{"issue":"9","key":"ref22","doi-asserted-by":"crossref","first-page":"2048","DOI":"10.1161\/01.STR.0000137606.34301.13","article-title":"Prospective Community-based study of Stroke in Northern Portugal: incidence and case fatality in rural and urban populations","volume":"35","author":"Correia M","year":"2004","journal-title":"Stroke"},{"issue":"3","key":"ref23","doi-asserted-by":"crossref","first-page":"580","DOI":"10.1111\/j.1365-2648.2011.05759.x","article-title":"Eating difficulties among patients 3 months after stroke in relation to the acute phase","volume":"68","author":"Medin J","year":"2012","journal-title":"J Adv Nurs"},{"issue":"5","key":"ref24","first-page":"666","article-title":"Evaluation of functional capacity in elders with encephalic vascular accident","volume":"22","author":"Cruz KCT","year":"2009","journal-title":"Acta Paul Enferm"},{"issue":"1","key":"ref25","first-page":"19","article-title":"Factores relacionados con la mortalidad y las discapacidades en la hemorragia cerebral parenquimatosa espont\u00e1nea","volume":"5","author":"Arg\u00fcelles JL","year":"2015","journal-title":"Rev Cubana Neurol Neurocir"},{"issue":"19","key":"ref26","doi-asserted-by":"crossref","first-page":"1662","DOI":"10.1212\/WNL.0b013e318219fb30","article-title":"Population-based study of wake-up strokes","volume":"76","author":"Mackey J","year":"2011","journal-title":"Neurology"},{"issue":"143","key":"ref27","article-title":"Rela\u00e7\u00e3o entre a Imagem Corporal e Defici\u00eancia F\u00edsica. Uma pesquisa Bibliogr\u00e1fica","volume":"15","author":"Alves MLT","year":"2010","journal-title":"Efdeportes Rev Dig"},{"issue":"2-3","key":"ref28","doi-asserted-by":"crossref","first-page":"231","DOI":"10.1159\/000097646","article-title":"Helsingborg Declaration 2006 on European stroke strategies","volume":"23","author":"Kjellstr\u00f6m T","year":"2007","journal-title":"Cerebrovasc Dis"},{"key":"ref29","series-title":"A Rede, O que \u00e9 a RNCC, Rede Nacional de Cuidados Continuados Integrados?","year":"2010"},{"key":"ref30","series-title":"A pessoa ap\u00f3s AVC: transi\u00e7\u00e3o da autonomia para a depend\u00eancia","author":"Faria ACA","year":"2014"}],"container-title":["Revista Brasileira de Enfermagem"],"original-title":[],"link":[{"URL":"http:\/\/www.scielo.br\/pdf\/reben\/v70n3\/0034-7167-reben-70-03-0495.pdf","content-type":"unspecified","content-version":"vor","intended-application":"similarity-checking"}],"deposited":{"date-parts":[[2020,10,8]],"date-time":"2020-10-08T19:21:52Z","timestamp":1602184912000},"score":1,"resource":{"primary":{"URL":"http:\/\/www.scielo.br\/scielo.php?script=sci_arttext&pid=S0034-71672017000300495&lng=en&tlng=en"}},"subtitle":[],"short-title":[],"issued":{"date-parts":[[2017,6]]},"references-count":30,"journal-issue":{"issue":"3","published-print":{"date-parts":[[2017,6]]}},"alternative-id":["S0034-71672017000300495"],"URL":"https:\/\/doi.org\/10.1590\/0034-7167-2016-0579","relation":{},"ISSN":["0034-7167"],"issn-type":[{"value":"0034-7167","type":"electronic"}],"subject":[],"published":{"date-parts":[[2017,6]]}}}