{"status":"ok","message-type":"work","message-version":"1.0.0","message":{"indexed":{"date-parts":[[2025,7,30]],"date-time":"2025-07-30T14:59:42Z","timestamp":1753887582478,"version":"3.41.2"},"reference-count":16,"publisher":"FapUNIFESP (SciELO)","issue":"6","license":[{"start":{"date-parts":[[2023,1,1]],"date-time":"2023-01-01T00:00:00Z","timestamp":1672531200000},"content-version":"vor","delay-in-days":0,"URL":"http:\/\/creativecommons.org\/licenses\/by\/4.0\/"},{"start":{"date-parts":[[2023,1,1]],"date-time":"2023-01-01T00:00:00Z","timestamp":1672531200000},"content-version":"am","delay-in-days":0,"URL":"http:\/\/creativecommons.org\/licenses\/by\/4.0\/"},{"start":{"date-parts":[[2023,1,1]],"date-time":"2023-01-01T00:00:00Z","timestamp":1672531200000},"content-version":"tdm","delay-in-days":0,"URL":"http:\/\/creativecommons.org\/licenses\/by\/4.0\/"}],"content-domain":{"domain":[],"crossmark-restriction":false},"short-container-title":["Rev. Bras. Enferm."],"abstract":"<jats:p>RESUMO  Objetivo: Identificar as compet\u00eancias de lideran\u00e7a dos Enfermeiros Especialistas em Enfermagem M\u00e9dico-Cir\u00fargica.  M\u00e9todos: Estudo quantitativo, descritivo, utilizando o Question\u00e1rio de Compet\u00eancias de Lideran\u00e7a. Participaram 311 Enfermeiros Especialistas em Enfermagem M\u00e9dico-Cir\u00fargica portugueses. Na an\u00e1lise de dados, recorreu-se \u00e0 an\u00e1lise estat\u00edstica descritiva e inferencial atrav\u00e9s do programa Statistical Package for Social Sciences (SPSS), vers\u00e3o 22.0.  Resultados: Os participantes do estudo t\u00eam uma autopercep\u00e7\u00e3o acima da m\u00e9dia da escala (m\u00e9dia=3,5) em todos os pap\u00e9is de lideran\u00e7a, reconhecendo suas compet\u00eancias de lideran\u00e7a. As compet\u00eancias de lideran\u00e7a dos Enfermeiros Especialistas em Enfermagem M\u00e9dico-Cir\u00fargica est\u00e3o equilibradas entre todos os pap\u00e9is: Mentor (5,80\u00b11,02), Coordenador (5,53\u00b10,86), Facilitador (5,38\u00b11,04), Inovador (5,34\u00b10,88), Diretor (5,31\u00b11,10), Produtor (5,30\u00b10,98), Monitor (5,15\u00b11,00), Corretor (4,79\u00b11,29).  Conclus\u00f5es: A pr\u00e1tica de uma enfermagem especializada aumenta a percep\u00e7\u00e3o das compet\u00eancias de lideran\u00e7a do enfermeiro sobre si pr\u00f3prio. Os Enfermeiros veem-se assim como l\u00edderes voltados para uma orienta\u00e7\u00e3o interna de apoio do esfor\u00e7o coletivo e facilitador de oportunidades e desenvolvimento de compet\u00eancias.<\/jats:p>","DOI":"10.1590\/0034-7167-2022-0721pt","type":"journal-article","created":{"date-parts":[[2023,12,4]],"date-time":"2023-12-04T11:02:04Z","timestamp":1701687724000},"source":"Crossref","is-referenced-by-count":0,"title":["Compet\u00eancias de Lideran\u00e7a do Enfermeiro Especialista em Enfermagem M\u00e9dico-Cir\u00fargica"],"prefix":"10.1590","volume":"76","author":[{"ORCID":"https:\/\/orcid.org\/0000-0001-7463-5904","authenticated-orcid":false,"given":"Marina Filipa Silveira","family":"Pires","sequence":"first","affiliation":[{"name":"Hospital de Santo Esp\u00edrito da Ilha Terceira,  Portugal"}]},{"ORCID":"https:\/\/orcid.org\/0000-0002-3687-7539","authenticated-orcid":false,"given":"Romana Silva","family":"Lopes","sequence":"additional","affiliation":[{"name":"Hospital de Santo Esp\u00edrito da Ilha Terceira,  Portugal"}]},{"ORCID":"https:\/\/orcid.org\/0000-0003-2733-883X","authenticated-orcid":false,"given":"Cl\u00e1udia Sofia Fernandes","family":"Caetano","sequence":"additional","affiliation":[{"name":"Centro Hospitalar e Universit\u00e1rio de Coimbra,  Portugal"}]},{"ORCID":"https:\/\/orcid.org\/0000-0003-3357-7984","authenticated-orcid":false,"given":"Liliana Andreia Neves da","family":"Mota","sequence":"additional","affiliation":[{"name":"Escola Superior de Sa\u00fade Norte da Cruz Vermelha,  Portugal"}]},{"ORCID":"https:\/\/orcid.org\/0000-0002-1142-3258","authenticated-orcid":false,"given":"Fernanda Maria Pr\u00edncipe Bastos","family":"Ferreira","sequence":"additional","affiliation":[{"name":"Escola Superior de Sa\u00fade Norte da Cruz Vermelha,  Portugal"}]}],"member":"530","published-online":{"date-parts":[[2023]]},"reference":[{"key":"ref1","first-page":"52","article-title":"Autopercep\u00e7\u00e3o sobre a intelig\u00eancia emocional no ambiente organizacional","author":"Batista LSP.","year":"2018","journal-title":"Instituto Federal de Educa\u00e7\u00e3o, Ci\u00eancia e Tecnologia de S\u00e3o Paulo"},{"key":"ref2","series-title":"School Leadership: perceptions and actions","first-page":"272","author":"Schmidt G.","year":"2009"},{"issue":"1","key":"ref3","first-page":"51","article-title":"Leadership roles of nurse managers from the Portuguese nurse\u2019s viewpoint","volume":"8","author":"Mota L","year":"2021","journal-title":"Nurs Pract Today"},{"key":"ref4","doi-asserted-by":"crossref","first-page":"100127","DOI":"10.1016\/j.sctalk.2023.100127","article-title":"Nursing leadership in hospital practice: a research program into perceptions, experiences, and self-assessment of leadership competencies of nurses in a top-clinical hospital in the Netherlands","volume":"5","author":"Cingel M","year":"2023","journal-title":"Sci Talks"},{"issue":"11","key":"ref5","first-page":"57","article-title":"A efic\u00e1cia da pr\u00e1tica do enfermeiro l\u00edder cl\u00ednico: revis\u00e3o sistem\u00e1tica da literatura","volume":"2","author":"Carvalho MC","year":"2020","journal-title":"Rev Millenium"},{"issue":"1","key":"ref6","doi-asserted-by":"crossref","first-page":"80","DOI":"10.4037\/aacnacc2020968","article-title":"Role of the Clinical Nurse Specialist in Supporting a Healthy Work Environment","volume":"31","author":"Ulit MJ","year":"2020","journal-title":"Adv Crit Care"},{"issue":"3","key":"ref7","first-page":"651","article-title":"Lideran\u00e7a do enfermeiro: uma revis\u00e3o integrativa da literatura","volume":"19","author":"Lanzoni GMM","year":"2011","journal-title":"Rev Latino-Am Enfermagem"},{"issue":"6","key":"ref8","first-page":"1","article-title":"Aspectos positivos da lideran\u00e7a aut\u00eantica no trabalho do enfermeiro: revis\u00e3o integrativa","volume":"73","author":"Maziero V","year":"2019","journal-title":"Rev Bras Enferm"},{"issue":"7","key":"ref9","doi-asserted-by":"crossref","first-page":"1","DOI":"10.33448\/rsd-v10i7.16317","article-title":"Forma\u00e7\u00e3o do enfermeiro l\u00edder a partir da pedagogia de Schoenstatt: desafios e perspectivas","volume":"10","author":"Atar\u00e3o FC","year":"2021","journal-title":"Res, Soc Develop"},{"issue":"3","key":"ref10","first-page":"2016","article-title":"A utiliza\u00e7\u00e3o de instrumentos para avalia\u00e7\u00e3o da lideran\u00e7a nos servi\u00e7os de sa\u00fade e enfermagem","volume":"38","author":"Carrara GLR","year":"2017","journal-title":"Rev Ga\u00facha Enferm"},{"issue":"1","key":"ref11","first-page":"381","article-title":"Effect of Leadership Behaviours of Nurse Managers on Nurses\u2019 Work Motivation","volume":"13","author":"Demirhan BS","year":"2020","journal-title":"Int J Caring Sci[internet]"},{"issue":"1","key":"ref12","doi-asserted-by":"crossref","first-page":"1","DOI":"10.1159\/000486471","article-title":"Instrumento de avalia\u00e7\u00e3o das compet\u00eancias de lideran\u00e7a nas chefias de enfermagem: estudo das propriedades psicom\u00e9tricas","volume":"36","author":"Sousa T","year":"2018","journal-title":"Port J Public Health"},{"key":"ref13","first-page":"4744","article-title":"Regulamento das Compet\u00eancias Comuns do Enfermeiro Especialista","year":"2019","journal-title":"Di\u00e1rio da Rep\u00fablica Portuguesa"},{"key":"ref14","series-title":"In: Competitividade, Responsabilidade Social e Qualidade de Vida","volume-title":"Lideran\u00e7a em contexto de organiza\u00e7\u00f5es de sa\u00fade: um instrumento de avalia\u00e7\u00e3o [dataset]","author":"Parreira PM","year":"2018"},{"issue":"4","key":"ref15","first-page":"1","article-title":"Lideran\u00e7a aut\u00eantica entre profissionais de enfermagem: conhecimento e perfil","volume":"73","author":"Mondini CCSD","year":"2020","journal-title":"Rev Bras Enferm"},{"issue":"4","key":"ref16","first-page":"57","article-title":"Leadership and nurse\u2019s satisfaction with supervision","volume":"4","author":"Melo R","year":"2015","journal-title":"J Hosp Adm"}],"container-title":["Revista Brasileira de Enfermagem"],"original-title":["Leadership Competencies of the Medical-Surgical Nursing Specialist Nurse"],"link":[{"URL":"http:\/\/www.scielo.br\/scielo.php?script=sci_pdf&pid=S0034-71672023001000207&tlng=pt","content-type":"unspecified","content-version":"vor","intended-application":"similarity-checking"}],"deposited":{"date-parts":[[2023,12,4]],"date-time":"2023-12-04T11:02:30Z","timestamp":1701687750000},"score":1,"resource":{"primary":{"URL":"http:\/\/www.scielo.br\/scielo.php?script=sci_arttext&pid=S0034-71672023001000207&tlng=pt"}},"subtitle":[],"short-title":[],"issued":{"date-parts":[[2023]]},"references-count":16,"journal-issue":{"issue":"6","published-online":{"date-parts":[[2023]]}},"alternative-id":["S0034-71672023001000207"],"URL":"https:\/\/doi.org\/10.1590\/0034-7167-2022-0721pt","relation":{"has-translation":[{"id-type":"doi","id":"10.1590\/0034-7167-2022-0721","asserted-by":"subject"}]},"ISSN":["1984-0446","0034-7167"],"issn-type":[{"type":"electronic","value":"1984-0446"},{"type":"print","value":"0034-7167"}],"subject":[],"published":{"date-parts":[[2023]]},"article-number":"e20220721"}}