{"status":"ok","message-type":"work","message-version":"1.0.0","message":{"indexed":{"date-parts":[[2026,2,27]],"date-time":"2026-02-27T22:49:58Z","timestamp":1772232598610,"version":"3.50.1"},"reference-count":31,"publisher":"FapUNIFESP (SciELO)","issue":"suppl 2","license":[{"start":{"date-parts":[[2024,1,1]],"date-time":"2024-01-01T00:00:00Z","timestamp":1704067200000},"content-version":"vor","delay-in-days":0,"URL":"http:\/\/creativecommons.org\/licenses\/by\/4.0\/"},{"start":{"date-parts":[[2024,1,1]],"date-time":"2024-01-01T00:00:00Z","timestamp":1704067200000},"content-version":"am","delay-in-days":0,"URL":"http:\/\/creativecommons.org\/licenses\/by\/4.0\/"},{"start":{"date-parts":[[2024,1,1]],"date-time":"2024-01-01T00:00:00Z","timestamp":1704067200000},"content-version":"tdm","delay-in-days":0,"URL":"http:\/\/creativecommons.org\/licenses\/by\/4.0\/"}],"content-domain":{"domain":[],"crossmark-restriction":false},"short-container-title":["Rev. Bras. Enferm."],"abstract":"<jats:p>ABSTRACT  Objective: to comparatively analyze the health, education and social development systems of Brazil and Portugal, their relationship with the Sustainable Development Goals and the Organization for Economic Cooperation and Development averages.  Method: exploratory and descriptive qualitative research, through documentary analysis. The indicators address health, education and social development, considering life expectancy, mortality, prevalence of chronic diseases, literacy, educational performance and poverty rates.  Results: indicate significant differences between countries. Portugal presents better indicators in life expectancy, educational quality and poverty rates, whereas Brazil faces greater challenges in chronic diseases and equity in access to healthcare services.  Final considerations: the importance of public policies adapted to local realities and the need for a strategic vision for healthcare systems aligned with the Sustainable Development Goals, in addition to the need for continuous investments and integration of digital health for efficient and equitable systems, stand out.<\/jats:p>","DOI":"10.1590\/0034-7167-2024-0047","type":"journal-article","created":{"date-parts":[[2025,2,21]],"date-time":"2025-02-21T02:15:08Z","timestamp":1740104108000},"source":"Crossref","is-referenced-by-count":1,"title":["Brazil-Portugal Comparison: Education, Health and Social Development in light of the Sustainable Development Goals"],"prefix":"10.1590","volume":"77","author":[{"ORCID":"https:\/\/orcid.org\/0000-0003-1480-1231","authenticated-orcid":false,"given":"Felipa Rafaela","family":"Amadigi","sequence":"first","affiliation":[{"name":"Universidade Federal de Santa Catarina,  Brazil"}]},{"ORCID":"https:\/\/orcid.org\/0000-0003-0828-7969","authenticated-orcid":false,"given":"Monica Motta","family":"Lino","sequence":"additional","affiliation":[{"name":"Universidade Federal de Santa Catarina,  Brazil"}]},{"ORCID":"https:\/\/orcid.org\/0000-0001-8287-4171","authenticated-orcid":false,"given":"Rosani Ramos","family":"Machado","sequence":"additional","affiliation":[{"name":"Universidade Federal de Santa Catarina,  Brazil"}]},{"ORCID":"https:\/\/orcid.org\/0000-0002-2518-6644","authenticated-orcid":false,"given":"Ianka Cristina","family":"Celuppi","sequence":"additional","affiliation":[{"name":"Universidade Federal de Santa Catarina,  Brazil"}]},{"ORCID":"https:\/\/orcid.org\/0000-0001-7251-5829","authenticated-orcid":false,"given":"Carla S\u00edlvia","family":"Fernandes","sequence":"additional","affiliation":[{"name":"Escola Superior de Enfermagem do Porto. Porto,  Portugal"}]},{"ORCID":"https:\/\/orcid.org\/0000-0003-1527-9940","authenticated-orcid":false,"given":"Maria Manuela","family":"Martins","sequence":"additional","affiliation":[{"name":"Universidade do Porto,  Portugal"}]},{"ORCID":"https:\/\/orcid.org\/0000-0002-1754-0922","authenticated-orcid":false,"given":"Denise Elvira Pires de","family":"Pires","sequence":"additional","affiliation":[{"name":"Universidade Federal de Santa Catarina,  Brazil"}]}],"member":"530","published-online":{"date-parts":[[2024]]},"reference":[{"key":"ref1","article-title":"Health at a Glance: 2023","year":"2023","journal-title":"OECD;"},{"key":"ref2","article-title":"Education at a Glance: 2023","year":"2023","journal-title":"OECD;"},{"issue":"2","key":"ref3","article-title":"Compara\u00e7\u00e3o entre o sistema de sa\u00fade brasileiro e o sistema de sa\u00fade portugu\u00eas: an\u00e1lise geral","volume":"16","author":"Araujo GBF","year":"2018","journal-title":"SANARE Rev Pol P\u00fablicas"},{"issue":"spe1","key":"ref4","article-title":"Os Objetivos de Desenvolvimento Sustent\u00e1vel e as fontes de dados para o monitoramento das metas no Brasil","volume":"31","author":"Cruz DKA","year":"2022","journal-title":"Epidemiol Serv Sa\u00fade"},{"key":"ref5","series-title":"Educa\u00e7\u00e3o 2030: Declara\u00e7\u00e3o de Incheon e Marco de A\u00e7\u00e3o para a implementa\u00e7\u00e3o do Objetivo de Desenvolvimento Sustent\u00e1vel 4: assegurar a educa\u00e7\u00e3o inclusiva e equitativa de aprendizagem ao longo da vida para todos","year":"2016"},{"issue":"esp-5","key":"ref6","doi-asserted-by":"crossref","first-page":"44","DOI":"10.1590\/0103-11042019s504","article-title":"O Sistema de Sa\u00fade brasileiro ante a tipologia internacional: uma discuss\u00e3o prospectiva e inevit\u00e1vel","volume":"43","author":"Serapioni M","year":"2019","journal-title":"Sa\u00fade Debate"},{"issue":"112","key":"ref7","doi-asserted-by":"crossref","first-page":"63","DOI":"10.1590\/0103-1104201711206","article-title":"Da no\u00e7\u00e3o de determina\u00e7\u00e3o social \u00e0 de determinantes sociais da sa\u00fade","volume":"41","author":"Garbois JA","year":"2017","journal-title":"Sa\u00fade em Debate"},{"issue":"3","key":"ref8","doi-asserted-by":"crossref","first-page":"869","DOI":"10.1590\/1981-7746-sol00142","article-title":"Determina\u00e7\u00e3o ou determinantes sociais da sa\u00fade: texto e contexto na Am\u00e9rica Latina","volume":"16","author":"Borghi CMSO","year":"2018","journal-title":"Trab, Educ Sa\u00fade"},{"issue":"12","key":"ref9","article-title":"Determina\u00e7\u00e3o social, n\u00e3o! por qu\u00ea?","volume":"37","author":"Minayo MCS.","year":"2021","journal-title":"Cad Saude Publica"},{"key":"ref10","series-title":"Objetivos do Desenvolvimento Sustent\u00e1vel: ODS 10 Redu\u00e7\u00e3o das Desigualdades","year":"2019"},{"issue":"9","key":"ref11","doi-asserted-by":"crossref","first-page":"635","DOI":"10.1093\/heapol\/czz042","article-title":"A systems perspective on the importance of global health strategy developments for accomplishing today\u2019s Sustainable Development Goals","volume":"34","author":"Byskov J","year":"2019","journal-title":"Health Policy Plan"},{"issue":"6","key":"ref12","doi-asserted-by":"crossref","DOI":"10.1590\/0034-7167.2023760601","article-title":"Nursing and the Sustainable Development Goals (SDGs): an essential commitment","volume":"76","author":"Taminato M","year":"2023","journal-title":"Rev Bras Enferm"},{"issue":"41","key":"ref13","doi-asserted-by":"crossref","first-page":"2286","DOI":"10.5712\/rbmfc14(41)2286","article-title":"Lancet Countdown: briefing para Pol\u00edticas de Sa\u00fade no Brasil","volume":"14","author":"Floss M","year":"2019","journal-title":"Rev Bras Med Fam Comun"},{"key":"ref14","series-title":"Pesquisa em educa\u00e7\u00e3o: abordagens qualitativas","author":"L\u00fcdke M","year":"1986"},{"issue":"3","key":"ref15","doi-asserted-by":"crossref","first-page":"20","DOI":"10.1590\/S0034-75901995000300004","article-title":"Pesquisa qualitativa: tipos fundamentais","volume":"35","author":"Godoy AS.","year":"1995","journal-title":"Rev Adm Empr"},{"key":"ref16","series-title":"OECD Statistics","year":"2024"},{"key":"ref17","series-title":"Global Health Observatory","year":"2024"},{"key":"ref18","series-title":"IDF Diabetes Atlas","year":"2024"},{"issue":"5","key":"ref19","doi-asserted-by":"crossref","first-page":"e00076120","DOI":"10.1590\/0102-311x00076120","article-title":"Preval\u00eancia de diabetes mellitus e suas complica\u00e7\u00f5es e caracteriza\u00e7\u00e3o das lacunas na aten\u00e7\u00e3o \u00e0 sa\u00fade a partir da triangula\u00e7\u00e3o de pesquisas","volume":"37","author":"Muzy J","year":"2021","journal-title":"Cad Sa\u00fade P\u00fablica"},{"key":"ref20","series-title":"Diabetes: Factos e N\u00fameros - O Ano de 2016, 2017 e 2018 - Relat\u00f3rio Anual do Observat\u00f3rio Nacional da Diabetes","year":"2019"},{"key":"ref21","series-title":"e-Gestor AB","year":"2021"},{"key":"ref22","series-title":"Education spending (indicator)","year":"2024"},{"key":"ref23","series-title":"Country & Regions","year":"2023"},{"key":"ref24","series-title":"PISA 2022 results","year":"2022"},{"key":"ref25","series-title":"Demography - Population - OECD Data","year":"2023"},{"key":"ref26","series-title":"OECD Labour Force Statistics 2022","year":"2023"},{"issue":"2","key":"ref27","article-title":"Envelhecimento, financiamento e inova\u00e7\u00e3o nos sistemas de sa\u00fade: uma discuss\u00e3o necess\u00e1ria para a manuten\u00e7\u00e3o do direito \u00e0 sa\u00fade","volume":"29","author":"Nossa PN.","year":"2020","journal-title":"Sa\u00fade Soc"},{"issue":"4","key":"ref28","doi-asserted-by":"crossref","first-page":"1197","DOI":"10.1590\/1413-81232020254.31222019","article-title":"De Alma-Ata a Astana: o percurso dos Cuidados de Sa\u00fade Prim\u00e1rios em Portugal,1978-2018 e a g\u00e9nese da Medicina Familiar","volume":"25","author":"Pisco L","year":"2020","journal-title":"Cien Saude Colet"},{"key":"ref29","article-title":"Universalidade do acesso e acessibilidade no quotidiano da aten\u00e7\u00e3o prim\u00e1ria: viv\u00eancias de usu\u00e1rios do SUS","volume":"10","author":"Silva LS","year":"2020","journal-title":"Rev Enferm Cent O Min"},{"issue":"8","key":"ref30","doi-asserted-by":"crossref","first-page":"e002273","DOI":"10.1136\/bmjgh-2019-002273","article-title":"Implementation of health and health-related sustainable development goals: progress, challenges and opportunities: a systematic literature review","volume":"5","author":"Aftab W","year":"2020","journal-title":"BMJ Glob Health"},{"issue":"1","key":"ref31","doi-asserted-by":"crossref","first-page":"5","DOI":"10.1186\/s12992-019-0534-2","article-title":"Understanding the implications of the Sustainable Development Goals for health policy and systems research: results of a research priority setting exercise","volume":"16","author":"Bennett S","year":"2020","journal-title":"Global Health"}],"container-title":["Revista Brasileira de Enfermagem"],"original-title":["Compara\u00e7\u00e3o Brasil-Portugal: Educa\u00e7\u00e3o, Sa\u00fade e Desenvolvimento Social \u00e0 luz dos Objetivos de Desenvolvimento Sustent\u00e1vel"],"link":[{"URL":"http:\/\/www.scielo.br\/scielo.php?script=sci_pdf&pid=S0034-71672024000400159&tlng=en","content-type":"unspecified","content-version":"vor","intended-application":"similarity-checking"}],"deposited":{"date-parts":[[2025,2,24]],"date-time":"2025-02-24T09:00:11Z","timestamp":1740387611000},"score":1,"resource":{"primary":{"URL":"http:\/\/www.scielo.br\/scielo.php?script=sci_arttext&pid=S0034-71672024000400159&tlng=en"}},"subtitle":[],"short-title":[],"issued":{"date-parts":[[2024]]},"references-count":31,"journal-issue":{"issue":"suppl 2","published-online":{"date-parts":[[2024]]}},"alternative-id":["S0034-71672024000400159"],"URL":"https:\/\/doi.org\/10.1590\/0034-7167-2024-0047","relation":{"is-translation-of":[{"id-type":"doi","id":"10.1590\/0034-7167-2024-0047pt","asserted-by":"subject"},{"id-type":"doi","id":"10.1590\/0034-7167-2024-0047pt","asserted-by":"object"}]},"ISSN":["1984-0446","0034-7167"],"issn-type":[{"value":"1984-0446","type":"electronic"},{"value":"0034-7167","type":"print"}],"subject":[],"published":{"date-parts":[[2024]]},"article-number":"e20240047"}}