{"status":"ok","message-type":"work","message-version":"1.0.0","message":{"indexed":{"date-parts":[[2026,2,12]],"date-time":"2026-02-12T14:46:08Z","timestamp":1770907568034,"version":"3.50.1"},"reference-count":49,"publisher":"FapUNIFESP (SciELO)","issue":"5","license":[{"start":{"date-parts":[[2024,1,1]],"date-time":"2024-01-01T00:00:00Z","timestamp":1704067200000},"content-version":"vor","delay-in-days":0,"URL":"http:\/\/creativecommons.org\/licenses\/by\/4.0\/"},{"start":{"date-parts":[[2024,1,1]],"date-time":"2024-01-01T00:00:00Z","timestamp":1704067200000},"content-version":"am","delay-in-days":0,"URL":"http:\/\/creativecommons.org\/licenses\/by\/4.0\/"},{"start":{"date-parts":[[2024,1,1]],"date-time":"2024-01-01T00:00:00Z","timestamp":1704067200000},"content-version":"tdm","delay-in-days":0,"URL":"http:\/\/creativecommons.org\/licenses\/by\/4.0\/"}],"content-domain":{"domain":[],"crossmark-restriction":false},"short-container-title":["Cad. Sa\u00fade P\u00fablica"],"abstract":"<jats:p>Resumo: Este estudo teve como objetivo descrever um inqu\u00e9rito quantitativo realizado com lideran\u00e7as para investigar a\u00e7\u00f5es efetivas, vi\u00e1veis e que podem ser testadas em modelos computacionais para informar pol\u00edticas de promo\u00e7\u00e3o da mobilidade ativa, tendo como base a cidade de S\u00e3o Paulo, Brasil. Em 2022, foi realizado um inqu\u00e9rito online no contexto da pesquisa de Atividade F\u00edsica e Ambiente do Inqu\u00e9rito de Sa\u00fade de S\u00e3o Paulo, acompanhada por representantes de organiza\u00e7\u00f5es n\u00e3o governamentais, gestores p\u00fablicos e de entidades privadas. Foi elaborado question\u00e1rio com tr\u00eas perguntas com 13 alternativas de respostas sobre a\u00e7\u00f5es para promo\u00e7\u00e3o da caminhada ou uso de bicicleta. As lideran\u00e7as deveriam selecionar at\u00e9 tr\u00eas alternativas a partir de seu potencial em termos de (1) efetividade; (2) viabilidade ou facilidade de implementa\u00e7\u00e3o; e (3) desejo de realizar testes em modelos computacionais para informar pol\u00edticas. O inqu\u00e9rito foi respondido por 18 lideran\u00e7as de 16 institui\u00e7\u00f5es, sendo 13 (72%) mulheres e 12 (67%) representantes do terceiro setor, cuja m\u00e9dia de idade era 48 anos, todos com n\u00edvel superior de escolaridade. A redu\u00e7\u00e3o da velocidade dos ve\u00edculos motorizados foi a op\u00e7\u00e3o mais citada nas tr\u00eas quest\u00f5es. Outras a\u00e7\u00f5es citadas referem-se ao controle de circula\u00e7\u00e3o de ve\u00edculos em regi\u00f5es centrais, \u00e0 seguran\u00e7a de pedestres, \u00e0 diminui\u00e7\u00e3o das dist\u00e2ncias entre resid\u00eancias e locais de emprego, \u00e0s campanhas educativas e \u00e0 amplia\u00e7\u00e3o e melhoria de estruturas como ciclovias e cal\u00e7adas. Os resultados s\u00e3o relevantes para apoiar a tomada de decis\u00f5es baseadas em evid\u00eancias na gest\u00e3o p\u00fablica e oferecer subs\u00eddios para a elabora\u00e7\u00e3o de modelos computacionais com vistas \u00e0 promo\u00e7\u00e3o da mobilidade ativa.<\/jats:p>","DOI":"10.1590\/0102-311xpt117323","type":"journal-article","created":{"date-parts":[[2024,6,14]],"date-time":"2024-06-14T12:46:04Z","timestamp":1718369164000},"source":"Crossref","is-referenced-by-count":4,"title":["Como melhorar a mobilidade ativa em S\u00e3o Paulo, Brasil? Inqu\u00e9rito com lideran\u00e7as de organiza\u00e7\u00f5es n\u00e3o governamentais e com gestores p\u00fablicos e privados"],"prefix":"10.1590","volume":"40","author":[{"ORCID":"https:\/\/orcid.org\/0000-0002-4429-0826","authenticated-orcid":false,"given":"Alex Antonio","family":"Florindo","sequence":"first","affiliation":[{"name":"Universidade de S\u00e3o Paulo,  Brazil; Universidade de S\u00e3o Paulo,  Brazil"}]},{"ORCID":"https:\/\/orcid.org\/0000-0002-4599-7559","authenticated-orcid":false,"given":"Italo Vinicius Floriano de","family":"Paula","sequence":"additional","affiliation":[{"name":"Universidade de S\u00e3o Paulo,  Brazil"}]},{"ORCID":"https:\/\/orcid.org\/0000-0001-5135-582X","authenticated-orcid":false,"given":"Douglas Roque","family":"Andrade","sequence":"additional","affiliation":[{"name":"Universidade de S\u00e3o Paulo,  Brazil"}]},{"ORCID":"https:\/\/orcid.org\/0000-0003-2834-2005","authenticated-orcid":false,"given":"Fl\u00e1via Mori","family":"Sarti","sequence":"additional","affiliation":[{"name":"Universidade de S\u00e3o Paulo,  Brazil"}]},{"ORCID":"https:\/\/orcid.org\/0000-0001-7571-9181","authenticated-orcid":false,"given":"Jorge","family":"Mota","sequence":"additional","affiliation":[{"name":"Universidade do Porto,  Portugal; Universidade do Porto,  Portugal; Universidade do Porto,  Portugal"}]},{"ORCID":"https:\/\/orcid.org\/0000-0002-2182-9841","authenticated-orcid":false,"given":"Maria Paula","family":"Santos","sequence":"additional","affiliation":[{"name":"Universidade do Porto,  Portugal; Universidade do Porto,  Portugal; Universidade do Porto,  Portugal"}]},{"ORCID":"https:\/\/orcid.org\/0000-0002-9905-9250","authenticated-orcid":false,"given":"Margarethe Thaisi Garro","family":"Knebel","sequence":"additional","affiliation":[{"name":"Universidade de S\u00e3o Paulo,  Brazil"}]},{"ORCID":"https:\/\/orcid.org\/0000-0001-6141-4483","authenticated-orcid":false,"given":"Rildo","family":"de Souza Wanderley J\u00fanior","sequence":"additional","affiliation":[{"name":"Universidade de S\u00e3o Paulo,  Brazil"}]},{"ORCID":"https:\/\/orcid.org\/0000-0001-5947-2617","authenticated-orcid":false,"given":"Leandro Martin Totaro","family":"Garcia","sequence":"additional","affiliation":[{"name":"Queen\u2019s University Belfast,  Northern Ireland"}]}],"member":"530","published-online":{"date-parts":[[2024]]},"reference":[{"key":"ref1","doi-asserted-by":"crossref","first-page":"231","DOI":"10.1057\/jphp.2014.53","article-title":"Translating active living research into policy and practice one important pathway to chronic disease prevention","volume":"36","author":"Giles-Corti B","year":"2015","journal-title":"J Public Health Policy"},{"key":"ref2","doi-asserted-by":"crossref","first-page":"122","DOI":"10.1071\/NB10027","article-title":"The co-benefits for health of investing in active transportation","volume":"21","author":"Giles-Corti B","year":"2010","journal-title":"N S W Public Health Bull"},{"key":"ref3","doi-asserted-by":"crossref","first-page":"e782","DOI":"10.1016\/S2214-109X(22)00070-5","article-title":"Creating healthy and sustainable cities: what gets measured, gets done","volume":"10","author":"Giles-Corti B","year":"2022","journal-title":"Lancet Glob Health"},{"key":"ref4","doi-asserted-by":"crossref","first-page":"103","DOI":"10.1016\/j.ypmed.2015.04.010","article-title":"Health impact assessment of active transportation: a systematic review","volume":"76","author":"Mueller N","year":"2015","journal-title":"Prev Med"},{"key":"ref5","doi-asserted-by":"crossref","first-page":"1078","DOI":"10.1016\/S0140-6736(07)61254-9","article-title":"Energy and transport","volume":"370","author":"Woodcock J","year":"2007","journal-title":"Lancet"},{"key":"ref6","doi-asserted-by":"crossref","first-page":"800","DOI":"10.1136\/bjsports-2017-098827","article-title":"Walking on sunshine: scoping review of the evidence for walking and mental health","volume":"52","author":"Kelly P","year":"2018","journal-title":"Br J Sports Med"},{"key":"ref7","doi-asserted-by":"crossref","first-page":"15","DOI":"10.1016\/j.healthplace.2007.04.004","article-title":"The anatomy of the safe and social suburb: an exploratory study of the built environment, social capital and residents' perceptions of safety","volume":"14","author":"Wood L","year":"2008","journal-title":"Health Place"},{"key":"ref8","series-title":"Vigitel Brasil 2006-2020: vigil\u00e2ncia de fatores de risco e prote\u00e7\u00e3o para doen\u00e7as cr\u00f4nicas por inqu\u00e9rito telef\u00f4nico: estimativas de frequ\u00eancias e distribui\u00e7\u00e3o sociodemogr\u00e1fica da atividade f\u00edsica nas capitais dos 26 estados brasileiros e do Distrito Federal entre 2006 a 2020","year":"2022"},{"key":"ref9","doi-asserted-by":"crossref","first-page":"101","DOI":"10.1186\/s12966-014-0101-4","article-title":"Time trends of physical activity and television viewing time in Brazil: 2006-2012.","volume":"11","author":"Mielke GI","year":"2014","journal-title":"Int J Behav Nutr Phys Act"},{"key":"ref10","series-title":"Plano de mobilidade urbana do Munic\u00edpio de S\u00e3o Paulo 2015","year":"2015"},{"key":"ref11","series-title":"Plano diretor estrat\u00e9gico da cidade de S\u00e3o Paulo","year":"2014"},{"key":"ref12","article-title":"Decreto n\u00ba 59.670, de 7 de agosto de 2020. Regulamenta a Lei n\u00ba 16.673, de 13 de junho de 2017, que institui o Estatuto do Pedestre no munic\u00edpio de S\u00e3o Paulo.","year":"2020","journal-title":"Di\u00e1rio Oficial da Cidade de S\u00e3o Paulo"},{"key":"ref13","doi-asserted-by":"crossref","first-page":"e882","DOI":"10.1016\/S2214-109X(22)00069-9","article-title":"City planning policies to support health and sustainability: an international comparison of policy indicators for 25 cities","volume":"10","author":"Lowe M","year":"2022","journal-title":"Lancet Glob Health"},{"key":"ref14","doi-asserted-by":"crossref","first-page":"77","DOI":"10.1146\/annurev-publhealth-040617-014317","article-title":"Agent-based modeling in public health: current applications and future directions","volume":"39","author":"Tracy M","year":"2018","journal-title":"Annu Rev Public Health"},{"key":"ref15","doi-asserted-by":"crossref","first-page":"283","DOI":"10.1186\/s12889-021-10262-5","article-title":"Study protocol: health survey of Sao Paulo: ISA-Physical Activity and Environment","volume":"21","author":"Florindo AA","year":"2021","journal-title":"BMC Public Health"},{"key":"ref16","series-title":"S\u00e3o Paulo."},{"key":"ref17","series-title":"Pesquisa Origem e Destino (OD) 2017."},{"key":"ref18","series-title":"OD Pesquisa Origem Destino 2017. 50 anos - relat\u00f3rio s\u00edntese","year":"2019"},{"key":"ref19","first-page":"275","article-title":"Promo\u00e7\u00e3o da atividade f\u00edsica, ambiente constru\u00eddo e mobilidade urbana: poss\u00edveis estrat\u00e9gias para fortalecer o v\u00ednculo entre atores de pol\u00edticas p\u00fablicas","volume":"27","author":"Galleguillos VSB","year":"2021","journal-title":"Rev Bras Ativ F\u00eds Sa\u00fade"},{"key":"ref20","series-title":"Plano Global - D\u00e9cada de A\u00e7\u00e3o pela Seguran\u00e7a no Tr\u00e2nsito 2021-2030."},{"key":"ref21","series-title":"Diagn\u00f3stico de indicadores para monitoramento dos ODS em S\u00e3o Paulo."},{"key":"ref22","series-title":"Acidentes de tr\u00e2nsito. Relat\u00f3rio anual 2021."},{"key":"ref23","series-title":"S\u00e3o Paulo: frota de ve\u00edculos."},{"key":"ref24","series-title":"Plano de seguran\u00e7a vi\u00e1ria do munic\u00edpio de S\u00e3o Paulo."},{"key":"ref25","series-title":"Consulta p\u00fablica. Implanta\u00e7\u00e3o do projeto \u00e1rea calma Santana."},{"key":"ref26","doi-asserted-by":"crossref","first-page":"137","DOI":"10.1080\/23748834.2022.2127173","article-title":"Built environments for physical activity a longitudinal descriptive analysis of Sao Paulo city, Brazil","volume":"7","author":"Teixeira IP","year":"2023","journal-title":"Cities Health"},{"key":"ref27","doi-asserted-by":"crossref","first-page":"100611","DOI":"10.1016\/j.jth.2019.100611","article-title":"Walking for transportation and built environment in Sao Paulo city, Brazil","volume":"15","author":"Florindo AA","year":"2019","journal-title":"J Transp Health"},{"key":"ref28","doi-asserted-by":"crossref","first-page":"446","DOI":"10.1007\/s11524-013-9831-x","article-title":"Built environment and physical activity for transportation in adults from Curitiba, Brazil","volume":"91","author":"Hino AAF","year":"2013","journal-title":"J Urban Health"},{"key":"ref29","doi-asserted-by":"crossref","first-page":"157","DOI":"10.1257\/jep.20.4.157","article-title":"The London congestion charge","volume":"20","author":"Leape J","year":"2006","journal-title":"J Econ Perspect"},{"key":"ref30","series-title":"Os custos dos congestionamentos na cidade de S\u00e3o Paulo","author":"Cintra M","year":"2014"},{"key":"ref31","series-title":"O que mudou desde a aprova\u00e7\u00e3o do estatuto do pedestre?"},{"key":"ref32","doi-asserted-by":"crossref","first-page":"883","DOI":"10.1093\/geroni\/igx004.3170","article-title":"Walking speed of older people and pedestrian crossing time","volume":"1","author":"Duim E","year":"2017","journal-title":"Innov Aging"},{"key":"ref33","series-title":"Programa de prote\u00e7\u00e3o ao pedestre."},{"key":"ref34","series-title":"Nota T\u00e9cnica n\u00ba 2 - Priorizar o transporte p\u00fablico e desestimular o carro?","author":"Tomasiello DB"},{"key":"ref35","series-title":"Observat\u00f3rio mobilidade segura."},{"key":"ref36","doi-asserted-by":"crossref","first-page":"562","DOI":"10.3390\/ijerph15040562","article-title":"Cycling for transportation in Sao Paulo city: associations with bike paths, train and subway stations","volume":"15","author":"Florindo AA","year":"2018","journal-title":"Int J Environ Res Public Health"},{"key":"ref37","series-title":"Bras\u00edlia completa 25 anos de respeito \u00e0 faixa."},{"key":"ref38","series-title":"Mobilize Brasil. \"Respeito na faixa\", um patrim\u00f4nio de Bras\u00edlia."},{"key":"ref39","series-title":"A import\u00e2ncia das campanhas educativas de tr\u00e2nsito","author":"Rodrigues N","year":"2009"},{"key":"ref40","series-title":"Caminhando juntos at\u00e9 a escola. A\u00e7\u00f5es de mobilidade a p\u00e9."},{"key":"ref41","doi-asserted-by":"crossref","first-page":"265","DOI":"10.1080\/01944361003766766","article-title":"Travel and the built environment","volume":"76","author":"Ewing R","year":"2010","journal-title":"J Am Plan Assoc"},{"key":"ref42","doi-asserted-by":"crossref","first-page":"2912","DOI":"10.1016\/S0140-6736(16)30066-6","article-title":"City planning and population health: a global challenge","volume":"388","author":"Giles-Corti B","year":"2016","journal-title":"Lancet"},{"key":"ref43","series-title":"Viver em S\u00e3o Paulo: mobilidade urbana."},{"key":"ref44","series-title":"Future transport strategy: our vision for transport in New South Wales."},{"key":"ref45","doi-asserted-by":"crossref","first-page":"29","DOI":"10.1038\/s42949-023-00107-y","article-title":"What are the lessons from COVID-19 for creating healthy, sustainable, resilient future cities","volume":"3","author":"Giles-Corti B","year":"2023","journal-title":"Urban Sustainability"},{"key":"ref46","doi-asserted-by":"crossref","first-page":"e919","DOI":"10.1016\/S2214-109X(22)00066-3","article-title":"What next Expanding our view of city planning and global health, and implementing and monitoring evidence-informed policy","volume":"10","author":"Giles-Corti B","year":"2022","journal-title":"Lancet Glob Health"},{"key":"ref47","doi-asserted-by":"crossref","first-page":"75001","DOI":"10.1289\/EHP8888","article-title":"COVID-19, the built environment, and health","volume":"129","author":"Frumkin H","year":"2021","journal-title":"Environ Health Perspect"},{"key":"ref48","doi-asserted-by":"crossref","first-page":"1163","DOI":"10.1123\/jpah.2021-0413","article-title":"Physical activity promotion and the United Nations Sustainable Development Goals building synergies to maximize impact","volume":"18","author":"Salvo D","year":"2021","journal-title":"J Phys Act Health"},{"key":"ref49","series-title":"Global action plan on physical activity 2018-2030: more active people for a healthier world","year":"2018"}],"container-title":["Cadernos de Sa\u00fade P\u00fablica"],"original-title":["How to improve active mobility in S\u00e3o Paulo, Brazil? Survey with leaders of nongovernmental organizations and public and private sector managers"],"link":[{"URL":"http:\/\/www.scielo.br\/scielo.php?script=sci_pdf&pid=S0102-311X2024000501404&tlng=pt","content-type":"unspecified","content-version":"vor","intended-application":"similarity-checking"}],"deposited":{"date-parts":[[2024,6,14]],"date-time":"2024-06-14T12:46:27Z","timestamp":1718369187000},"score":1,"resource":{"primary":{"URL":"http:\/\/www.scielo.br\/scielo.php?script=sci_arttext&pid=S0102-311X2024000501404&tlng=pt"}},"subtitle":[],"short-title":[],"issued":{"date-parts":[[2024]]},"references-count":49,"journal-issue":{"issue":"5","published-online":{"date-parts":[[2024]]}},"alternative-id":["S0102-311X2024000501404"],"URL":"https:\/\/doi.org\/10.1590\/0102-311xpt117323","relation":{},"ISSN":["1678-4464","0102-311X"],"issn-type":[{"value":"1678-4464","type":"electronic"},{"value":"0102-311X","type":"print"}],"subject":[],"published":{"date-parts":[[2024]]},"article-number":"e00117323"}}