{"status":"ok","message-type":"work","message-version":"1.0.0","message":{"indexed":{"date-parts":[[2026,4,16]],"date-time":"2026-04-16T07:11:11Z","timestamp":1776323471611,"version":"3.50.1"},"reference-count":36,"publisher":"FapUNIFESP (SciELO)","issue":"10","license":[{"start":{"date-parts":[[2022,1,1]],"date-time":"2022-01-01T00:00:00Z","timestamp":1640995200000},"content-version":"vor","delay-in-days":0,"URL":"http:\/\/creativecommons.org\/licenses\/by\/4.0\/"},{"start":{"date-parts":[[2022,1,1]],"date-time":"2022-01-01T00:00:00Z","timestamp":1640995200000},"content-version":"am","delay-in-days":0,"URL":"http:\/\/creativecommons.org\/licenses\/by\/4.0\/"},{"start":{"date-parts":[[2022,1,1]],"date-time":"2022-01-01T00:00:00Z","timestamp":1640995200000},"content-version":"tdm","delay-in-days":0,"URL":"http:\/\/creativecommons.org\/licenses\/by\/4.0\/"}],"content-domain":{"domain":[],"crossmark-restriction":false},"short-container-title":["Cad. Sa\u00fade P\u00fablica"],"abstract":"<jats:p>A pr\u00e1tica centrada na pessoa assume um papel preponderante na organiza\u00e7\u00e3o e gest\u00e3o de sistemas de sa\u00fade, bem como na defini\u00e7\u00e3o de pol\u00edticas de sa\u00fade. Este ensaio teve como objetivo identificar os princ\u00edpios \u00e9ticos e estruturas te\u00f3ricas da pr\u00e1tica centrada na pessoa, assim como as diretrizes portuguesas e europeias que sirvam a sua regulamenta\u00e7\u00e3o. Foi conduzida uma reflex\u00e3o te\u00f3rica ancorada na revis\u00e3o narrativa cr\u00edtica do estado da arte sobre a pr\u00e1tica centrada na pessoa, que visou responder \u00e0 quest\u00e3o: quais os elementos estruturantes da pr\u00e1tica de cuidados centrados na pessoa que a tornam diferenciadora na obten\u00e7\u00e3o de ganhos em sa\u00fade? A reflex\u00e3o cr\u00edtica contextualiza a mudan\u00e7a de paradigma para a pr\u00e1tica centrada na pessoa e identifica os dom\u00ednios do estado da arte que lhe est\u00e3o associados: conhecimento filos\u00f3fico, referenciais te\u00f3ricos para a pr\u00e1tica cl\u00ednica, ensino e investiga\u00e7\u00e3o, abordagens para a implementa\u00e7\u00e3o, e regulamenta\u00e7\u00e3o. Esses dom\u00ednios ter\u00e3o de ser necessariamente contemplados para um desenvolvimento e implementa\u00e7\u00e3o sistem\u00e1ticos e sustent\u00e1veis com efetiva tradu\u00e7\u00e3o em ganhos em sa\u00fade.<\/jats:p>","DOI":"10.1590\/0102-311xpt278121","type":"journal-article","created":{"date-parts":[[2022,11,25]],"date-time":"2022-11-25T09:27:51Z","timestamp":1669368471000},"source":"Crossref","is-referenced-by-count":11,"title":["A pr\u00e1tica centrada na pessoa: da idiossincrasia do cuidar \u00e0 inova\u00e7\u00e3o em sa\u00fade"],"prefix":"10.1590","volume":"38","author":[{"ORCID":"https:\/\/orcid.org\/0000-0001-5722-5612","authenticated-orcid":false,"given":"Filipa","family":"Ventura","sequence":"first","affiliation":[{"name":"Escola Superior de Enfermagem de Coimbra, Portugal"}]},{"ORCID":"https:\/\/orcid.org\/0000-0002-6371-003X","authenticated-orcid":false,"given":"Isabel Maria Pinheiro Borges","family":"Moreira","sequence":"additional","affiliation":[{"name":"Escola Superior de Enfermagem de Coimbra, Portugal"}]},{"ORCID":"https:\/\/orcid.org\/0000-0002-9328-8415","authenticated-orcid":false,"given":"Vitor","family":"Raposo","sequence":"additional","affiliation":[{"name":"Universidade de Coimbra, Portugal"}]},{"ORCID":"https:\/\/orcid.org\/0000-0003-1817-612X","authenticated-orcid":false,"given":"Paulo Joaquim Pina","family":"Queir\u00f3s","sequence":"additional","affiliation":[{"name":"Escola Superior de Enfermagem de Coimbra, Portugal"}]},{"ORCID":"https:\/\/orcid.org\/0000-0002-1992-9632","authenticated-orcid":false,"given":"Aida","family":"Mendes","sequence":"additional","affiliation":[{"name":"Escola Superior de Enfermagem de Coimbra, Portugal"}]}],"member":"530","published-online":{"date-parts":[[2022]]},"reference":[{"key":"ref1","doi-asserted-by":"crossref","first-page":"646","DOI":"10.1016\/S0140-6736(16)00285-3","article-title":"Health-care improvements in a financially constrained environment.","volume":"387","author":"Ekman I","year":"2016","journal-title":"Lancet"},{"key":"ref2","series-title":"WHO global strategy on integrated people-centred health services 2016-2026."},{"key":"ref3","doi-asserted-by":"crossref","first-page":"1362","DOI":"10.1111\/hex.13120","article-title":"A national research centre for the evaluation and implementation of person\u2010centred care: content from the first interventional studies.","volume":"23","author":"Gyllensten H","year":"2020","journal-title":"Health Expect"},{"key":"ref4","series-title":"Crossing the quality chasm: a new health system for the 21st century.","year":"2001"},{"key":"ref5","series-title":"Framework on integrated, people-centred health services."},{"key":"ref6","series-title":"SNS+ proximidade: mudan\u00e7a centrada nas pessoas."},{"key":"ref7","doi-asserted-by":"crossref","first-page":"1","DOI":"10.19043\/ipdj.10Suppl2.003","article-title":"Review of developments in person-centred healthcare.","volume":"10","author":"Phelan A","year":"2020","journal-title":"International Practice Development Journal"},{"key":"ref8","doi-asserted-by":"crossref","first-page":"361","DOI":"10.2143\/EP.16.3.2042719","article-title":"The historical roots of personalism.","volume":"16","author":"Tavernier J","year":"2009","journal-title":"Ethical Perspect"},{"key":"ref9","series-title":"Philosophy, dialogue, and education - nine modern European philosophers.","author":"Guilherme A","year":"2019"},{"key":"ref10","series-title":"Oneself as another.","author":"Ricoeur P","year":"1994"},{"key":"ref11","series-title":"M\u00e4nniskans natur och handlingsliv.","author":"Dewey J","year":"1936"},{"key":"ref12","series-title":"Philosophical papers: volume 2, philosophy and the human sciences.","author":"Taylor C","year":"1985"},{"key":"ref13","series-title":"Homo capax: texter av Paul Ric\u0153ur om etik och filosofisk antropologi.","author":"Uggla BK","year":"2011"},{"key":"ref14","series-title":"Between man and man.","author":"Buber M","year":"2002"},{"key":"ref15","doi-asserted-by":"crossref","first-page":"m2738","DOI":"10.1136\/bmj.m2738","article-title":"Learning from Gothenburg model of person centred healthcare.","volume":"370","author":"Britten N","year":"2020","journal-title":"BMJ"},{"key":"ref16","series-title":"Fundamentals of person-centred healthcare practice.","author":"McCormack B","year":"2021"},{"key":"ref17","series-title":"Personcentrering Inom h\u00e4lso- och sjukv\u00e5rd: Fr\u00e5n filosofi till Praktik.","author":"Ekman I","year":"2020"},{"key":"ref18","doi-asserted-by":"crossref","first-page":"1897","DOI":"10.1001\/jama.286.15.1897","article-title":"The patient-physician relationship. Narrative medicine: a model for empathy, reflection, profession, and trust.","volume":"286","author":"Charon R","year":"2001","journal-title":"JAMA"},{"key":"ref19","doi-asserted-by":"crossref","first-page":"2509","DOI":"10.1111\/jocn.13681","article-title":"Tell me, how do you define person-centredness?","volume":"26","author":"Dewing J","year":"2017","journal-title":"J Clin Nurs"},{"key":"ref20","doi-asserted-by":"crossref","first-page":"31","DOI":"10.1111\/j.1365-2702.2004.00924.x","article-title":"Person-centredness in gerontological nursing: an overview of the literature.","volume":"13","author":"McCormack B","year":"2004","journal-title":"J Clin Nurs"},{"key":"ref21","doi-asserted-by":"crossref","first-page":"620","DOI":"10.1111\/j.1471-6712.2010.00814.x","article-title":"Exploring person\u2010centredness: a qualitative meta\u2010synthesis of four studies.","volume":"24","author":"McCormack B","year":"2010","journal-title":"Scand J Caring Sci"},{"key":"ref22","series-title":"Patient involvement in health care - minimum requirements for person-centred care."},{"key":"ref23","series-title":"Focaliza\u00e7\u00e3o no utente."},{"key":"ref24","article-title":"Despacho n\u00ba 9323-A\/2018. Determina a estrat\u00e9gia de implementa\u00e7\u00e3o de Unidades de Hospitaliza\u00e7\u00e3o Domicili\u00e1ria no Servi\u00e7o Nacional de Sa\u00fade (SNS).","year":"2018","journal-title":"Di\u00e1rio da Rep\u00fablica"},{"key":"ref25","doi-asserted-by":"crossref","first-page":"429","DOI":"10.1111\/hex.12640","article-title":"How to practice person\u2010centred care: a conceptual framework.","volume":"21","author":"Santana MJ","year":"2018","journal-title":"Health Expect"},{"key":"ref26","doi-asserted-by":"crossref","first-page":"1743","DOI":"10.1001\/jama.1988.03410120089033","article-title":"The quality of care: how can it be assessed?","volume":"260","author":"Donabedian A","year":"1988","journal-title":"JAMA"},{"key":"ref27","doi-asserted-by":"crossref","first-page":"3050","DOI":"10.3390\/ijerph17093050","article-title":"Supporting innovative person-centred care in financially constrained environments: the we care exploratory health laboratory evaluation strategy.","volume":"17","author":"Lloyd HM","year":"2020","journal-title":"Int J Environ Res Public Health"},{"key":"ref28","doi-asserted-by":"crossref","first-page":"2205","DOI":"10.3390\/ijerph18052205","article-title":"Implementation of person-centered care: a feasibility study using the WE-CARE roadmap.","volume":"18","author":"Lewandowski RA","year":"2021","journal-title":"Int J Environ Res Public Health"},{"key":"ref29","doi-asserted-by":"crossref","first-page":"213","DOI":"10.1016\/j.gerinurse.2020.08.004","article-title":"A systematic review on implementation of person-centered care interventions for older people in out-of-hospital settings.","volume":"42","author":"Ebrahimi Z","year":"2021","journal-title":"Geriatr Nurs"},{"key":"ref30","doi-asserted-by":"crossref","first-page":"1","DOI":"10.19043\/ipdj.10Suppl2.004","article-title":"Developing philosophical and pedagogical principles for a pan-European person-centred curriculum framework.","volume":"10","author":"Dickson C","year":"2020","journal-title":"International Practice Development Journal"},{"key":"ref31","doi-asserted-by":"crossref","first-page":"2333393616630672","DOI":"10.1177\/2333393616630672","article-title":"Purposeful agency in support seeking during cancer treatment from a person-centered perspective.","volume":"3","author":"Ventura F","year":"2016","journal-title":"Glob Qual Nurs Res"},{"key":"ref32","doi-asserted-by":"crossref","first-page":"231","DOI":"10.1097\/CIN.0000000000000225","article-title":"Exploring the person-centeredness of an innovative E-supportive system aimed at person-centered care: prototype evaluation of the care expert.","volume":"34","author":"Ventura F","year":"2016","journal-title":"Comput Inform Nurs"},{"key":"ref33","doi-asserted-by":"crossref","first-page":"2911","DOI":"10.1007\/s00520-018-4591-5","article-title":"Adoption and implementation of a web-based self-management application \u201cOncokompas\u201d in routine cancer care: a national pilot study.","volume":"27","author":"Wit LM","year":"2019","journal-title":"Support Care Cancer"},{"key":"ref34","first-page":"216","article-title":"O m\u00e9todo cl\u00ednico centrado na pessoa na forma\u00e7\u00e3o m\u00e9dica como ferramenta de promo\u00e7\u00e3o de sa\u00fade.","volume":"26","author":"Barbosa MS","year":"2016","journal-title":"Rev Med Minas Gerais"},{"key":"ref35","series-title":"Medicina centrada na pessoa: transformando o m\u00e9todo cl\u00ednico.","author":"Stewart M","year":"2010"},{"key":"ref36","doi-asserted-by":"crossref","first-page":"541","DOI":"10.1093\/intqhc\/mzx066","article-title":"The development and testing of the Person-centred Practice Inventory-Staff (PCPI-S).","volume":"29","author":"Slater P","year":"2017","journal-title":"Int J Qual Health Care"}],"container-title":["Cadernos de Sa\u00fade P\u00fablica"],"original-title":["Person-centered practice: from idiosyncrasy of care to health innovation"],"link":[{"URL":"http:\/\/www.scielo.br\/scielo.php?script=sci_pdf&pid=S0102-311X2022001003001&tlng=pt","content-type":"unspecified","content-version":"vor","intended-application":"similarity-checking"}],"deposited":{"date-parts":[[2024,10,9]],"date-time":"2024-10-09T11:14:42Z","timestamp":1728472482000},"score":1,"resource":{"primary":{"URL":"http:\/\/www.scielo.br\/scielo.php?script=sci_arttext&pid=S0102-311X2022001003001&tlng=pt"}},"subtitle":[],"short-title":[],"issued":{"date-parts":[[2022]]},"references-count":36,"journal-issue":{"issue":"10","published-online":{"date-parts":[[2022]]}},"alternative-id":["S0102-311X2022001003001"],"URL":"https:\/\/doi.org\/10.1590\/0102-311xpt278121","relation":{"is-translation-of":[{"id-type":"doi","id":"10.1590\/0102-311xen278121","asserted-by":"subject"},{"id-type":"doi","id":"10.1590\/0102-311xen278121","asserted-by":"object"}]},"ISSN":["1678-4464","0102-311X"],"issn-type":[{"value":"1678-4464","type":"electronic"},{"value":"0102-311X","type":"print"}],"subject":[],"published":{"date-parts":[[2022]]},"article-number":"e00278121"}}