{"status":"ok","message-type":"work","message-version":"1.0.0","message":{"indexed":{"date-parts":[[2025,7,30]],"date-time":"2025-07-30T15:07:58Z","timestamp":1753888078849,"version":"3.41.2"},"reference-count":11,"publisher":"FapUNIFESP (SciELO)","license":[{"start":{"date-parts":[[2020,1,1]],"date-time":"2020-01-01T00:00:00Z","timestamp":1577836800000},"content-version":"vor","delay-in-days":0,"URL":"http:\/\/creativecommons.org\/licenses\/by\/4.0\/"},{"start":{"date-parts":[[2020,1,1]],"date-time":"2020-01-01T00:00:00Z","timestamp":1577836800000},"content-version":"am","delay-in-days":0,"URL":"http:\/\/creativecommons.org\/licenses\/by\/4.0\/"},{"start":{"date-parts":[[2020,1,1]],"date-time":"2020-01-01T00:00:00Z","timestamp":1577836800000},"content-version":"tdm","delay-in-days":0,"URL":"http:\/\/creativecommons.org\/licenses\/by\/4.0\/"}],"content-domain":{"domain":[],"crossmark-restriction":false},"short-container-title":["Educ. rev."],"abstract":"<jats:p>RESUMO: Este artigo apresenta resultados de um estudo realizado a respeito da a\u00e7\u00e3o docente de dois professores em uma escola de 1\u00ba ciclo em Portugal. Os fundamentos metodol\u00f3gicos que conduzem a coleta e a organiza\u00e7\u00e3o dos dados baseiam-se nos procedimentos indicados pela An\u00e1lise Textual Discursiva (ATD) de Moraes e Galiazzi (2011). As aulas dos professores foram analisadas utilizando-se de uma forma de organiza\u00e7\u00e3o dos dados provenientes de dois instrumentos anal\u00edticos distintos: a Matriz do Professor, de Arruda e Passos (2017), e o Quadro intitulado \u201cos objetivos e motivos da a\u00e7\u00e3o\u201d, de Tardif e Lessard (2008). Foi poss\u00edvel identificar as categorias de a\u00e7\u00e3o docente realizadas pelos professores e a frequ\u00eancia dessas categorias de a\u00e7\u00e3o. Por meio de uma nova maneira de organizar os dados foi poss\u00edvel concluir que o ambiente de sala de aula e o estilo pedag\u00f3gico de cada professor podem ser fatores decisivos para as a\u00e7\u00f5es desempenhadas em classe.<\/jats:p>","DOI":"10.1590\/0102-4698222681","type":"journal-article","created":{"date-parts":[[2020,8,8]],"date-time":"2020-08-08T00:38:11Z","timestamp":1596847091000},"source":"Crossref","is-referenced-by-count":0,"title":["UM ESTUDO SOBRE AS A\u00c7\u00d5ES DOCENTES EM UMA ESCOLA DE 1\u00ba CICLO EM PORTUGAL"],"prefix":"10.1590","volume":"36","author":[{"ORCID":"https:\/\/orcid.org\/0000-0003-2036-0575","authenticated-orcid":false,"given":"MARCUS VINICIUS MARTINEZ","family":"PIRATELO","sequence":"first","affiliation":[{"name":"Universidade Estadual de Londrina,  Brazil"}]},{"ORCID":"https:\/\/orcid.org\/0000-0002-4149-2182","authenticated-orcid":false,"given":"SERGIO DE MELLO","family":"ARRUDA","sequence":"additional","affiliation":[{"name":"Universidade Estadual de Londrina,  Brazil"}]},{"ORCID":"https:\/\/orcid.org\/0000-0002-1707-9697","authenticated-orcid":false,"given":"NILZA MARIA VILHENA NUNES DA","family":"COSTA","sequence":"additional","affiliation":[{"name":"Universidade de Aveiro,  Portugal"}]},{"ORCID":"https:\/\/orcid.org\/0000-0001-8856-5521","authenticated-orcid":false,"given":"MARINEZ MENEGHELLO","family":"PASSOS","sequence":"additional","affiliation":[{"name":"Universidade Estadual de Londrina,  Brazil"}]}],"member":"530","published-online":{"date-parts":[[2020]]},"reference":[{"issue":"2","key":"ref1","first-page":"139","article-title":"Um novo instrumento para a an\u00e1lise da a\u00e7\u00e3o do professor em sala de aula","volume":"11","author":"ARRUDA S. M.","year":"2011","journal-title":"Revista Brasileira de Pesquisa em Educa\u00e7\u00e3o em Ci\u00eancias"},{"issue":"2","key":"ref2","first-page":"95","article-title":"Instrumentos para a an\u00e1lise da rela\u00e7\u00e3o com o saber em sala de aula","volume":"1","author":"ARRUDA S. M","year":"2017","journal-title":"Revista de Produtos Educacionais e Pesquisas em Ensino"},{"year":"2000","series-title":"Da rela\u00e7\u00e3o com o saber: elementos para uma teoria","author":"CHARLOT B","key":"ref3"},{"key":"ref4","series-title":"Professor reflexivo no Brasil: g\u00eanese e cr\u00edtica de um conceito","volume-title":"Forma\u00e7\u00e3o de professores: a pesquisa e a pol\u00edtica educacional","author":"CHARLOT B","year":"2008"},{"year":"2005","series-title":"La transposici\u00f3n did\u00e1ctica: del saber sabio al saber ense\u00f1ado","author":"CHEVALLARD Y","key":"ref5"},{"year":"2006","series-title":"Por uma teoria da Pedagogia: pesquisas contempor\u00e2neas sobre o saber docente","author":"GAUTHIER C.","key":"ref6"},{"year":"2011","series-title":"An\u00e1lise textual discursiva","author":"MORAES R.","key":"ref7"},{"year":"2009","series-title":"O professor de matem\u00e1tica e sua forma\u00e7\u00e3o: an\u00e1lise de tr\u00eas d\u00e9cadas da produ\u00e7\u00e3o bibliogr\u00e1fica em peri\u00f3dicos na \u00e1rea de educa\u00e7\u00e3o matem\u00e1tica no Brasil","author":"PASSOS M. M","key":"ref8"},{"year":"2018","series-title":"Um estudo sobre as a\u00e7\u00f5es docentes de professores e monitores em um ambiente integrado de 1\u00ba ciclo em Portugal","author":"PIRATELO M. V. M","key":"ref9"},{"year":"2002","series-title":"Saberes docentes e forma\u00e7\u00e3o profissional","author":"TARDIF M","key":"ref10"},{"year":"2008","series-title":"O trabalho docente","author":"TARDIF M.","key":"ref11"}],"container-title":["Educa\u00e7\u00e3o em Revista"],"original-title":[],"link":[{"URL":"http:\/\/www.scielo.br\/pdf\/edur\/v36\/1982-6621-edur-36-e222681.pdf","content-type":"unspecified","content-version":"vor","intended-application":"similarity-checking"}],"deposited":{"date-parts":[[2021,1,23]],"date-time":"2021-01-23T23:15:09Z","timestamp":1611443709000},"score":1,"resource":{"primary":{"URL":"http:\/\/www.scielo.br\/scielo.php?script=sci_arttext&pid=S0102-46982020000100243&tlng=pt"}},"subtitle":[],"short-title":[],"issued":{"date-parts":[[2020]]},"references-count":11,"alternative-id":["S0102-46982020000100243"],"URL":"https:\/\/doi.org\/10.1590\/0102-4698222681","relation":{},"ISSN":["1982-6621","0102-4698"],"issn-type":[{"type":"electronic","value":"1982-6621"},{"type":"print","value":"0102-4698"}],"subject":[],"published":{"date-parts":[[2020]]},"article-number":"e222681"}}