{"status":"ok","message-type":"work","message-version":"1.0.0","message":{"indexed":{"date-parts":[[2026,3,6]],"date-time":"2026-03-06T17:45:17Z","timestamp":1772819117660,"version":"3.50.1"},"reference-count":163,"publisher":"FapUNIFESP (SciELO)","license":[{"start":{"date-parts":[[2026,1,1]],"date-time":"2026-01-01T00:00:00Z","timestamp":1767225600000},"content-version":"vor","delay-in-days":0,"URL":"http:\/\/creativecommons.org\/licenses\/by\/4.0\/"},{"start":{"date-parts":[[2026,1,1]],"date-time":"2026-01-01T00:00:00Z","timestamp":1767225600000},"content-version":"am","delay-in-days":0,"URL":"http:\/\/creativecommons.org\/licenses\/by\/4.0\/"},{"start":{"date-parts":[[2026,1,1]],"date-time":"2026-01-01T00:00:00Z","timestamp":1767225600000},"content-version":"tdm","delay-in-days":0,"URL":"http:\/\/creativecommons.org\/licenses\/by\/4.0\/"}],"content-domain":{"domain":[],"crossmark-restriction":false},"short-container-title":["Educ. rev."],"abstract":"<jats:p>RESUMO: Analisou-se a produ\u00e7\u00e3o acad\u00eamica sobre o ensino de res\u00edduos s\u00f3lidos na educa\u00e7\u00e3o b\u00e1sica brasileira a partir de uma revis\u00e3o integrativa das publica\u00e7\u00f5es entre 2018 e 2022. Foram consultados o Portal de Peri\u00f3dicos da CAPES, o Cat\u00e1logo de Teses e Disserta\u00e7\u00f5es da CAPES, a Biblioteca Digital Brasileira de Teses e Disserta\u00e7\u00f5es, o Google Acad\u00eamico e os anais do Encontro Nacional de Pesquisa em Educa\u00e7\u00e3o em Ci\u00eancias e do Congresso Nacional de Educa\u00e7\u00e3o. As palavras-chave utilizadas para a busca foram: \u201clixo\u201d, \u201cres\u00edduos s\u00f3lidos\u201d, \u201ceduca\u00e7\u00e3o\u201d, \u201censino\u201d e \u201cescola\u201d. Os temas foram categorizados pela an\u00e1lise tem\u00e1tica de Braun e Clarke (2006) e as modalidades did\u00e1ticas seguiram a classifica\u00e7\u00e3o de Krasilchik (2004). Dos 931 estudos identificados, 109 abordaram experi\u00eancias de ensino sobre res\u00edduos s\u00f3lidos nas escolas brasileiras. Um ter\u00e7o dos estudos foi publicado em 2019 (33%), 42% foram realizados no Nordeste, 60% envolveram iniciativas no ensino fundamental, e a escola p\u00fablica foi o local da maioria dos trabalhos (84%). As experi\u00eancias de ensino foram diversas, sendo, a maioria, desenvolvidas por meio de aulas expositivas, aulas pr\u00e1ticas e projetos em diferentes disciplinas. Gest\u00e3o de res\u00edduos e redu\u00e7\u00e3o do consumo foram as principais categorias tem\u00e1ticas identificadas. Grande parte das pr\u00e1ticas educativas abordou o ensino de res\u00edduos s\u00f3lidos de forma t\u00e9cnica; poucos trabalhos discutiram as causas socioecon\u00f4micas e culturais, bem como a responsabilidade coletiva da gest\u00e3o dos res\u00edduos. Uma abordagem contextualizada a cada realidade, envolvendo a comunidade escolar e o seu entorno, pode contribuir para promo\u00e7\u00e3o de pr\u00e1ticas mais cr\u00edticas e integradoras sobre os res\u00edduos s\u00f3lidos na escola.<\/jats:p>","DOI":"10.1590\/0102-469854644","type":"journal-article","created":{"date-parts":[[2026,3,6]],"date-time":"2026-03-06T11:34:13Z","timestamp":1772796853000},"source":"Crossref","is-referenced-by-count":0,"title":["RES\u00cdDUOS S\u00d3LIDOS NA EDUCA\u00c7\u00c3O B\u00c1SICA BRASILEIRA \u00c0 LUZ DA EDUCA\u00c7\u00c3O AMBIENTAL CR\u00cdTICA: UMA REVIS\u00c3O INTEGRATIVA"],"prefix":"10.1590","volume":"42","author":[{"ORCID":"https:\/\/orcid.org\/0000-0001-9478-3146","authenticated-orcid":false,"given":"LORRAYNE","family":"ISIDORO-GON\u00c7ALVES","sequence":"first","affiliation":[{"name":"Instituto Oswaldo Cruz,  Brasil"}]},{"ORCID":"https:\/\/orcid.org\/0000-0002-1815-2585","authenticated-orcid":false,"given":"ROBERTO JOS\u00c9","family":"GERV\u00c1SIO UNGER","sequence":"additional","affiliation":[{"name":"Universidade Federal do Rio de Janeiro,  Brasil"}]},{"ORCID":"https:\/\/orcid.org\/0000-0002-0128-942X","authenticated-orcid":false,"given":"ANNA CRISTINA CAL\u00c7ADA","family":"CARVALHO","sequence":"additional","affiliation":[{"name":"Instituto Oswaldo Cruz,  Brasil"}]}],"member":"530","published-online":{"date-parts":[[2026]]},"reference":[{"key":"ref1","series-title":"Panorama dos Res\u00edduos S\u00f3lidos no Brasil 2021","year":"2021"},{"key":"ref2","series-title":"Panorama dos Res\u00edduos S\u00f3lidos no Brasil 2022","year":"2022"},{"issue":"68","key":"ref3","doi-asserted-by":"crossref","first-page":"103","DOI":"10.1590\/S0103-40142010000100010","article-title":"Ambientaliza\u00e7\u00e3o das lutas sociais - o caso do movimento por justi\u00e7a ambiental","volume":"24","author":"ACSELRAD Henri","year":"2010","journal-title":"Estudos avan\u00e7ados"},{"issue":"2","key":"ref4","first-page":"155","article-title":"Lixo eletr\u00f4nico na escola: gest\u00e3o sustent\u00e1vel, responsabilidade social e ambiental","volume":"5","author":"ALMEIDA Nadiny Martins","year":"2019","journal-title":"Educa\u00e7\u00e3o B\u00e1sica Revista"},{"key":"ref5","author":"ALVES Bruno Kaik","year":"2018"},{"issue":"1","key":"ref6","first-page":"125","article-title":"Uma sequ\u00eancia did\u00e1tica para abordagem do tema lixo eletr\u00f4nico no ensino de qu\u00edmica","volume":"2","author":"ALVES Cl\u00e1udia Thamires da Silva","year":"2018","journal-title":"Educa\u00e7\u00e3o Qu\u00edmica en Punto de Vista"},{"key":"ref7","author":"ALVES Josilany Coelho da Silva","year":"2021"},{"key":"ref8","series-title":"Educa\u00e7\u00e3o Ambiental e res\u00edduos s\u00f3lidos: um estudo sobre teses e disserta\u00e7\u00f5es desenvolvidas no contexto escolar","author":"AMARAL Let\u00edcia da Silva","year":"2022"},{"key":"ref9","series-title":"Gincana sobre Res\u00edduos S\u00f3lidos: a intera\u00e7\u00e3o entre a geografia e a educa\u00e7\u00e3o ambiental","author":"ANDRADE Areli da Silva","year":"2020"},{"key":"ref10","series-title":"Educa\u00e7\u00e3o ambiental e gest\u00e3o integrada de res\u00edduos s\u00f3lidos: uma proposta de um plano de gerenciamento de res\u00edduos em uma institui\u00e7\u00e3o de ensino na cidade de Esperan\u00e7a\/PB","author":"ANDRADE Marilia Zulmira Sena de Souza","year":"2018"},{"key":"ref11","series-title":"Arte e educa\u00e7\u00e3o em prol do meio ambiente: uma estrat\u00e9gia pedag\u00f3gica","author":"ANGELIS Joslaine Aparecida Regioli de","year":"2020"},{"issue":"5","key":"ref12","doi-asserted-by":"crossref","first-page":"27515","DOI":"10.34117\/bjdv6n5-267","article-title":"O ensino da matem\u00e1tica em conjunto com educa\u00e7\u00e3o ambiental: uma proposta de ensino integrada com res\u00edduos s\u00f3lidos","volume":"6","author":"ANGIESKI Alessandra Assad","year":"2020","journal-title":"Brazilian Journal of Development"},{"key":"ref13","author":"ARA\u00daJO Fabiana da Cruz","year":"2019"},{"issue":"2","key":"ref14","doi-asserted-by":"crossref","first-page":"100","DOI":"10.33467\/conci.v3i2.13447","article-title":"Recupera\u00e7\u00e3o da informa\u00e7\u00e3o em sa\u00fade: constru\u00e7\u00e3o, modelos e estrat\u00e9gias","volume":"3","author":"ARA\u00daJO W\u00e1nderson C\u00e1ssio Oliveira","year":"2020","journal-title":"Converg\u00eancias em Ci\u00eancia da Informa\u00e7\u00e3o"},{"key":"ref15","series-title":"Bridging the gap in solid waste management: governance requirements for results","year":"2021"},{"key":"ref16","series-title":"What a Waste 2.0: A Global Snapshot of Solid Waste Management to 2050","year":"2018"},{"issue":"2","key":"ref17","doi-asserted-by":"crossref","first-page":"1161","DOI":"10.34115\/basr.v3i2.1163","article-title":"Reaproveitamento de res\u00edduos s\u00f3lidos org\u00e2nicos oriundo da merenda escolar por meio da compostagem","volume":"3","author":"BARBOSA Ana Paula Ferreira","year":"2019","journal-title":"Brazilian Applied Science Review"},{"key":"ref18","first-page":"1","article-title":"Gest\u00e3o dos res\u00edduos s\u00f3lidos em Escola do Campo: experi\u00eancia de educa\u00e7\u00e3o ambiental na EMCEF de S\u00e3o Gabriel\/RS","volume":"19","author":"BARCELLOS Fabiana Nunes","year":"2020","journal-title":"Revista Monografias Ambientais"},{"key":"ref19","series-title":"Professores da rede estadual apresentam projeto Lixo Zero durante congresso em Bras\u00edlia","author":"BARROS Sandra","year":"2024"},{"key":"ref20","doi-asserted-by":"crossref","first-page":"1","DOI":"10.5212\/Rev.Conexao.v.16.14257.029","article-title":"Extens\u00e3o e educa\u00e7\u00e3o ambiental: Relato de experi\u00eancia de uma turma do curso de p\u00f3s-gradua\u00e7\u00e3o em ci\u00eancias ambientais em escolas nas cidades de Pelotas e Cap\u00e3o do Le\u00e3o","volume":"16","author":"BEHLING Greici Maia","year":"2020","journal-title":"Revista Conex\u00e3o UEPG"},{"key":"ref21","series-title":"Proposta de uma sequ\u00eancia did\u00e1tica para o ensino de eletroqu\u00edmica e a sensibiliza\u00e7\u00e3o ambiental quanto aos impactos do descarte de pilhas e baterias","author":"BELLINI Elizabete Maria","year":"2018"},{"key":"ref22","author":"BEZERRA Maria Eduarda de Santana","year":"2019"},{"key":"ref23","first-page":"1","article-title":"Construindo saberes sobre a separa\u00e7\u00e3o dos res\u00edduos s\u00f3lidos na Educa\u00e7\u00e3o Infantil","volume":"5","author":"BITENCOURTE Andreia Domingues","year":"2019","journal-title":"RELACult-Revista Latino-Americana de Estudos em Cultura e Sociedade"},{"key":"ref24","author":"BORGES Luiza Alexandre","year":"2022"},{"issue":"11","key":"ref25","doi-asserted-by":"crossref","first-page":"121","DOI":"10.21171\/ges.v5i11.1220","article-title":"O m\u00e9todo da revis\u00e3o integrativa nos estudos organizacionais","volume":"5","author":"BOTELHO Louise Lira Roedel","year":"2011","journal-title":"Gest\u00e3o e sociedade"},{"key":"ref26","series-title":"Lei n.\u00ba 9.795, de 27 de abril de 1999","year":"1999"},{"key":"ref27","series-title":"Lei n.\u00ba 12.305, de 2 de agosto de 2010","year":"2010"},{"key":"ref28","series-title":"Plano Nacional de Res\u00edduos S\u00f3lidos","year":"2022"},{"key":"ref29","series-title":"Relat\u00f3rio sobre o rompimento da barragem de rejeitos da mineradora Samarco e seus efeitos sobre o vale do rio Doce","year":"2017"},{"key":"ref30","series-title":"S\u00e9rie temas contempor\u00e2neos transversais da Base Nacional Comum Curricular (BNCC): Caderno Meio Ambiente","year":"2022"},{"issue":"2","key":"ref31","doi-asserted-by":"crossref","first-page":"77","DOI":"10.1191\/1478088706qp063oa","article-title":"Using thematic analysis in psychology","volume":"3","author":"BRAUN Virginia","year":"2006","journal-title":"Qualitative research in psychology"},{"issue":"1","key":"ref32","doi-asserted-by":"crossref","first-page":"375","DOI":"10.19177\/rgsa.v7e12018375-396","article-title":"Educa\u00e7\u00e3o ambiental e percep\u00e7\u00e3o da implanta\u00e7\u00e3o de coleta seletiva de lixo urbano em de Alegre, ES","volume":"7","author":"BRAVO Thamara Lins","year":"2018","journal-title":"Revista Gest\u00e3o & Sustentabilidade Ambiental"},{"key":"ref33","series-title":"Percep\u00e7\u00f5es de problemas ambientais locais com \u00eanfase em res\u00edduos s\u00f3lidos de estudantes do ensino m\u00e9dio de uma escola no Munic\u00edpio de Boa Vista - PR","author":"CAMPOS Katiana Rejane dos Santos","year":"2020"},{"key":"ref34","series-title":"Res\u00edduos s\u00f3lidos e as tecnologias: uma proposta para sensibiliza\u00e7\u00e3o e engajamento de uma comunidade escolar","author":"CASTIONE Regiane Cristina Mareze Sipione","year":"2022"},{"issue":"1","key":"ref35","doi-asserted-by":"crossref","first-page":"171","DOI":"10.34024\/revbea.2019.v14.2594","article-title":"Educa\u00e7\u00e3o Ambiental com estudantes e fam\u00edlias na gest\u00e3o dos res\u00edduos s\u00f3lidos urbanos","volume":"14","author":"CEMBRANEL Adir Silv\u00e9rio","year":"2019","journal-title":"Revista Brasileira de Educa\u00e7\u00e3o Ambiental"},{"issue":"2","key":"ref36","doi-asserted-by":"crossref","first-page":"291","DOI":"10.3102\/00346543052002291","article-title":"Scientific guidelines for conducting integrative research reviews","volume":"52","author":"COOPER Harris M","year":"1982","journal-title":"Review of educational research"},{"issue":"39","key":"ref37","first-page":"236","article-title":"A educa\u00e7\u00e3o ambiental como ferramenta de transforma\u00e7\u00e3o socioeducativa em escola municipal de Pau dos Ferros\/RN","volume":"18","author":"COSTA Helves Cleverton Guerra","year":"2021","journal-title":"Extensio: Revista Eletr\u00f4nica de Extens\u00e3o"},{"key":"ref38","series-title":"Desenvolvimento de uma empresa j\u00fanior no ensino m\u00e9dio: uma experi\u00eancia educativa sobre res\u00edduos s\u00f3lidos","author":"COSTA Vanelle Wendy de Jesus","year":"2019"},{"issue":"1","key":"ref39","first-page":"272","article-title":"A utiliza\u00e7\u00e3o de desenhos como instrumento de an\u00e1lise de vis\u00f5es ambientais de alunos do Ensino M\u00e9dio","volume":"12","author":"DA ROCHA Let\u00edcia Bispo","year":"2019","journal-title":"Revista Brasileira de Ensino de Ci\u00eancia e Tecnologia"},{"key":"ref40","author":"DA SILVA Carla M\u00e1rcia Alvarenga","year":"2021"},{"key":"ref41","author":"DA SILVA Danielle Maria Braga","year":"2018"},{"key":"ref42","author":"DA SILVA Jaqueline Pereira","year":"2019"},{"key":"ref43","author":"DA SILVA Ludmilla Stefanie Alves","year":"2020"},{"key":"ref44","author":"DA SILVA Natanael Manuel","year":"2022"},{"key":"ref45","author":"DA SILVA Tatiana Andrade Rocha","year":"2018"},{"issue":"15","key":"ref46","doi-asserted-by":"crossref","first-page":"227","DOI":"10.1080\/13504620802710607","article-title":"Revealing the research \u2018hole\u2019 of early childhood education for sustainability: a preliminary survey of the literature","volume":"2","author":"DAVIS Julie","year":"2009","journal-title":"Environmental Education Research"},{"key":"ref47","author":"DE ALBUQUERQUE","year":"2019"},{"key":"ref48","author":"DE ARA\u00daJO","year":"2018"},{"issue":"1","key":"ref49","first-page":"1","article-title":"Educa\u00e7\u00e3o ambiental em projeto de extens\u00e3o: Contribui\u00e7\u00e3o na forma\u00e7\u00e3o de bolsistas no contexto da educa\u00e7\u00e3o profissional e tecnol\u00f3gica","volume":"17","author":"DE BORTOLI Lis \u00c2ngela","year":"2021","journal-title":"Revista Conex\u00e3o UEPG"},{"key":"ref50","series-title":"Educa\u00e7\u00e3o Ambiental no ambiente escolar","first-page":"65","volume-title":"Compostagem de res\u00edduos s\u00f3lidos org\u00e2nicos e suas contribui\u00e7\u00f5es para a educa\u00e7\u00e3o ambiental no espa\u00e7o escolar","author":"DE SOUSA Carlos Erick Brito","year":"2020"},{"issue":"1","key":"ref51","first-page":"100","article-title":"Contribui\u00e7\u00f5es do Role-Play na Educa\u00e7\u00e3o Ambiental para a Forma\u00e7\u00e3o Integral","volume":"10","author":"DINIZ Thaisa Cristina","year":"2022","journal-title":"Sisyphus: Journal of Education"},{"issue":"2","key":"ref52","first-page":"117","article-title":"A reutiliza\u00e7\u00e3o de res\u00edduos s\u00f3lidos em uma escola p\u00fablica no sudoeste da Amaz\u00f4nia","volume":"7","author":"DO NASCIMENTO Lucilene dos Santos","year":"2020","journal-title":"South American Journal of Basic Education"},{"key":"ref53","series-title":"Sequ\u00eancia did\u00e1tica sobre redu\u00e7\u00e3o da produ\u00e7\u00e3o de lixo domiciliar e bioindica\u00e7\u00e3o por anurofauna: fomentando o aluno como protagonista da educa\u00e7\u00e3o ambiental","author":"DO NASCIMENTO","year":"2022"},{"issue":"2","key":"ref54","first-page":"13","article-title":"Res\u00edduos S\u00f3lidos: Influ\u00eancia das obsolesc\u00eancias discutida nas aulas de Qu\u00edmica","volume":"11","author":"DOS REIS Victor Augusto","year":"2019","journal-title":"Indagatio Didactica"},{"issue":"2","key":"ref55","doi-asserted-by":"crossref","first-page":"202","DOI":"10.3895\/rbpd.v7n2.8257","article-title":"Pr\u00e1tica de reciclagem em um centro municipal de educa\u00e7\u00e3o infantil do munic\u00edpio de S\u00e3o Jos\u00e9 dos Pinhais, Paran\u00e1","volume":"7","author":"DOS SANTOS Beatriz Let\u00edcia Camargo","year":"2018","journal-title":"Revista Brasileira de Planejamento e Desenvolvimento"},{"key":"ref56","author":"DOS SANTOS Ver\u00f4nica de Andrade","year":"2019"},{"key":"ref57","author":"DUARTE Jader Ant\u00f4nio Trajano","year":"2018"},{"key":"ref58","author":"FERREIRA Dalila Veras","year":"2019"},{"key":"ref59","author":"FIGUEIR\u00caDO Alessandra Marcone Tavares Alves","year":"2018"},{"key":"ref60","series-title":"Jogo Digital como Instrumento de Educa\u00e7\u00e3o Ambiental para a Conserva\u00e7\u00e3o dos Recursos H\u00eddricos","author":"FIGUEIROA Silvania Miranda Ferreira","year":"2021"},{"key":"ref61","series-title":"Educa\u00e7\u00e3o ambiental cr\u00edtica: uma proposta pedag\u00f3gica sobre res\u00edduos s\u00f3lidos aplicada no Curso T\u00e9cnico subsequente em saneamento do IFRN\/Mossor\u00f3","author":"FONTES Shaunda Stefhanny Leal Gadelha","year":"2021"},{"key":"ref62","series-title":"Pedagogia do oprimido","author":"FREIRE Paulo","year":"2021","edition":"78 ed."},{"key":"ref63","series-title":"Sequ\u00eancia Did\u00e1tica Res\u00edduos S\u00f3lidos: Atividades L\u00fadicas como Proposta Pedag\u00f3gica","author":"FREITAS Carlos Jos\u00e9 Silva de","year":"2021"},{"issue":"11","key":"ref64","doi-asserted-by":"crossref","first-page":"117","DOI":"10.25053\/redufor.v4i11.924","article-title":"Coleta seletiva e educa\u00e7\u00e3o ambiental: Reciclar valores e reduzir o lixo","volume":"4","author":"FRIEDE Reis","year":"2019","journal-title":"Educa\u00e7\u00e3o & Forma\u00e7\u00e3o"},{"key":"ref65","series-title":"Sequ\u00eancia did\u00e1tica sobre gest\u00e3o de res\u00edduos s\u00f3lidos: percep\u00e7\u00f5es atitudinais na escola de campo","author":"FRIEDRICH Jo\u00e3o Luis","year":"2022"},{"key":"ref66","doi-asserted-by":"crossref","first-page":"28","DOI":"10.1590\/cc251924","article-title":"Sustentabilidade e moda nas artes visuais","volume":"42","author":"GARCIA Leandro Alves","year":"2022","journal-title":"Cadernos CEDES"},{"key":"ref67","series-title":"Coleta seletiva ainda \u00e9 m\u00ednima na maioria das cidades brasileiras","year":"2022"},{"key":"ref68","series-title":"Quatro anos da trag\u00e9dia em Brumadinho: 270 mortes, tr\u00eas desaparecidos e nenhuma puni\u00e7\u00e3o","year":"2023"},{"key":"ref69","doi-asserted-by":"crossref","first-page":"e13","DOI":"10.5902\/2236130831822","article-title":"Educa\u00e7\u00e3o ambiental na escola: uma a\u00e7\u00e3o educativa visando o destino correto dos res\u00edduos s\u00f3lidos","volume":"17","author":"GOMES Henrique Jos\u00e9 Polato","year":"2018","journal-title":"Revista Monografias Ambientais"},{"key":"ref70","author":"GOMES Jacqueline Pereira","year":"2021"},{"issue":"1","key":"ref71","doi-asserted-by":"crossref","first-page":"148","DOI":"10.15210\/EE.V27I1.21463","article-title":"Educa\u00e7\u00e3o ambiental no \u00e2mbito da gest\u00e3o de res\u00edduos: Estudo em uma escola","volume":"27","author":"GON\u00c7ALVES \u00cdsis Pereira","year":"2022","journal-title":"Expressa Extens\u00e3o"},{"issue":"1","key":"ref72","doi-asserted-by":"crossref","first-page":"84","DOI":"10.21674\/2448-0479.81.84-93","article-title":"Sensibiliza\u00e7\u00e3o ambiental no ambiente escolar: rela\u00e7\u00e3o entre a gera\u00e7\u00e3o dos res\u00edduos s\u00f3lidos e h\u00e1bitos de consumo","volume":"8","author":"ON\u00c7ALVES Juares de Oliveira","year":"2022","journal-title":"Revista Eletr\u00f4nica Cient\u00edfica da UERGS"},{"key":"ref73","series-title":"Pensamento Complexo, Dial\u00e9tica e Educa\u00e7\u00e3o Ambiental","first-page":"25","volume-title":"Armadilha paradigm\u00e1tica na educa\u00e7\u00e3o ambiental","author":"GUIMAR\u00c3ES Mauro","year":"2011","edition":"2. ed"},{"key":"ref74","series-title":"Dimens\u00e3o ambiental na educa\u00e7\u00e3o (A)","author":"GUIMAR\u00c3ES Mauro","year":"2020"},{"key":"ref75","series-title":"Identidades da educa\u00e7\u00e3o ambiental brasileira","first-page":"25","volume-title":"Educa\u00e7\u00e3o ambiental cr\u00edtica","author":"GUIMAR\u00c3ES Mauro","year":"2004"},{"issue":"1","key":"ref76","first-page":"67","article-title":"Projetos de educa\u00e7\u00e3o ambiental em escolas: a necessidade da sistematiza\u00e7\u00e3o para superar a informalidade e o improviso","volume":"7","author":"GUIMAR\u00c3ES Zara Faria Sobrinha","year":"2012","journal-title":"Pesquisa em Educa\u00e7\u00e3o Ambiental"},{"key":"ref77","series-title":"O que \u00e9 avalia\u00e7\u00e3o de Impacto e por que ela \u00e9 importante?","year":"2023"},{"issue":"6","key":"ref78","doi-asserted-by":"crossref","first-page":"807","DOI":"10.1080\/13504622.2017.1357801","article-title":"Waste in education: the potential of materiality and practice","volume":"24","author":"J\u00d8RGENSEN Nanna Jordt","year":"2017","journal-title":"Environmental Education Research"},{"issue":"1","key":"ref79","doi-asserted-by":"crossref","first-page":"89","DOI":"10.25267\/COMMONS.2020.v9.i1.4","article-title":"Autoria em discursos sobre res\u00edduos s\u00f3lidos em dois audiovisuais produzidos por estudantes de ensino m\u00e9dio","volume":"9","author":"KARAT Marinilde Tadeu","year":"2020","journal-title":"Commons: revista de comunicaci\u00f3n y ciudadan\u00eda digital"},{"issue":"03","key":"ref80","doi-asserted-by":"crossref","first-page":"143","DOI":"10.1590\/S0102-46982009000300008","article-title":"Tend\u00eancias da pesquisa em Educa\u00e7\u00e3o Ambiental","volume":"25","author":"KAWASAKI Clarice Sumi","year":"2009","journal-title":"Educa\u00e7\u00e3o em revista"},{"key":"ref81","series-title":"Pr\u00e1tica de ensino de biologia","author":"KRASILCHIK Myriam","year":"2004"},{"issue":"1","key":"ref82","doi-asserted-by":"crossref","first-page":"973","DOI":"10.19177\/rgsa.v8e12019973-993","article-title":"Log\u00edstica reversa dos \u00f3leos residuais em Curitiba: estudo de caso em Santa Felicidade e projeto de educa\u00e7\u00e3o \u00e0 reciclagem","volume":"8","author":"LARSEN Isabel","year":"2019","journal-title":"Revista Gest\u00e3o & Sustentabilidade Ambiental"},{"key":"ref83","series-title":"Educa\u00e7\u00e3o ambiental com compromisso social: o desafio da supera\u00e7\u00e3o das desigualdades","author":"LAYRARGUES Philippe Pomier","year":"2009"},{"key":"ref84","series-title":"\u00c9 s\u00f3 Reciclar? Reflex\u00f5es para superar o conservadorismo pedag\u00f3gico reprodutivista da educa\u00e7\u00e3o ambiental e res\u00edduos s\u00f3lidos","author":"LAYRARGUES Philippe Pomier","year":"2018"},{"key":"ref85","series-title":"Pensamento complexo, dial\u00e9tica e Educa\u00e7\u00e3o Ambiental","first-page":"73","volume-title":"Muito al\u00e9m da natureza: Educa\u00e7\u00e3o Ambiental e reprodu\u00e7\u00e3o social","author":"LAYRARGUES Philippe Pomier","year":"2011","edition":"2.ed."},{"key":"ref86","series-title":"Educa\u00e7\u00e3o ambiental: repensando o espa\u00e7o da cidadania","first-page":"179","volume-title":"O cinismo da reciclagem: o significado ideol\u00f3gico da reciclagem da lata de alum\u00ednio e suas implica\u00e7\u00f5es para a educa\u00e7\u00e3o ambiental","author":"LAYRARGUES Philippe Pomier","year":"2002"},{"key":"ref87","doi-asserted-by":"crossref","first-page":"23","DOI":"10.1590\/S1414-753X2014000100003","article-title":"As macrotend\u00eancias pol\u00edtico-pedag\u00f3gicas da educa\u00e7\u00e3o ambiental brasileira","volume":"17","author":"LAYRARGUES Philippe Pomier","year":"2014","journal-title":"Ambiente & Sociedade"},{"key":"ref88","author":"LAYRARGUES Philippe Pomier","year":"2011"},{"issue":"5","key":"ref89","doi-asserted-by":"crossref","first-page":"33","DOI":"10.34024\/revbea.2022.v15.13946","article-title":"Por uma educa\u00e7\u00e3o menos seletiva: reciclando conceitos em Educa\u00e7\u00e3o Ambiental e res\u00edduos s\u00f3lidos","volume":"17","author":"LAYRARGUES Philippe Pomier","year":"2022","journal-title":"Revista Brasileira de Educa\u00e7\u00e3o Ambiental (RevBEA)"},{"issue":"4","key":"ref90","doi-asserted-by":"crossref","first-page":"338","DOI":"10.1080\/13504509.2021.2019138","article-title":"A comparison of waste education in schools and colleges across five European cities","volume":"29","author":"LEE Sheryl A","year":"2022","journal-title":"International Journal of Sustainable Development & World Ecology"},{"key":"ref91","series-title":"A hist\u00f3ria das coisas: da natureza ao lixo, o que acontece com tudo que consumimos","author":"LEONARD Annie","year":"2011"},{"key":"ref92","author":"LIMA Cosmo Francisco","year":"2021"},{"key":"ref93","series-title":"Abordagem sobre res\u00edduos s\u00f3lidos na educa\u00e7\u00e3o profissional e tecnol\u00f3gica (EPT): estudo de caso no IFMA Campus Coelho Neto","author":"LIMA Clarissa Maria Brito","year":"2022"},{"key":"ref94","article-title":"Trilhas interpretativas: Proposta de Educa\u00e7\u00e3o Ambiental para escolas de Quatipuru, Par\u00e1, Brasil","volume":"12","author":"LIMA Jurandy das Chagas","year":"2022","journal-title":"Revista Exitus"},{"key":"ref95","author":"LIMA Ryanne Mayse Chalega","year":"2018"},{"key":"ref96","series-title":"Res\u00edduos s\u00f3lidos no Pontal do Paranapanema","first-page":"221","volume-title":"Contribui\u00e7\u00f5es conceituais para o gerenciamento de res\u00edduos s\u00f3lidos e a\u00e7\u00f5es de educa\u00e7\u00e3o ambiental","author":"LOGAREZZI Amadeu","year":"2004"},{"key":"ref97","author":"LOPES Franc\u00easco de Ara\u00fajo","year":"2022"},{"key":"ref98","series-title":"Aprendizagem Baseada em Problemas: fundamentos para a aplica\u00e7\u00e3o no ensino m\u00e9dio e na forma\u00e7\u00e3o de professores","first-page":"45","volume-title":"Caracter\u00edsticas gerais da aprendizagem baseada em problemas","author":"LOPES Renato Matos","year":"2019"},{"issue":"1","key":"ref99","first-page":"37","article-title":"Educa\u00e7\u00e3o Ambiental e gest\u00e3o participativa na explicita\u00e7\u00e3o e resolu\u00e7\u00e3o de conflitos","volume":"7","author":"LOUREIRO Carlos Frederico Bernardo","year":"2004","journal-title":"Gest\u00e3o em A\u00e7\u00e3o"},{"key":"ref100","doi-asserted-by":"crossref","first-page":"53","DOI":"10.1590\/S1981-77462013000100004","article-title":"Ecologia pol\u00edtica, justi\u00e7a e educa\u00e7\u00e3o ambiental cr\u00edtica: perspectivas de alian\u00e7a contra-hegem\u00f4nica","volume":"11","author":"LOUREIRO Carlos Frederico Bernardo","year":"2013","journal-title":"Trabalho, educa\u00e7\u00e3o e sa\u00fade"},{"issue":"3","key":"ref101","doi-asserted-by":"crossref","first-page":"11","DOI":"10.31512\/encitec.v13i3.677","article-title":"Educa\u00e7\u00e3o ambiental em escolas aplicada aos res\u00edduos s\u00f3lidos urbanos: uma revis\u00e3o sistem\u00e1tica","volume":"13","author":"LUTIF Herickson Akihito Sudo","year":"2023","journal-title":"Ensino de Ci\u00eancias e Tecnologia em Revista - ENCITEC"},{"issue":"2","key":"ref102","first-page":"345","article-title":"Senso cr\u00edtico, anal\u00edtico e cient\u00edfico de estudantes do 6\u00ba ano do ensino fundamental numa sequ\u00eancia did\u00e1tica sobre a pegada ecol\u00f3gica do lixo","volume":"13","author":"MARQUES Ronualdo","year":"2020","journal-title":"Revista Brasileira de Ensino de Ci\u00eancia e Tecnologia"},{"key":"ref103","author":"MARTINS Brenda Lorrany Rosa da Silva","year":"2018"},{"issue":"3","key":"ref104","doi-asserted-by":"crossref","first-page":"294","DOI":"10.36661\/2595-4520.2019v2i3.11210","article-title":"Projeto Feir\u00e3o do Jo\u00e3o: integrando escola e comunidade","volume":"2","author":"MARTINS Tailur Mousquer","year":"2019","journal-title":"Revista Insignare Scientia-RIS"},{"key":"ref105","author":"MEDEIROS Antonio Allan de Freitas","year":"2019"},{"key":"ref106","author":"MENDES Livia Kelly Santos","year":"2019"},{"issue":"29","key":"ref107","first-page":"70","article-title":"Inserindo o conceito lixo zero e a economia sustent\u00e1vel em escolas p\u00fablicas de Florian\u00f3polis","volume":"15","author":"MENDON\u00c7A Thiago Teixeira","year":"2018","journal-title":"Extensio: Revista Eletr\u00f4nica de Extens\u00e3o"},{"key":"ref108","series-title":"Uma proposta de sequ\u00eancia did\u00e1tica investigativa sobre lixo urbano e os impactos \u00e0 sa\u00fade e ao meio ambiente","author":"MESQUITA Rosemery Dias Pereira de","year":"2019"},{"key":"ref109","series-title":"Responsabilidade Socioambiental","year":"2020"},{"key":"ref110","series-title":"A percep\u00e7\u00e3o sobre a quest\u00e3o do lixo de alunos do 9.\u00ba ano de uma escola do munic\u00edpio de Niter\u00f3i, Rio de Janeiro","author":"MONTEIRO Fabiana Chaves","year":"2018"},{"issue":"1","key":"ref111","doi-asserted-by":"crossref","first-page":"1","DOI":"10.35819\/remat2020v6i1id3513","article-title":"Matem\u00e1tica, meio ambiente e arte: transformando lixo em luxo!","volume":"6","author":"MOREIRA Bruna Silva dos Santos","year":"2020","journal-title":"REMAT: Revista Eletr\u00f4nica da Matem\u00e1tica"},{"issue":"7","key":"ref112","doi-asserted-by":"crossref","first-page":"49520","DOI":"10.34117\/bjdv6n7-557","article-title":"Compostagem e a educa\u00e7\u00e3o ambiental: uma ferramenta importante no tratamento de res\u00edduos s\u00f3lidos","volume":"6","author":"MOTH\u00c9 Ge\u00f3rgia Peixoto Bechara","year":"2020","journal-title":"Brazilian Journal of Development"},{"key":"ref113","first-page":"1","author":"NASCIMENTO Suelma Amorim","year":"2018"},{"key":"ref114","author":"NICOLETTI Elenize Rangel","year":"2019"},{"issue":"14","key":"ref115","doi-asserted-by":"crossref","first-page":"102","DOI":"10.30612\/realizacao.v7i14.12385","article-title":"Sensibiliza\u00e7\u00e3o ambiental de estudantes de uma escola estadual no noroeste do Rio Grande do Sul","volume":"7","author":"NUNES Ana Paula","year":"2020","journal-title":"RealizA\u00e7\u00e3o"},{"key":"ref116","author":"OLIVEIRA Aires Francisco","year":"2019"},{"issue":"1","key":"ref117","first-page":"151","article-title":"Educa\u00e7\u00e3o ambiental, justi\u00e7a ambiental e quest\u00f5es de g\u00eanero: a perspectiva de um grupo de educadoras ambientais comunit\u00e1rias de Mag\u00e9, RJ","volume":"35","author":"OLIVEIRA Carolina Alves Gomes","year":"2018","journal-title":"REMEA-Revista Eletr\u00f4nica do Mestrado em Educa\u00e7\u00e3o Ambiental"},{"key":"ref118","series-title":"O uso de oficinas pedag\u00f3gicas sobre coleta e reciclagem de res\u00edduos com estudantes em dificuldades de aprendizagem, nas s\u00e9ries iniciais de uma escola municipal - pr\u00e1xis sociocultural","author":"OLIVEIRA Eva Maria de","year":"2022"},{"issue":"72","key":"ref119","article-title":"Estrat\u00e9gias did\u00e1ticas para o ensino de res\u00edduos s\u00f3lidos nas perspectivas da Educa\u00e7\u00e3o Ambiental Cr\u00edtica e Aprendizagem Significativa Cr\u00edtica","volume":"19","author":"OLIVEIRA Jos\u00e9 Ant\u00f4nio Bezerra de","year":"2020","journal-title":"Educa\u00e7\u00e3o Ambiental em A\u00e7\u00e3o"},{"key":"ref120","series-title":"Ministros da Sa\u00fade das Am\u00e9ricas fazem acordo para fortalecer a\u00e7\u00f5es de preven\u00e7\u00e3o \u00e0s doen\u00e7as transmitidas por vetores","year":"2018"},{"key":"ref121","series-title":"Desigualdade, injusti\u00e7a ambiental e racismo: uma luta que transcende a cor. Combate ao racismo ambiental","author":"PACHECO Tania","year":"2007"},{"key":"ref122","series-title":"Dialogando sobre res\u00edduos s\u00f3lidos de forma interdisciplinar pelos caminhos da educa\u00e7\u00e3o ambiental","author":"PAIVA Alisson Morais","year":"2020"},{"key":"ref123","series-title":"A Educa\u00e7\u00e3o Ambiental e Participa\u00e7\u00e3o Cidad\u00e3 Como Cultura Ambiental no Contexto Escolar do Munic\u00edpio de Lindoeste-PR","author":"PEDRO Terezinha Maciel da Rosa","year":"2022"},{"key":"ref124","series-title":"Educa\u00e7\u00e3o ambiental a respeito de res\u00edduos s\u00f3lidos sob a perspectiva da semi\u00f3tica de Charles S. Pierce","author":"PEDROZO Robson Francisco","year":"2019"},{"key":"ref125","author":"PEREIRA Maria Elizabete Alves","year":"2018"},{"key":"ref126","series-title":"Uma proposta de sequ\u00eancia did\u00e1tica sobre res\u00edduos s\u00f3lidos e coleta seletiva para alunos dos anos finais do ensino fundamental","author":"PINTO Marcio Aparecido","year":"2018"},{"key":"ref127","article-title":"Rumo a uma economia verde: Caminhos para o Desenvolvimento Sustent\u00e1vel e a Erradica\u00e7\u00e3o da Pobreza: S\u00edntese para Tomadores de Decis\u00e3o","year":"2011","journal-title":"Qu\u00eania"},{"issue":"1","key":"ref128","doi-asserted-by":"crossref","first-page":"212","DOI":"10.23926\/RPD.2526-2149.2019.v4.n1.p212-226.id399","article-title":"Percep\u00e7\u00e3o e levantamento sobre a Educa\u00e7\u00e3o Ambiental dos alunos de uma Escola Municipal de Cuiab\u00e1\/MT","volume":"4","author":"RAUPP Jaqueline Costa de Souza","year":"2019","journal-title":"Revista Pr\u00e1tica Docente"},{"issue":"3","key":"ref129","doi-asserted-by":"crossref","first-page":"321","DOI":"10.20985\/1980-5160.2018.v13n3.1376","article-title":"Gest\u00e3o municipal de res\u00edduos s\u00f3lidos urbanos \u00e0 luz da Pol\u00edtica Nacional de Res\u00edduos: estudo de caso no munic\u00edpio de Japeri, RJ, Brasil","volume":"13","author":"REIS Paula Thaise Bermudez dos","year":"2018","journal-title":"Sistemas & Gest\u00e3o"},{"key":"ref130","series-title":"O sentido pol\u00edtico-pedag\u00f3gico das pol\u00edticas p\u00fablicas de educa\u00e7\u00e3o ambiental e res\u00edduos s\u00f3lidos no Distrito Federal: entre a reciclagem e a obsolesc\u00eancia planejada","author":"REIS Paulo Vinicius Nascimento","year":"2019"},{"issue":"1","key":"ref131","doi-asserted-by":"crossref","first-page":"35","DOI":"10.51359\/2594-9616.2018.240412","article-title":"A tem\u00e1tica dos res\u00edduos s\u00f3lidos na educa\u00e7\u00e3o b\u00e1sica","volume":"1","author":"ROCHA Cec\u00edlia A.F","year":"2018","journal-title":"Revista Ensino de Geografia"},{"issue":"1","key":"ref132","first-page":"221","article-title":"Separa\u00e7\u00e3o de res\u00edduos e horta como ferramentas de transforma\u00e7\u00e3o do espa\u00e7o escolar","volume":"36","author":"RODRIGUES Ana Paula Schmitz","year":"2019","journal-title":"Revista eletr\u00f4nica do mestrado em educa\u00e7\u00e3o ambiental"},{"key":"ref133","series-title":"Coleta seletiva no Rio de Janeiro","author":"RODRIGUES Hanna","year":"2021"},{"key":"ref134","series-title":"Impactos dos res\u00edduos s\u00f3lidos no ambiente: Discuss\u00f5es e Reflex\u00f5es a Partir da Educa\u00e7\u00e3o Ambiental Cr\u00edtica","author":"RODRIGUES Mirian Ramos","year":"2022"},{"issue":"3","key":"ref135","doi-asserted-by":"crossref","first-page":"482","DOI":"10.19177\/rgsa.v8e32019482-498","article-title":"Percep\u00e7\u00e3o e sensibiliza\u00e7\u00e3o ambiental dos alunos do ensino m\u00e9dio sobre os res\u00edduos s\u00f3lidos no Munic\u00edpio de Bom Retiro - SC","volume":"8","author":"ROSINI Daniely Neckel","year":"2019","journal-title":"Revista Gest\u00e3o & Sustentabilidade Ambiental"},{"key":"ref136","article-title":"Percep\u00e7\u00e3o e conscientiza\u00e7\u00e3o ambiental sobre res\u00edduos s\u00f3lidos no ambiente escolar: respeitando os 5R\u2019s","volume":"23","author":"SANTOS Adriana Souza","year":"2019","journal-title":"Revista Geografia Ensino & Pesquisa"},{"key":"ref137","series-title":"A educa\u00e7\u00e3o ambiental como apoio ao manuseio e tratamento dos res\u00edduos s\u00f3lidos em comunidades ribeirinhas: estudo de caso em Abaetetuba-PA","author":"SANTOS Albenita Ribeiro dos","year":"2019"},{"key":"ref138","author":"SANTOS \u00c1lison Bruno Da Silva","year":"2018"},{"key":"ref139","series-title":"Material pedag\u00f3gico virtual sobre res\u00edduos s\u00f3lidos: uma aproxima\u00e7\u00e3o entre a educa\u00e7\u00e3o ambiental cr\u00edtica e a abordagem de ensino CTSA","author":"SANTOS Daniely Bini dos","year":"2020"},{"issue":"21","key":"ref140","article-title":"Elabora\u00e7\u00e3o, aplica\u00e7\u00e3o, avalia\u00e7\u00e3o e valida\u00e7\u00e3o do produto educacional: cartilha ambiental-res\u00edduos s\u00f3lidos no contexto da educa\u00e7\u00e3o profissional e tecnol\u00f3gica","volume":"2","author":"ANTOS Jos\u00e9 Emiliano","year":"2021","journal-title":"Revista Brasileira da Educa\u00e7\u00e3o Profissional e Tecnol\u00f3gica"},{"key":"ref141","first-page":"1","article-title":"Do lixo ao luxo: Ecoempreendedorismo","volume":"14","author":"SANTOS Lyara Suzhanny de Oliveira","year":"2019","journal-title":"Pubvet"},{"key":"ref142","author":"SANTOS Maria Francisca da Silva","year":"2019"},{"key":"ref143","first-page":"49","article-title":"Alfabetiza\u00e7\u00e3o cient\u00edfica, ensino por investiga\u00e7\u00e3o e argumenta\u00e7\u00e3o: rela\u00e7\u00f5es entre ci\u00eancias da natureza e escola","volume":"17","author":"SASSERON L\u00facia Helena","year":"2015","journal-title":"Ensaio Pesquisa em Educa\u00e7\u00e3o em Ci\u00eancias"},{"key":"ref144","author":"S\u00caCA Eduarda do Nascimento Serra","year":"2018"},{"key":"ref145","author":"SILVA Andr\u00e9 Luiz","year":"2018"},{"issue":"1","key":"ref146","first-page":"36","article-title":"Projeto horta e compostagem: tratamento de res\u00edduos s\u00f3lidos em escola","volume":"13","author":"SILVA Alessandra Vieira da.","year":"2020","journal-title":"Scientific Electronic Archives"},{"key":"ref147","series-title":"Construindo no\u00e7\u00f5es sobre o descarte correto do lixo eletr\u00f4nico: a utiliza\u00e7\u00e3o de conta\u00e7\u00e3o de hist\u00f3ria como mecanismo sensibilizador","author":"SILVA Brenda Elen de Almeida e","year":"2019"},{"issue":"1","key":"ref148","first-page":"20","article-title":"Res\u00edduos s\u00f3lidos e suas implica\u00e7\u00f5es na cidade de Imperatriz, Maranh\u00e3o: uma an\u00e1lise da percep\u00e7\u00e3o ambiental de estudantes do 7.\u00b0 ano do ensino fundamental","volume":"19","author":"SILVA Dh\u00e1llyth Zainny Pereira","year":"2020","journal-title":"Em Extens\u00e3o"},{"key":"ref149","author":"SILVA Franciely Gomes Freire de Aguiar","year":"2019"},{"key":"ref150","author":"SILVA Maysa Sabino","year":"2021"},{"issue":"2","key":"ref151","first-page":"68","article-title":"\"E esse lixo a\u00ed, \u00e9 seu?\u201d: uma oficina tem\u00e1tica para o ensino fundamental I","volume":"2","author":"SILVA Moana Mariana Aleixo Lana","year":"2018","journal-title":"Educa\u00e7\u00e3o Qu\u00edmica en Punto de Vista"},{"key":"ref152","author":"SILVA Silvana do Nascimento","year":"2019"},{"key":"ref153","series-title":"Pr\u00e1ticas pedag\u00f3gicas de educa\u00e7\u00e3o ambiental nas aulas de qu\u00edmica do ensino m\u00e9dio por teorias e pr\u00e1ticas indissoci\u00e1veis","author":"SIMONATO Rosicleia Moraes","year":"2019"},{"issue":"3","key":"ref154","doi-asserted-by":"crossref","first-page":"927","DOI":"10.15536\/thema.15.2018.927-942.865","article-title":"Educa\u00e7\u00e3o ambiental atrav\u00e9s da reutiliza\u00e7\u00e3o de res\u00edduos s\u00f3lidos para a elabora\u00e7\u00e3o de brinquedos","volume":"15","author":"SIQUEIRA Vitoria Schuller","year":"2018","journal-title":"Revista Thema"},{"key":"ref155","series-title":"Compostagem de Res\u00edduos S\u00f3lidos Org\u00e2nicos Escolares: um Tema Gerador no Ensino Fundamental","author":"SOUSA Adriana de","year":"2020"},{"issue":"2","key":"ref156","first-page":"87","article-title":"Compostagem: uma proposta ambiental para diminui\u00e7\u00e3o do lixo dom\u00e9stico","volume":"19","author":"SOUZA Lorena Patr\u00edcia Maia","year":"2020","journal-title":"Em Extens\u00e3o"},{"key":"ref157","series-title":"Compara\u00e7\u00e3o da efetividade de uma iniciativa de educa\u00e7\u00e3o ambiental na educa\u00e7\u00e3o infantil em dois munic\u00edpios do litoral paulista","author":"SOUZA Sueli Silva","year":"2021"},{"key":"ref158","author":"SOUZA Maria Rayssa","year":"2019"},{"issue":"1","key":"ref159","doi-asserted-by":"crossref","first-page":"96","DOI":"10.34024\/revbea.2021.v16.10726","article-title":"Educa\u00e7\u00e3o Ambiental no ensino formal para o correto manejo de res\u00edduos","volume":"16","author":"STEDILE Nilva L\u00facia Rech","year":"2021","journal-title":"Revista Brasileira de Educa\u00e7\u00e3o Ambiental"},{"key":"ref160","series-title":"Coleta seletiva e educa\u00e7\u00e3o ambiental: um estudo sobre a sensibiliza\u00e7\u00e3o de alunos do quinto ano do ensino fundamental","author":"TERTULIANO Solimara Aparecida","year":"2020"},{"key":"ref161","author":"TORENZIN Aline Ferreira","year":"2019"},{"key":"ref162","series-title":"Sustainable Development Goals","year":"2015"},{"issue":"21","key":"ref163","doi-asserted-by":"crossref","first-page":"160","DOI":"10.18316\/rcd.v10i21.3403","article-title":"Res\u00edduos s\u00f3lidos org\u00e2nicos na constru\u00e7\u00e3o de composteira em uma escola p\u00fablica em S\u00e3o Lu\u00eds, Maranh\u00e3o, Brasil","volume":"10","author":"VALLE Mariana Guelero","year":"2018","journal-title":"Conhecimento & Diversidade"}],"container-title":["Educa\u00e7\u00e3o em Revista"],"original-title":["SOLID WASTE IN BRAZILIAN BASIC EDUCATION IN THE LIGHT OF CRITICAL ENVIRONMENTAL EDUCATION: AN INTEGRATIVE REVIEW"],"link":[{"URL":"http:\/\/www.scielo.br\/scielo.php?script=sci_pdf&pid=S0102-46982026000100207&tlng=pt","content-type":"unspecified","content-version":"vor","intended-application":"similarity-checking"}],"deposited":{"date-parts":[[2026,3,6]],"date-time":"2026-03-06T11:34:30Z","timestamp":1772796870000},"score":1,"resource":{"primary":{"URL":"http:\/\/www.scielo.br\/scielo.php?script=sci_arttext&pid=S0102-46982026000100207&tlng=pt"}},"subtitle":[],"short-title":[],"issued":{"date-parts":[[2026]]},"references-count":163,"alternative-id":["S0102-46982026000100207"],"URL":"https:\/\/doi.org\/10.1590\/0102-469854644","relation":{"is-translation-of":[{"id-type":"doi","id":"10.1590\/0102-469854644-t","asserted-by":"subject"},{"id-type":"doi","id":"10.1590\/0102-469854644-t","asserted-by":"object"}]},"ISSN":["1982-6621","0102-4698"],"issn-type":[{"value":"1982-6621","type":"electronic"},{"value":"0102-4698","type":"print"}],"subject":[],"published":{"date-parts":[[2026]]},"article-number":"e54644"}}