{"status":"ok","message-type":"work","message-version":"1.0.0","message":{"indexed":{"date-parts":[[2026,4,11]],"date-time":"2026-04-11T07:04:15Z","timestamp":1775891055077,"version":"3.50.1"},"reference-count":32,"publisher":"FapUNIFESP (SciELO)","issue":"3","content-domain":{"domain":[],"crossmark-restriction":false},"short-container-title":["Texto contexto - enferm."],"abstract":"<jats:p>RESUMO:  Objetivo: analisar as implica\u00e7\u00f5es da Rede de Cuidados da Pessoa com Defici\u00eancia no \u00e2mbito do Sistema \u00danico de Sa\u00fade.  M\u00e9todo: trata-se de um estudo de reflex\u00e3o pautado nas pol\u00edticas e literatura recente relacionada ao tema.  Resultados: as mudan\u00e7as estruturais alteram o fluxo de atendimentos, bem como apontam compet\u00eancias para os profissionais que atuam nos pontos de aten\u00e7\u00e3o. Considera-se a articula\u00e7\u00e3o desses pontos de aten\u00e7\u00e3o como princ\u00edpio para que o sistema funcione integrado, de forma a assegurar a integralidade do cuidado \u00e0s pessoas com defici\u00eancia. Em contrapartida, nos campos de pr\u00e1tica, ainda se observa a persistente desarticula\u00e7\u00e3o desses componentes por se limitarem a prestar cuidados \u00e0s pessoas com defici\u00eancia isoladamente em seus espa\u00e7os de atua\u00e7\u00e3o. Pautou-se na Pol\u00edtica Nacional de Sa\u00fade da Pessoa com Defici\u00eancia, norteadora das a\u00e7\u00f5es de reabilita\u00e7\u00e3o institucional e domiciliar, que assegura a essas pessoas acesso a cuidados e assist\u00eancia integral, interdisciplinar e intersetorial, essenciais ao processo de reabilita\u00e7\u00e3o e inclus\u00e3o social.  Conclus\u00e3o: conclui-se que essa reflex\u00e3o representa uma contribui\u00e7\u00e3o para que os profissionais que atuam na \u00e1rea sejam melhor orientados sobre suas compet\u00eancias, responsabilidades e a\u00e7\u00f5es fundamentais junto aos usu\u00e1rios da rede.<\/jats:p>","DOI":"10.1590\/0104-07072018004480016","type":"journal-article","created":{"date-parts":[[2018,8,28]],"date-time":"2018-08-28T12:17:04Z","timestamp":1535458624000},"source":"Crossref","is-referenced-by-count":12,"title":["INTEGRALIDADE NA REDE DE CUIDADOS DA PESSOA COM DEFICI\u00caNCIA"],"prefix":"10.1590","volume":"27","author":[{"given":"Wiliam C\u00e9sar Alves","family":"Machado","sequence":"first","affiliation":[{"name":"Universidade Federal do Estado do Rio de Janeiro,  Brazil"}]},{"given":"Juarez de Souza","family":"Pereira","sequence":"additional","affiliation":[{"name":"UNIRIO,  Brasil"}]},{"given":"Soraia Dornelles","family":"Schoeller","sequence":"additional","affiliation":[{"name":"Universidade Federal de Santa Catarina,  Brasil"}]},{"given":"Liliam Cristiana","family":"J\u00falio","sequence":"additional","affiliation":[{"name":"UFSC,  Brasil; Secretaria do Estado de Santa Catarina,  Brasil"}]},{"given":"Maria Manuela Ferreira Pereira da Silva","family":"Martins","sequence":"additional","affiliation":[{"name":"Escola Superior de Enfermagem do Porto,  Portugal"}]},{"given":"N\u00e9bia Maria Almeida de","family":"Figueiredo","sequence":"additional","affiliation":[{"name":"UNIRIO,  Brasil"}]}],"member":"530","published-online":{"date-parts":[[2018,8,27]]},"reference":[{"key":"ref1","series-title":"Censo Demogr\u00e1fico: Resultados preliminares da amostra","year":"2010"},{"key":"ref2","series-title":"Presid\u00eancia da Rep\u00fablica. Secretaria Nacional de Promo\u00e7\u00e3o dos Direitos da Pessoa com Defici\u00eancia (SNPD). Coordena\u00e7\u00e3o-Geral do Sistema de Informa\u00e7\u00f5es sobre a Pessoa com Defici\u00eancia. Cartilha do Censo 2010","year":"2012"},{"issue":"4","key":"ref3","first-page":"929","article-title":"Functional assessment of people with spinal cord injury: use of the functional independence measure - FIM","volume":"21","author":"Silva GA","year":"2012","journal-title":"Texto Contexto Enferm"},{"issue":"spe","key":"ref4","first-page":"158","article-title":"Primary Health Care essential attributes and the Family Health Strategy","volume":"66","author":"Oliveira MAC","year":"2013","journal-title":"Rev Bras Enferm"},{"issue":"2","key":"ref5","first-page":"353","article-title":"Evaluation of the family focus and community orientation in the Family Health Strategy","volume":"19","author":"Alencar MN de","year":"2014","journal-title":"Ci\u00eanc Sa\u00fade Coletiva"},{"issue":"4","key":"ref6","doi-asserted-by":"crossref","first-page":"1289","DOI":"10.1590\/1413-81232015214.15042015","article-title":"Tend\u00eancia das interna\u00e7\u00f5es por condi\u00e7\u00e3o sens\u00edvel \u00e0 aten\u00e7\u00e3o prim\u00e1ria e fatores associados em Porto Alegre, RS, Brasil","volume":"21","author":"Costa JSD","year":"2016","journal-title":"Ci\u00eanc Sa\u00fade Coletiva"},{"key":"ref7","series-title":"Tratado de Cuidados de Enfermagem","first-page":"2502","volume-title":"Pol\u00edtica Nacional de Sa\u00fade da Pessoa com Defici\u00eancia","volume":"2","author":"Machado WCA","year":"2012"},{"issue":"6","key":"ref8","doi-asserted-by":"crossref","DOI":"10.1179\/2045772312Y.0000000067","article-title":"Relationship of nursing education and care management inpatient rehabilitation interventions and patient characteristics to outcomes following spinal cord injury: the SCIRehab project","volume":"35","author":"Bailey J","year":"2012","journal-title":"J Spinal Cord Med"},{"issue":"16","key":"ref9","article-title":"Current trends in the length of stay in neurological early rehabilitation","volume":"107","author":"Rollnik JD","year":"2010","journal-title":"Dtsch Arztebl Int"},{"issue":"4","key":"ref10","doi-asserted-by":"crossref","DOI":"10.3390\/ijerph120404439","article-title":"Rehabilitation Living Lab in the Mall Community of Practice: Learning Together to Improve Rehabilitation, Participation and Social Inclusion for People Living with Disabilities","volume":"12","author":"Mazer B","year":"2015","journal-title":"Int J Environ Res Public Health"},{"issue":"5","key":"ref11","doi-asserted-by":"crossref","DOI":"10.1093\/eurpub\/ckt203","article-title":"AHRQ prevention quality indicators to assess the quality of primary care of local providers: a pilot study from Italy","volume":"24","author":"Manzoli L","year":"2014","journal-title":"Eur J Public Health"},{"key":"ref12","series-title":"Portaria no. 793, de 24 de abril de 2012. Institui a Rede de Cuidados \u00e0 Pessoa com Defici\u00eancia no \u00e2mbito do Sistema \u00danico de Sa\u00fade","year":"2012"},{"issue":"3","key":"ref13","doi-asserted-by":"crossref","first-page":"1033","DOI":"10.1590\/s0103-73312016000300016","article-title":"Refer\u00eancia e contrarrefer\u00eancia entre os servi\u00e7os de reabilita\u00e7\u00e3o f\u00edsica da pessoa com defici\u00eancia: a (des)articula\u00e7\u00e3o na microrregi\u00e3o Centro-Sul Fluminense, Rio de Janeiro, Brasil","volume":"26","author":"PEREIRA Juarez de Souza","year":"2016","journal-title":"Physis"},{"issue":"4","key":"ref14","doi-asserted-by":"crossref","first-page":"741","DOI":"10.1590\/1980-5918.029.004.ao10","article-title":"NASF\u2019s tools and practices in health of physical therapists","volume":"29","author":"Fernandes JM","year":"2016","journal-title":"Fisioter. mov"},{"key":"ref15","series-title":"Portaria n\u00ba 4.279, de 30 de dezembro de 2010. Estabelece diretrizes para a organiza\u00e7\u00e3o da Rede de Aten\u00e7\u00e3o \u00e0 Sa\u00fade no \u00e2mbito do Sistema \u00danico de Sa\u00fade (SUS)","year":"2010"},{"issue":"9","key":"ref16","doi-asserted-by":"crossref","first-page":"1772","DOI":"10.1590\/S0102-311X2012000900015","article-title":"Avalia\u00e7\u00e3o da qualidade da aten\u00e7\u00e3o prim\u00e1ria pelos profissionais de sa\u00fade: compara\u00e7\u00e3o entre diferentes tipos de servi\u00e7os","volume":"28","author":"Castro RCL de","year":"2012","journal-title":"Cad Sa\u00fade P\u00fablica"},{"issue":"2","key":"ref17","doi-asserted-by":"crossref","first-page":"207","DOI":"10.1590\/S1983-80422013000200003","article-title":"Interfaces entre territ\u00f3rio, ambiente e sa\u00fade na aten\u00e7\u00e3o prim\u00e1ria: uma leitura bio\u00e9tica","volume":"21","author":"Junges JR","year":"2013","journal-title":"Rev Bio\u00e9t"},{"issue":"1","key":"ref18","first-page":"75","article-title":"Hospitaliza\u00e7\u00f5es por condi\u00e7\u00f5es sens\u00edveis \u00e0 aten\u00e7\u00e3o prim\u00e1ria em Florian\u00f3polis, Santa Catarina - estudo ecol\u00f3gico de 2001 a 2011","volume":"25","author":"Brasil VP","year":"2016","journal-title":"Epidemiol Serv Sa\u00fade"},{"key":"ref19","series-title":"Portaria n\u00ba 2.488, de 21 de outubro de 2011: aprova a Pol\u00edtica Nacional de Aten\u00e7\u00e3o B\u00e1sica, estabelecendo a revis\u00e3o de diretrizes e normas para a organiza\u00e7\u00e3o da Aten\u00e7\u00e3o B\u00e1sica, para a Estrat\u00e9gia Sa\u00fade da Fam\u00edlia (ESF) e o Programa de Agentes Comunit\u00e1rios de Sa\u00fade (PACS)","year":"2011"},{"issue":"11","key":"ref20","doi-asserted-by":"crossref","first-page":"2076","DOI":"10.1590\/S0102-311X2012001100007","article-title":"N\u00facleos de Apoio \u00e0 Sa\u00fade da Fam\u00edlia: desafios e potencialidades na vis\u00e3o dos profissionais da Aten\u00e7\u00e3o Prim\u00e1ria do Munic\u00edpio de S\u00e3o Paulo, Brasil","volume":"28","author":"Silva ATC","year":"2012","journal-title":"Cad Sa\u00fade P\u00fablica"},{"issue":"Spe","key":"ref21","doi-asserted-by":"crossref","first-page":"129","DOI":"10.1590\/S0102-71822011000400016","article-title":"Psicologia na Aten\u00e7\u00e3o B\u00e1sica \u00e0 Sa\u00fade: demanda, territ\u00f3rio e integralidade. Florian\u00f3polis","volume":"23","author":"Jimenez L","year":"2011","journal-title":"Psicol Soc"},{"issue":"2","key":"ref22","doi-asserted-by":"crossref","first-page":"207","DOI":"10.1590\/1415-52732015000200009","article-title":"Forma\u00e7\u00e3o e atua\u00e7\u00e3o de nutricionistas dos N\u00facleos de Apoio \u00e0 Sa\u00fade da Fam\u00edlia","volume":"28","author":"Aguiar CB","year":"2015","journal-title":"Rev Nutr"},{"key":"ref23","series-title":"Aten\u00e7\u00e3o Domiciliar: manual instrutivo","year":"2013"},{"key":"ref24","series-title":"Portaria n\u00ba 1.600 de 7 de julho de 2011: reformula a Pol\u00edtica Nacional de Aten\u00e7\u00e3o \u00e0s Urg\u00eancias e institui a Rede de Aten\u00e7\u00e3o \u00e0s Urg\u00eancias no Sistema \u00danico de Sa\u00fade (SUS)","year":"2011"},{"key":"ref25","series-title":"Portaria n\u00ba 963 de 27 de maio de 2013: redefine a aten\u00e7\u00e3o domiciliar no \u00e2mbito do Sistema \u00danico de Sa\u00fade (SUS)","year":"2013"},{"issue":"4","key":"ref26","first-page":"654","article-title":"The feelings of paraplegic clients with spinal cord lesion and their caregivers: implications to the nursing care","volume":"12","author":"Aavarez AB","year":"2013","journal-title":"Ci\u00eanc Cuid Sa\u00fade"},{"issue":"10","key":"ref27","first-page":"3161","article-title":"Hospital discharge of patients with disabling neurological injury: necessary referrals to rehabilitation","volume":"21","author":"Machado WCA","year":"2016","journal-title":"Ci\u00eanc Sa\u00fade Coletiva"},{"key":"ref28","article-title":"Predictors of quality of life after moderate to severe traumatic brain injury","author":"Weber KT","year":"2016","journal-title":"Arq. Neuro-Psiquiatr"},{"key":"ref29","series-title":"O cotidiano na perspectiva da pessoa com defici\u00eancia","author":"Machado WCA","year":"2017"},{"issue":"4","key":"ref30","doi-asserted-by":"crossref","first-page":"898","DOI":"10.1590\/0104-07072014000240014","article-title":"Health care for people with amputation: analysis from the perspective of bioethics","volume":"23","author":"Marques AMFB","year":"2014","journal-title":"Texto Contexto Enferm"},{"issue":"5","key":"ref31","first-page":"81","article-title":"The perception of transtibial amputees regarding the use of prostheses","volume":"4","author":"Rezende LK","year":"2015","journal-title":"Inter J Humanities Social Science Invent"},{"issue":"4","key":"ref32","first-page":"1064","article-title":"Knowledge of the professional about nursing care of people with ostomies and their families","volume":"22","author":"Ardigo FS","year":"2013","journal-title":"Texto Contexto Enferm"}],"container-title":["Texto &amp; Contexto - Enfermagem"],"original-title":[],"link":[{"URL":"http:\/\/www.scielo.br\/pdf\/tce\/v27n3\/0104-0707-tce-27-03-e4480016.pdf","content-type":"unspecified","content-version":"vor","intended-application":"similarity-checking"}],"deposited":{"date-parts":[[2018,9,5]],"date-time":"2018-09-05T19:53:22Z","timestamp":1536177202000},"score":1,"resource":{"primary":{"URL":"http:\/\/www.scielo.br\/scielo.php?script=sci_arttext&pid=S0104-07072018000300600&lng=pt&tlng=pt"}},"subtitle":[],"short-title":[],"issued":{"date-parts":[[2018,8,27]]},"references-count":32,"journal-issue":{"issue":"3","published-online":{"date-parts":[[2018]]}},"alternative-id":["S0104-07072018000300600"],"URL":"https:\/\/doi.org\/10.1590\/0104-07072018004480016","relation":{},"ISSN":["1980-265X","0104-0707"],"issn-type":[{"value":"1980-265X","type":"electronic"},{"value":"0104-0707","type":"print"}],"subject":[],"published":{"date-parts":[[2018,8,27]]}}}