{"status":"ok","message-type":"work","message-version":"1.0.0","message":{"indexed":{"date-parts":[[2023,9,14]],"date-time":"2023-09-14T21:32:32Z","timestamp":1694727152217},"reference-count":33,"publisher":"FapUNIFESP (SciELO)","issue":"9","content-domain":{"domain":[],"crossmark-restriction":false},"short-container-title":["Ci\u00eanc. sa\u00fade coletiva"],"published-print":{"date-parts":[[2015,9]]},"abstract":"<jats:p>Resumo Este estudo teve como objetivo verificar o perfil sociodemogr\u00e1fico, as condi\u00e7\u00f5es de sa\u00fade e a rela\u00e7\u00e3o com o consumo de produtos org\u00e2nicos de consumidores que frequentavam diferentes feiras agroecol\u00f3gicas no munic\u00edpio de Pelotas \u2013 RS. Aplicou-se um question\u00e1rio aos consumidores de produtos org\u00e2nicos durante as compras nas feiras agroecol\u00f3gicas. Observou-se que os consumidores com menor n\u00edvel de escolaridade e renda passaram a frequentar mais as feiras agroecol\u00f3gicas consumindo mais alimentos org\u00e2nicos. Os consumidores estavam preocupados com sa\u00fade e alimenta\u00e7\u00e3o, sendo pequena a parcela dos que apresentavam diagn\u00f3stico de doen\u00e7a, ocorrendo diferentes motiva\u00e7\u00f5es que influenciavam a compra de alimentos org\u00e2nicos.<\/jats:p>","DOI":"10.1590\/1413-81232015209.12002014","type":"journal-article","created":{"date-parts":[[2015,8,29]],"date-time":"2015-08-29T23:03:47Z","timestamp":1440889427000},"page":"2797-2804","source":"Crossref","is-referenced-by-count":4,"title":["Mudan\u00e7a no perfil sociodemogr\u00e1fico de consumidores de produtos org\u00e2nicos"],"prefix":"10.1590","volume":"20","author":[{"given":"Maristela Costamilan","family":"Pereira","sequence":"first","affiliation":[{"name":"Universidade Federal de Pelotas, Brasil"}]},{"given":"C\u00e1tia Regina","family":"M\u00fcller","sequence":"additional","affiliation":[{"name":"Universidade Federal de Pelotas, Brasil"}]},{"given":"Fernanda Souza Abduch","family":"Rodrigues","sequence":"additional","affiliation":[{"name":"Universidade Federal de Pelotas, Brasil"}]},{"given":"Ang\u00e9lica Bandeira Afonso","family":"Moutinho","sequence":"additional","affiliation":[{"name":"Universidade Federal de Pelotas, Brasil"}]},{"given":"Kelly Lameiro","family":"Rodrigues","sequence":"additional","affiliation":[{"name":"Universidade Federal de Pelotas, Brasil"}]},{"given":"Fabiana Torma","family":"Botelho","sequence":"additional","affiliation":[{"name":"Universidade Federal de Pelotas, Brasil"}]}],"member":"530","reference":[{"key":"ref1","series-title":"The World of Organic Agriculture \u2013 Statistics and Emerging Trends 2010","author":"Willer H"},{"key":"ref2","series-title":"The European Market for Organic Food. Forschungsinstitut f\u00fcr biologischen Landbau, (FiBL) Frick BioFach 2012","author":"Willer H"},{"key":"ref3","series-title":"Censo Agropecu\u00e1rio 2009","year":"2009"},{"key":"ref4","series-title":"Cadeia produtiva de produtos org\u00e2nicos \u2013 S\u00e9rie Agroneg\u00f3cios","author":"Buainain AM","year":"2007","edition":"5"},{"issue":"11","key":"ref5","article-title":"Situa\u00e7\u00e3o do mercado de produtos org\u00e2nicos e as formas de comercializa\u00e7\u00e3o no Brasil","volume":"39","author":"Terrazzan P","year":"2009","journal-title":"Informa\u00e7\u00f5es Econ\u00f4micas"},{"key":"ref6","series-title":"Dossi\u00ea ABRASCO \u2013 Um alerta sobre os impactos dos agrot\u00f3xicos na sa\u00fade","author":"Carneiro FF","year":"2012"},{"issue":"1","key":"ref7","doi-asserted-by":"crossref","first-page":"115","DOI":"10.1590\/S1413-81232007000100015","article-title":"Exposi\u00e7\u00e3o m\u00faltipla a agrot\u00f3xicos e efeitos \u00e0 sa\u00fade: estudo transversal em amostra de 102 trabalhadores rurais, Nova Friburgo, RJ","volume":"12","author":"Ara\u00fajo AJ","year":"2007","journal-title":"Cien Saude Colet"},{"issue":"8","key":"ref8","doi-asserted-by":"crossref","first-page":"3493","DOI":"10.1590\/S1413-81232011000900017","article-title":"Intoxica\u00e7\u00e3o por agrot\u00f3xicos no Distrito Federal, Brasil, de 2004 a 2007 \u2013 an\u00e1lise da notifica\u00e7\u00e3o ao Centro de Informa\u00e7\u00e3o e Assist\u00eancia Toxicol\u00f3gica","volume":"16","author":"Rebelo FM","year":"2011","journal-title":"Cien Saude Colet"},{"issue":"10","key":"ref9","doi-asserted-by":"crossref","first-page":"4197","DOI":"10.1590\/1413-812320141910.09342014","article-title":"Trabalho rural e riscos \u00e0 sa\u00fade: uma revis\u00e3o sobre o \u201cuso seguro\u201d de agrot\u00f3xicos no Brasil","volume":"19","author":"Abreu PHB","year":"2014","journal-title":"Cien Saude Colet"},{"issue":"2","key":"ref10","first-page":"2903","article-title":"Percep\u00e7\u00e3o dos consumidores quanto aos produtos org\u00e2nicos na regi\u00e3o de Maring\u00e1 - Paran\u00e1, Brasil. Universidade Estadual de Maring\u00e1","volume":"4","author":"Pimenta VP","year":"2009","journal-title":"Rev. Bras. de Agroecologia"},{"issue":"3","key":"ref11","first-page":"357","article-title":"Caracteriza\u00e7\u00e3o de um grupo de produtores agroecol\u00f3gicos do sul do Rio Grande do Sul","volume":"10","author":"Storch G","year":"2004","journal-title":"Rev. Bras. Agroci\u00eancia"},{"issue":"8","key":"ref12","doi-asserted-by":"crossref","first-page":"643","DOI":"10.1108\/00070700210425930","article-title":"Consumer motivations in the purchase of organic food. A means-end approach","volume":"104","author":"Zanoli R","year":"2002","journal-title":"British Food Journal"},{"issue":"1","key":"ref13","first-page":"71","article-title":"Caracteriza\u00e7\u00e3o dos consumidores de produtos da agricultura org\u00e2nica na regi\u00e3o de pelotas \u2013 RS","volume":"9","author":"Storch G","year":"2003","journal-title":"Rev. Bras. Agroci\u00eancia"},{"issue":"5","key":"ref14","doi-asserted-by":"crossref","first-page":"320","DOI":"10.1108\/00070700510596901","article-title":"Consumers\u2019 willingness to pay for organic food: Factors that affect it and variation per organic product type","volume":"107","author":"Krystallis A","year":"2005","journal-title":"British Food Journal"},{"issue":"9","key":"ref15","doi-asserted-by":"crossref","first-page":"929","DOI":"10.1108\/00070700810900620","article-title":"The decision to buy organic food products in Southern Italy","volume":"110","author":"Magistris T","year":"2008","journal-title":"British Food Journal"},{"key":"ref16","first-page":"11","article-title":"Certifica\u00e7\u00e3o e confian\u00e7a face -a-face em feiras de produtos org\u00e2nicos","volume":"58","author":"Portilho F","year":"2012","journal-title":"Rev. de Econ. Agr\u00edcola"},{"issue":"2","key":"ref17","article-title":"O perfil dos consumidores de produtos org\u00e2nicos da feira da cidade de Chapec\u00f3 \u2013 SC","volume":"4","author":"Verona LAF","year":"2009","journal-title":"Rev. Bras. de Agroecologia"},{"issue":"2","key":"ref18","first-page":"59","article-title":"O Est\u00edmulo local e o consumo de produtos org\u00e2nicos em Botucatu, SP","volume":"22","author":"Perosa JMY","year":"2009","journal-title":"Rev. de Estudos Sociais"},{"key":"ref19","author":"Anderson FS","year":"2009"},{"key":"ref20","series-title":"As feiras livres de Pelotas sob o imp\u00e9rio da globaliza\u00e7\u00e3o: perspectivas e tend\u00eancias","author":"Anjos FS","year":"2005"},{"key":"ref21","series-title":"Administra\u00e7\u00e3o de marketing: a edi\u00e7\u00e3o do novo mil\u00eanio","author":"Kotler P","year":"2003"},{"key":"ref22","series-title":"Marketing verde: desafios e oportunidades para a nova era do marketing","author":"Ottman JA","year":"1993"},{"key":"ref23","series-title":"Key Elements For A Sustainable World: Energy, Water And Climate Change","volume-title":"Consumidores de produtos org\u00e2nicos em Vit\u00f3ria da Conquista, Bahia \u2013 BA","author":"Trevizan SDP","year":"2009"},{"key":"ref24","doi-asserted-by":"crossref","first-page":"112","DOI":"10.1016\/j.foodpol.2007.09.004","article-title":"Consumer perceptions of organic foods in Bangkok, Thailand","volume":"33","author":"Roitner-Schobesberger B","year":"2008","journal-title":"Food Policy"},{"key":"ref25","first-page":"1","article-title":"Alimentos org\u00e2nicos em Curitiba: consumo e significado","volume":"3","author":"Archanjo LR","year":"2001","journal-title":"Cadernos de Debate"},{"key":"ref26","first-page":"45","article-title":"Proposta de um m\u00e9todo para avalia\u00e7\u00e3o da escolha alimentar do comensal de um restaurante por peso","volume":"74","author":"Jomori MM","year":"2005","journal-title":"Nutri\u00e7\u00e3o em Pauta"},{"key":"ref27","first-page":"7","article-title":"Restaurante \u201cpor quilo\u201d: vale quanto pesa? Uma avalia\u00e7\u00e3o do padr\u00e3o alimentar em restaurantes em S\u00e3o Paulo, S P","volume":"25","author":"Abreu ES","year":"2003","journal-title":"Nutrire: Rev Soc Bras Alim Nutr"},{"issue":"2","key":"ref28","doi-asserted-by":"crossref","first-page":"221","DOI":"10.1590\/S0034-89102010000200001","article-title":"Caracter\u00edsticas e gastos com alimenta\u00e7\u00e3o fora do domic\u00edlio no Brasil","volume":"44","author":"Bezerra IN","year":"2010","journal-title":"Rev Saude Publica"},{"key":"ref29","series-title":"Pesquisa de Or\u00e7amentos Familiares 2008\/2009","year":"2010"},{"issue":"96","key":"ref30","doi-asserted-by":"crossref","first-page":"27","DOI":"10.5007\/1984-9851.2009v10n96p27","article-title":"O comportamento de compra dos consumidores de alimentos org\u00e2nicos: um estudo explorat\u00f3rio","volume":"10","author":"Krischke PJ","year":"2009","journal-title":"Cadernos de Pesquisa Interdisciplinar em Ci\u00eancias Humanas"},{"issue":"5\/6","key":"ref31","first-page":"885","article-title":"Estudo do perfil dos consumidores de alimentos org\u00e2nicos em Goi\u00e2nia","volume":"36","author":"Santos CG","year":"2009","journal-title":"Estudos"},{"issue":"3","key":"ref32","first-page":"152","article-title":"Agricultura Org\u00e2nica: Caracteriza\u00e7\u00e3o do seu consumidor em cajazeiras PB","volume":"1","author":"V\u00e1squez SF","year":"2008","journal-title":"Revista Verde"},{"issue":"1","key":"ref33","doi-asserted-by":"crossref","first-page":"29","DOI":"10.5585\/remark.v11i1.2297","article-title":"Percep\u00e7\u00e3o do consumidor sobre produtos org\u00e2nicos","volume":"11","author":"Lima-Filho DO","year":"2012","journal-title":"REMark - Revista Brasileira de Marketing"}],"container-title":["Ci\u00eancia &amp; Sa\u00fade Coletiva"],"original-title":[],"link":[{"URL":"http:\/\/www.scielo.br\/pdf\/csc\/v20n9\/1413-8123-csc-20-09-2797.pdf","content-type":"unspecified","content-version":"vor","intended-application":"similarity-checking"}],"deposited":{"date-parts":[[2020,9,7]],"date-time":"2020-09-07T19:36:43Z","timestamp":1599507403000},"score":1,"resource":{"primary":{"URL":"http:\/\/www.scielo.br\/scielo.php?script=sci_arttext&pid=S1413-81232015000902797&lng=pt&tlng=pt"}},"subtitle":[],"short-title":[],"issued":{"date-parts":[[2015,9]]},"references-count":33,"journal-issue":{"issue":"9","published-print":{"date-parts":[[2015,9]]}},"alternative-id":["S1413-81232015000902797"],"URL":"https:\/\/doi.org\/10.1590\/1413-81232015209.12002014","relation":{},"ISSN":["1413-8123"],"issn-type":[{"value":"1413-8123","type":"electronic"}],"subject":[],"published":{"date-parts":[[2015,9]]}}}