{"status":"ok","message-type":"work","message-version":"1.0.0","message":{"indexed":{"date-parts":[[2025,2,21]],"date-time":"2025-02-21T12:56:26Z","timestamp":1740142586233,"version":"3.37.3"},"reference-count":34,"publisher":"FapUNIFESP (SciELO)","issue":"1","license":[{"start":{"date-parts":[[2023,1,1]],"date-time":"2023-01-01T00:00:00Z","timestamp":1672531200000},"content-version":"vor","delay-in-days":0,"URL":"http:\/\/creativecommons.org\/licenses\/by\/4.0\/"},{"start":{"date-parts":[[2023,1,1]],"date-time":"2023-01-01T00:00:00Z","timestamp":1672531200000},"content-version":"am","delay-in-days":0,"URL":"http:\/\/creativecommons.org\/licenses\/by\/4.0\/"},{"start":{"date-parts":[[2023,1,1]],"date-time":"2023-01-01T00:00:00Z","timestamp":1672531200000},"content-version":"tdm","delay-in-days":0,"URL":"http:\/\/creativecommons.org\/licenses\/by\/4.0\/"}],"content-domain":{"domain":[],"crossmark-restriction":false},"short-container-title":["Ci\u00eanc. sa\u00fade coletiva"],"abstract":"<jats:p>Abstract Horizontal equity in the use of healthcare implies equal use for equal needs, regardless of other factors - be they predisposing or enabling (Andersen\u2019s model). This study aimed to assess equity in the use of doctor\u2019s appointments in Portugal in 2019, comparing the results with those obtained in a previous study, based on data from 2014. Data were retrieved from the Health Interview Survey 2019 (HIS 2019). Healthcare is measured by the number of doctor\u2019s appointments. Our study adopted the Negative Binomial Model to assess the factors affecting use. The concentration index was calculated to quantify income-related inequality\/inequity. Compared to 2014, the effects of self-assessed health, limitations in daily living activities, and longstanding illnesses are more pronounced, and the region, income, household type and marital status are significant for appointments scheduled with a General Practitioner. In the case of appointments with specialists, health insurance lost statistical significance and the effect of education dropped; however, income became significant. The inequity index is not significant for appointments scheduled with a General Practitioner, as in 2014, but the (significant) value of this index increased for appointments with other specialists.<\/jats:p>","DOI":"10.1590\/1413-81232023281.07762022en","type":"journal-article","created":{"date-parts":[[2023,1,9]],"date-time":"2023-01-09T20:03:41Z","timestamp":1673294621000},"page":"107-107","source":"Crossref","is-referenced-by-count":1,"title":["Access for those who want or for those who can? Equity in the use of doctor\u2019s appointments in Portugal based on the HIS 2019"],"prefix":"10.1590","volume":"28","author":[{"ORCID":"https:\/\/orcid.org\/0000-0002-2113-2139","authenticated-orcid":false,"given":"Micaela","family":"Antunes","sequence":"first","affiliation":[{"name":"Universidade de Coimbra,  Portugal"}]},{"ORCID":"https:\/\/orcid.org\/0000-0002-8306-3431","authenticated-orcid":false,"given":"Carlota","family":"Quintal","sequence":"additional","affiliation":[{"name":"Universidade de Coimbra,  Portugal"}]}],"member":"530","published-online":{"date-parts":[[2023,1]]},"reference":[{"year":"1980","series-title":"Inequalities in health: report of a working group chaired by Sir Douglas Black","key":"ref1"},{"issue":"6","key":"ref2","doi-asserted-by":"crossref","first-page":"723","DOI":"10.1016\/S0277-9536(96)00183-9","article-title":"The Black Report and beyond what are the issues","volume":"44","author":"Macintyre S","year":"1997","journal-title":"Soc Sci Med"},{"year":"2019","series-title":"Healthy, prosperous lives for all: the European Health Equity Status Report","key":"ref3"},{"year":"2019","series-title":"Health for everyone? - Social inequalities in health and health syste","key":"ref4"},{"issue":"9846","key":"ref5","doi-asserted-by":"crossref","first-page":"1011","DOI":"10.1016\/S0140-6736(12)61228-8","article-title":"WHO European review of social determinants of health and the health divide","volume":"380","author":"Marmot M","year":"2012","journal-title":"Lancet"},{"key":"ref6","doi-asserted-by":"crossref","first-page":"18","DOI":"10.1186\/1475-9276-12-18","article-title":"Patient centred access to health care conceptualising access at the interface of health systems and populations","volume":"12","author":"Levesque JF","year":"2013","journal-title":"Int J Equity Health"},{"issue":"1","key":"ref7","doi-asserted-by":"crossref","first-page":"1","DOI":"10.2307\/2137284","article-title":"Revisiting the behavioral model and access to medical care does it matter?","volume":"36","author":"Andersen RM","year":"1995","journal-title":"J Health Soc Behav"},{"key":"ref8","series-title":"Handbook of health economics","doi-asserted-by":"crossref","first-page":"1803","DOI":"10.1016\/S1574-0064(00)80047-5","volume-title":"Equity in Health care finance and delivery","author":"Wagstaff A","year":"2000"},{"first-page":"2357","year":"1979","series-title":"Lei n\u00ba 56\/1979","key":"ref9"},{"first-page":"3452","year":"1990","series-title":"Lei n\u00ba 48\/1990","key":"ref10"},{"year":"2015","series-title":"Plano Nacional de Sa\u00fade - Revis\u00e3o e extens\u00e3o a 2020","key":"ref11"},{"first-page":"55","year":"2019","series-title":"Lei n\u00ba 95\/2019","key":"ref12"},{"series-title":"Plano Nacional de Sa\u00fade 2021-2030","key":"ref13"},{"issue":"7","key":"ref14","doi-asserted-by":"crossref","first-page":"629","DOI":"10.1002\/hec.919","article-title":"Explaining income-related inequalities in doctor utilization in Europe","volume":"13","author":"van Doorslaer E","year":"2004","journal-title":"Health Econ"},{"year":"2004","series-title":"Income-related inequality in the use of medical care in 21 OECD countries","author":"van Doorslaer E","key":"ref15"},{"issue":"2","key":"ref16","doi-asserted-by":"crossref","first-page":"280","DOI":"10.1016\/j.jhealeco.2008.09.008","article-title":"Measurement of horizontal inequity in health care utilisation using European panel data","volume":"28","author":"d'Uva TB","year":"2009","journal-title":"J Health Econ"},{"key":"ref17","first-page":"6","article-title":"A equidade na utiliza\u00e7\u00e3o de cuidados de sa\u00fade em Portugal uma avalia\u00e7\u00e3o baseada em modelos de contagem","volume":"25","author":"Louren\u00e7o \u00d3","year":"2007","journal-title":"Notas Econ"},{"year":"2008","series-title":"Impact of health care system on socioeconomic inequalities in doctor use","author":"Or Z","key":"ref18"},{"issue":"10","key":"ref19","doi-asserted-by":"crossref","first-page":"1063","DOI":"10.1016\/j.healthpol.2017.08.011","article-title":"Inequity in healthcare use among older people after 2008: the case of southern European countries","volume":"121","author":"Tavares LP","year":"2017","journal-title":"Health Policy"},{"issue":"2","key":"ref20","doi-asserted-by":"crossref","first-page":"93","DOI":"10.20344\/amp.12278","article-title":"Equidade na utiliza\u00e7\u00e3o de consultas m\u00e9dicas em Portugal na sa\u00fade e na doen\u00e7a, na riqueza e na pobreza?","volume":"33","author":"Quintal C","year":"2020","journal-title":"Acta Med Port"},{"issue":"1","key":"ref21","doi-asserted-by":"crossref","first-page":"58","DOI":"10.1186\/s12939-020-01375-1","article-title":"Socioeconomic inequalities in primary-care and specialist physician visits a systematic review","volume":"20","author":"Lueckmann SL","year":"2021","journal-title":"Int J Equity Health"},{"year":"2020","series-title":"Inqu\u00e9rito Nacional de Sa\u00fade 2014","key":"ref22"},{"year":"2008","series-title":"Analyzing health equity using survey data: a guide to techniques and their implementation","key":"ref23"},{"issue":"1","key":"ref24","doi-asserted-by":"crossref","first-page":"87","DOI":"10.1016\/S0304-4076(96)01807-6","article-title":"Socioeconomic inequalities in health measurement, computation and statistical inference","volume":"77","author":"Kakwani NC","year":"1997","journal-title":"J Econom"},{"issue":"1","key":"ref25","doi-asserted-by":"crossref","first-page":"112","DOI":"10.1177\/1536867X1601600112","article-title":"Conindex estimation of concentration indices","volume":"16","author":"O'Donnell O","year":"2016","journal-title":"Stata J"},{"issue":"1","key":"ref26","doi-asserted-by":"crossref","first-page":"140","DOI":"10.1186\/s12939-016-0431-8","article-title":"Changes in health care inequity in Brazil between 2008 and 2013","volume":"15","author":"O'Donnell O","year":"2016","journal-title":"Int J Equity Health"},{"issue":"2","key":"ref27","doi-asserted-by":"crossref","first-page":"98","DOI":"10.1590\/S1020-49892013000200004","article-title":"Income-related inequality in health and health care utilization in Chile, 2000-2009","volume":"33","author":"V\u00e1squez F","year":"2013","journal-title":"Rev Panam Salud Publica"},{"issue":"4","key":"ref28","doi-asserted-by":"crossref","first-page":"637","DOI":"10.1093\/eurpub\/ckx031","article-title":"Health care on equal terms Assessing horizontal equity in health care use in Northern Sweden","volume":"27","author":"San Sebasti\u00e1n M","year":"2017","journal-title":"Eur J Public Health"},{"issue":"1","key":"ref29","doi-asserted-by":"crossref","first-page":"20","DOI":"10.1186\/s12939-017-0520-3","article-title":"Equitable health services for the young A decomposition of income-related inequalities in young adults' utilization of health care in northern Sweden","volume":"16","author":"Mosquera PA","year":"2017","journal-title":"Int J Equity Health"},{"issue":"2","key":"ref30","first-page":"1","article-title":"Portugal health system review","volume":"19","author":"Sim\u00f5es J","year":"2017","journal-title":"Health Syst Transit"},{"issue":"1","key":"ref31","doi-asserted-by":"crossref","first-page":"134","DOI":"10.1186\/s12939-017-0630-y","article-title":"Financial crisis and income-related inequalities in the universal provision of a public service the case of healthcare in Spain","volume":"16","author":"Ab\u00e1solo I","year":"2017","journal-title":"Int J Equity Health"},{"issue":"Suppl. 1","key":"ref32","doi-asserted-by":"crossref","first-page":"73","DOI":"10.1093\/eurpub\/ckw255","article-title":"Exploring the differences in general practitioner and health care specialist utilization according to education, occupation, income and social networks across Europe: findings from the European social survey (2014) special module on the social determinants of health","volume":"27","author":"Fj\u00e6r EL","year":"2017","journal-title":"Eur J Public Health"},{"issue":"1","key":"ref33","doi-asserted-by":"crossref","first-page":"145","DOI":"10.1186\/s12939-019-1044-9","article-title":"Evolution of catastrophic health expenditure in a high-income country incidence versus inequalities","volume":"18","author":"Quintal C","year":"2019","journal-title":"Int J Equity Health"},{"issue":"4","key":"ref34","doi-asserted-by":"crossref","first-page":"615","DOI":"10.1093\/eurpub\/ckaa001","article-title":"Re-thinking health inequalities","volume":"30","author":"Mackenbach JP","year":"2020","journal-title":"Eur J Public Health"}],"container-title":["Ci\u00eancia &amp; Sa\u00fade Coletiva"],"original-title":["Acesso para quem quer ou para quem pode? Equidade na utiliza\u00e7\u00e3o de consultas m\u00e9dicas em Portugal com base no INS 2019"],"link":[{"URL":"http:\/\/www.scielo.br\/scielo.php?script=sci_pdf&pid=S1413-81232023000100107&tlng=en","content-type":"unspecified","content-version":"vor","intended-application":"similarity-checking"}],"deposited":{"date-parts":[[2023,1,9]],"date-time":"2023-01-09T20:04:21Z","timestamp":1673294661000},"score":1,"resource":{"primary":{"URL":"http:\/\/www.scielo.br\/scielo.php?script=sci_arttext&pid=S1413-81232023000100107&tlng=en"}},"subtitle":[],"short-title":[],"issued":{"date-parts":[[2023,1]]},"references-count":34,"journal-issue":{"issue":"1","published-online":{"date-parts":[[2023,1]]}},"alternative-id":["S1413-81232023000100107"],"URL":"https:\/\/doi.org\/10.1590\/1413-81232023281.07762022en","relation":{"has-translation":[{"id-type":"doi","id":"10.1590\/1413-81232023281.07762022","asserted-by":"subject"}]},"ISSN":["1678-4561","1413-8123"],"issn-type":[{"type":"electronic","value":"1678-4561"},{"type":"print","value":"1413-8123"}],"subject":[],"published":{"date-parts":[[2023,1]]}}}