{"status":"ok","message-type":"work","message-version":"1.0.0","message":{"indexed":{"date-parts":[[2025,10,1]],"date-time":"2025-10-01T16:31:07Z","timestamp":1759336267985,"version":"3.37.3"},"reference-count":30,"publisher":"FapUNIFESP (SciELO)","issue":"1","license":[{"start":{"date-parts":[[2022,3,1]],"date-time":"2022-03-01T00:00:00Z","timestamp":1646092800000},"content-version":"vor","delay-in-days":0,"URL":"http:\/\/creativecommons.org\/licenses\/by\/4.0\/"},{"start":{"date-parts":[[2022,3,1]],"date-time":"2022-03-01T00:00:00Z","timestamp":1646092800000},"content-version":"am","delay-in-days":0,"URL":"http:\/\/creativecommons.org\/licenses\/by\/4.0\/"},{"start":{"date-parts":[[2022,3,1]],"date-time":"2022-03-01T00:00:00Z","timestamp":1646092800000},"content-version":"tdm","delay-in-days":0,"URL":"http:\/\/creativecommons.org\/licenses\/by\/4.0\/"}],"content-domain":{"domain":[],"crossmark-restriction":false},"short-container-title":["Cad. sa\u00fade colet."],"abstract":"<jats:p>Resumo  Introdu\u00e7\u00e3o A mortalidade por tuberculose \u00e9 um indicador sens\u00edvel \u00e0s desigualdades em sa\u00fade, considerando-se que o risco para sua ocorr\u00eancia est\u00e1 relacionado \u00e0 vulnerabilidade dos territ\u00f3rios.  Objetivo Investigar se as varia\u00e7\u00f5es espaciais dos determinantes sociais afetam as mortes por tuberculose em um munic\u00edpio da regi\u00e3o amaz\u00f4nica.  M\u00e9todo Estudo ecol\u00f3gico com medidas m\u00faltiplas de an\u00e1lise, composto por \u00f3bitos por tuberculose como causa b\u00e1sica em Manaus, Amazonas, Brasil, notificados no Sistema de Informa\u00e7\u00e3o sobre Mortalidade (2006-2015). Nas an\u00e1lises, foram calculadas as taxas bruta e padronizada, e usado o \u00cdndice de Moran para verificar a autocorrela\u00e7\u00e3o espacial da mortalidade e, posteriormente, foi aplicada a regress\u00e3o geograficamente ponderada para aferir a rela\u00e7\u00e3o da desigualdade com as mortes por tuberculose.  Resultados Foram identificados 731 \u00f3bitos pela doen\u00e7a. A distribui\u00e7\u00e3o da mortalidade ocorreu de forma heterog\u00eanea, sendo que as altas taxas de \u00f3bito por tuberculose estavam em \u00e1reas mais socialmente vulner\u00e1veis. Foram confirmadas a autocorrela\u00e7\u00e3o e a depend\u00eancia espacial. O modelo final apresentou as vari\u00e1veis indicadoras de iniquidades (baixa renda, pobreza e escolaridade), mostrando rela\u00e7\u00e3o destas com a mortalidade.  Conclus\u00e3o Ficou evidente que os determinantes sociais no espa\u00e7o urbano influenciam a mortalidade por tuberculose na regi\u00e3o. Portanto, avan\u00e7ar em pol\u00edticas p\u00fablicas para corrigir as iniquidades em sa\u00fade pode influenciar positivamente esse cen\u00e1rio.<\/jats:p>","DOI":"10.1590\/1414-462x202230010308","type":"journal-article","created":{"date-parts":[[2022,4,27]],"date-time":"2022-04-27T13:00:19Z","timestamp":1651064419000},"page":"1-12","source":"Crossref","is-referenced-by-count":3,"title":["Distribui\u00e7\u00e3o e depend\u00eancia espacial da mortalidade por tuberculose em um munic\u00edpio da regi\u00e3o amaz\u00f4nica"],"prefix":"10.1590","volume":"30","author":[{"ORCID":"https:\/\/orcid.org\/0000-0003-4792-8714","authenticated-orcid":false,"given":"Ricardo Alexandre","family":"Arc\u00eancio","sequence":"first","affiliation":[{"name":"Universidade de S\u00e3o Paulo,  Brasil"}]},{"ORCID":"https:\/\/orcid.org\/0000-0003-0207-0398","authenticated-orcid":false,"given":"Aylana de Souza","family":"Belchior","sequence":"additional","affiliation":[{"name":"Universidade de S\u00e3o Paulo,  Brasil"}]},{"ORCID":"https:\/\/orcid.org\/0000-0003-3302-0502","authenticated-orcid":false,"given":"Luiz Henrique","family":"Arroyo","sequence":"additional","affiliation":[{"name":"Universidade de S\u00e3o Paulo,  Brasil"}]},{"ORCID":"https:\/\/orcid.org\/0000-0002-7008-8023","authenticated-orcid":false,"given":"Alexandre Tadashi Inomata","family":"Bruce","sequence":"additional","affiliation":[{"name":"Universidade de S\u00e3o Paulo,  Brasil"}]},{"ORCID":"https:\/\/orcid.org\/0000-0001-5606-9478","authenticated-orcid":false,"given":"Felipe Lima dos","family":"Santos","sequence":"additional","affiliation":[{"name":"Universidade de S\u00e3o Paulo,  Brasil"}]},{"ORCID":"https:\/\/orcid.org\/0000-0001-5228-8788","authenticated-orcid":false,"given":"Mellina","family":"Yamamura","sequence":"additional","affiliation":[{"name":"Universidade Federal de S\u00e3o Carlos,  Brasil"}]},{"ORCID":"https:\/\/orcid.org\/0000-0003-1807-8191","authenticated-orcid":false,"given":"Ana Ang\u00e9lica R\u00eago de","family":"Queiroz","sequence":"additional","affiliation":[{"name":"Universidade Federal do Rio Grande do Norte,  Brasil"}]},{"ORCID":"https:\/\/orcid.org\/0000-0001-9817-7979","authenticated-orcid":false,"given":"Danielle Talita dos","family":"Santos","sequence":"additional","affiliation":[{"name":"Universidade de S\u00e3o Paulo,  Brasil"}]},{"ORCID":"https:\/\/orcid.org\/0000-0002-2531-9937","authenticated-orcid":false,"given":"Severina Alice da Costa","family":"Uch\u00f4a","sequence":"additional","affiliation":[{"name":"Universidade Federal do Rio Grande do Norte,  Brasil"}]},{"ORCID":"https:\/\/orcid.org\/0000-0003-4562-1057","authenticated-orcid":false,"given":"Carla","family":"Nunes","sequence":"additional","affiliation":[{"name":"Universidade Nova de Lisboa,  Portugal"}]}],"member":"530","published-online":{"date-parts":[[2022,3]]},"reference":[{"year":"2018","series-title":"Global tuberculosis report 2017","key":"ref1"},{"issue":"5","key":"ref2","doi-asserted-by":"crossref","first-page":"574","DOI":"10.5588\/ijtld.15.0658","article-title":"Inequalities in tuberculosis mortality: long-term trends in 11 European countries","volume":"20","author":"Nagavci BL","year":"2016","journal-title":"Int J Tuberc Lung Dis"},{"issue":"4","key":"ref3","first-page":"270","article-title":"Tuberculose e iniquidade social em sa\u00fade: uma an\u00e1lise ecol\u00f3gica utilizando t\u00e9cnicas estat\u00edsticas multivariadas, S\u00e3o Paulo, Brasil","volume":"35","author":"Yamamura M","year":"2014","journal-title":"Rev Panam Salud Publica"},{"issue":"1","key":"ref4","doi-asserted-by":"crossref","first-page":"134","DOI":"10.1186\/s40249-017-0348-5","article-title":"Areas with evidence of equity and their progress on mortality from tuberculosis in an endemic municipality of southeast Brazil","volume":"6","author":"Yamamura M","year":"2017","journal-title":"Infect Dis Poverty"},{"issue":"1","key":"ref5","article-title":"Effects of social protection on tuberculosis treatment outcomes in low or middle-income and in high-burden countries: systematic review and meta-analysis","volume":"34","author":"Andrade KVF","year":"2018","journal-title":"Cad Saude Publica"},{"year":"2018","series-title":"Prote\u00e7\u00e3o b\u00e1sica","key":"ref6"},{"issue":"1","key":"ref7","first-page":"129","article-title":"Determina\u00e7\u00e3o ou determinantes? Uma discuss\u00e3o com base na Teoria da Produ\u00e7\u00e3o Social da Sa\u00fade","volume":"49","author":"Rocha PR","year":"2015","journal-title":"Rev Esc Enferm USP"},{"issue":"5","key":"ref8","first-page":"543","article-title":"An\u00e1lise espacial dos \u00f3bitos por tuberculose pulmonar em S\u00e3o Lu\u00eds, Maranh\u00e3o","volume":"40","author":"Santos-Neto M","year":"2014","journal-title":"J Bras Pneumol"},{"issue":"1","key":"ref9","doi-asserted-by":"crossref","first-page":"795","DOI":"10.1186\/s12889-018-5623-2","article-title":"How do social-economic differences in urban areas affect tuberculosis mortality in a city in the tri-border region of Brazil, Paraguay and Argentina","volume":"18","author":"Arcoverde MAM","year":"2018","journal-title":"BMC Public Health"},{"key":"ref10","series-title":"Modern epidemiology","author":"Rothman KJ","year":"2009","edition":"3th"},{"year":"2013","series-title":"Censo demogr\u00e1fico 2010: resultados gerais da amostra","key":"ref11"},{"first-page":"300","year":"2005","author":"Santos AE","key":"ref12"},{"issue":"1","key":"ref13","doi-asserted-by":"crossref","first-page":"3","DOI":"10.1111\/j.2041-210X.2009.00001.x","article-title":"A protocol for data exploration to avoid common statistical problems","volume":"1","author":"Zuur AF","year":"2010","journal-title":"Methods Ecol Evol"},{"year":"2002","series-title":"Geographically weighted regression: the analysis of spatially varying relationships.","author":"Fotheringham AS","key":"ref14"},{"issue":"73","key":"ref15","first-page":"92","article-title":"Regress\u00e3o log\u00edstica geograficamente ponderada aplicada a modelos de credit scoring","volume":"28","author":"Albuquerque PHM","year":"2017","journal-title":"R Cont Fin"},{"issue":"1","key":"ref16","doi-asserted-by":"crossref","first-page":"77","DOI":"10.3102\/10769986027001077","article-title":"Quick and easy implementation of the benjamini-hochberg procedure for controlling the false positive rate in multiple comparisons","volume":"27","author":"Thissen D","year":"2002","journal-title":"J Educ Behav Stat"},{"issue":"11","key":"ref17","first-page":"29","article-title":"A an\u00e1lise da moradia em Manaus (AM) como estrat\u00e9gia de compreender a cidade","volume":"245","author":"Oliveira JA","year":"2007","journal-title":"Scr Nova."},{"issue":"4","key":"ref18","doi-asserted-by":"crossref","first-page":"656","DOI":"10.1590\/S0034-89102009005000046","article-title":"Desigualdade social, crescimento urbano e hansen\u00edase em Manaus: abordagem espacial","volume":"43","author":"Imbiriba ENB","year":"2009","journal-title":"Rev Saude Publica"},{"issue":"1","key":"ref19","first-page":"37","article-title":"Risk factors for tuberculosis","volume":"63","author":"Davies PDO","year":"2005","journal-title":"Monaldi Arch Chest Dis"},{"year":"2009","series-title":"Uma an\u00e1lise do Programa Sa\u00fade da Fam\u00edlia no distrito de sa\u00fade leste da cidade de Manaus","author":"Azevedo FS","key":"ref20"},{"issue":"47","key":"ref21","first-page":"110","article-title":"Distribui\u00e7\u00e3o espacial dos casos novos de tuberculose pulmonar nos munic\u00edpios da regi\u00e3o norte do Brasil, no per\u00edodo de 2005 a 2010","volume":"14","author":"Barbosa IR","year":"2013","journal-title":"Revista Caminhos de Geografia."},{"year":"2013","series-title":"An\u00e1lise espacial da mortalidade por tuberculose e sua rela\u00e7\u00e3o com as condi\u00e7\u00f5es de vida","author":"Natividade MS","key":"ref22"},{"issue":"4","key":"ref23","doi-asserted-by":"crossref","first-page":"559","DOI":"10.1590\/1980-5497201700040001","article-title":"Desigualdades socioespaciais relacionadas \u00e0 tuberculose no munic\u00edpio de Itabora\u00ed, Rio de Janeiro","volume":"20","author":"Alves Fo P","year":"2017","journal-title":"Rev Bras Epidemiol"},{"issue":"9","key":"ref24","doi-asserted-by":"crossref","DOI":"10.1371\/journal.pmed.1001693","article-title":"Beyond UHC: monitoring health and social protection coverage in the context of tuberculosis care and prevention","volume":"11","author":"L\u00f6nnroth K","year":"2014","journal-title":"PLoS Med"},{"year":"2016","series-title":"Boletim epidemiol\u00f3gico 2016: perspectivas brasileiras para o fim da tuberculose como problema de sa\u00fade p\u00fablica","key":"ref25"},{"key":"ref26","doi-asserted-by":"crossref","first-page":"1","DOI":"10.5216\/ree.v19.44230","article-title":"Tuberculose: desigualdade de renda e intera\u00e7\u00e3o da Estrat\u00e9gia Sa\u00fade da Fam\u00edlia e Bolsa Fam\u00edlia","volume":"19","author":"Popolin MP","year":"2017","journal-title":"Rev Eletr Enf"},{"issue":"5","key":"ref27","doi-asserted-by":"crossref","DOI":"10.1371\/journal.pmed.1002570","article-title":"Child morbidity and mortality associated with alternative policy responses to the economic crisis in Brazil: a nationwide microsimulation study","volume":"15","author":"Rasella D","year":"2018","journal-title":"PLoS Med"},{"year":"2015","series-title":"Perfil da regi\u00e3o metropolitana de Manaus","key":"ref28"},{"issue":"2","key":"ref29","doi-asserted-by":"crossref","first-page":"253","DOI":"10.1590\/S1413-81232002000200006","article-title":"Mortalidade por tuberculose e indicadores sociais no munic\u00edpio do Rio de Janeiro","volume":"7","author":"Vicentin G","year":"2002","journal-title":"Cien Saude Colet"},{"issue":"5","key":"ref30","doi-asserted-by":"crossref","first-page":"1549","DOI":"10.1093\/ije\/dyy144","article-title":"What is the true tuberculosis mortality burden? Differences in estimates by the World Health Organization and the Global Burden of Disease study","volume":"47","author":"Garc\u00eda-Basteiro AL","year":"2018","journal-title":"Int J Epidemiol"}],"container-title":["Cadernos Sa\u00fade Coletiva"],"original-title":["Spatial distribution and dependence of mortality due to tuberculosis in a city in the Amazon region"],"link":[{"URL":"http:\/\/www.scielo.br\/scielo.php?script=sci_pdf&pid=S1414-462X2022000100001&tlng=pt","content-type":"unspecified","content-version":"vor","intended-application":"similarity-checking"}],"deposited":{"date-parts":[[2022,8,3]],"date-time":"2022-08-03T16:28:32Z","timestamp":1659544112000},"score":1,"resource":{"primary":{"URL":"http:\/\/www.scielo.br\/scielo.php?script=sci_arttext&pid=S1414-462X2022000100001&tlng=pt"}},"subtitle":[],"short-title":[],"issued":{"date-parts":[[2022,3]]},"references-count":30,"journal-issue":{"issue":"1","published-online":{"date-parts":[[2022,3]]}},"alternative-id":["S1414-462X2022000100001"],"URL":"https:\/\/doi.org\/10.1590\/1414-462x202230010308","relation":{},"ISSN":["2358-291X","1414-462X"],"issn-type":[{"type":"electronic","value":"2358-291X"},{"type":"print","value":"1414-462X"}],"subject":[],"published":{"date-parts":[[2022,3]]}}}