{"status":"ok","message-type":"work","message-version":"1.0.0","message":{"indexed":{"date-parts":[[2025,10,9]],"date-time":"2025-10-09T16:37:02Z","timestamp":1760027822177,"version":"3.41.2"},"reference-count":29,"publisher":"FapUNIFESP (SciELO)","license":[{"start":{"date-parts":[[2023,1,1]],"date-time":"2023-01-01T00:00:00Z","timestamp":1672531200000},"content-version":"vor","delay-in-days":0,"URL":"http:\/\/creativecommons.org\/licenses\/by\/4.0\/"},{"start":{"date-parts":[[2023,1,1]],"date-time":"2023-01-01T00:00:00Z","timestamp":1672531200000},"content-version":"am","delay-in-days":0,"URL":"http:\/\/creativecommons.org\/licenses\/by\/4.0\/"},{"start":{"date-parts":[[2023,1,1]],"date-time":"2023-01-01T00:00:00Z","timestamp":1672531200000},"content-version":"tdm","delay-in-days":0,"URL":"http:\/\/creativecommons.org\/licenses\/by\/4.0\/"}],"content-domain":{"domain":[],"crossmark-restriction":false},"short-container-title":["Rev. Bras. Saude Mater. Infant."],"abstract":"<jats:p>Resumo  Objetivos: analisar os fatores associados \u00e0 c\u00e1rie dent\u00e1ria na primeira inf\u00e2ncia.  M\u00e9todos: trata-se de um estudo transversal das condi\u00e7\u00f5es de sa\u00fade oral de 535 crian\u00e7as entre seis e 36 meses, em Unidades de Sa\u00fade da Fam\u00edlia, em Salvador-BA. Foram coletadas informa\u00e7\u00f5es sobre as condi\u00e7\u00f5es socioecon\u00f4micas, sa\u00fade da m\u00e3e e da crian\u00e7a, h\u00e1bitos alimentares e de higiene oral e exame oral.  Resultados: a preval\u00eancia de c\u00e1rie dent\u00e1ria foi de 13,64% (IC95%=11,44-15,84) e os fatores associados foram: idade da crian\u00e7a, n\u00famero de c\u00f4modos da casa, benef\u00edcio \u201cBolsa Fam\u00edlia\u201d, consultas de pr\u00e9-natal, peso ao nascer e aleitamento materno exclusivo.  Conclus\u00f5es: as condi\u00e7\u00f5es socioecon\u00f4micas influenciam fortemente na sa\u00fade oral, bem como o pr\u00e9-natal e o aleitamento materno. Para prevenir c\u00e1rie na inf\u00e2ncia, \u00e9 pertinente investir em a\u00e7\u00f5es intersetoriais e programas sistematizados, incluindo a equipe m\u00e9dica e de enfermagem, pois estas a\u00e7\u00f5es s\u00e3o imprescind\u00edveis para o cuidado integral \u00e0 sa\u00fade da crian\u00e7a e qualidade de vida<\/jats:p>","DOI":"10.1590\/1806-9304202300000196","type":"journal-article","created":{"date-parts":[[2023,7,17]],"date-time":"2023-07-17T11:55:14Z","timestamp":1689594914000},"source":"Crossref","is-referenced-by-count":1,"title":["Fatores associados \u00e0 c\u00e1rie dent\u00e1ria em crian\u00e7as de seis a 36 meses, em Salvador-BA"],"prefix":"10.1590","volume":"23","author":[{"ORCID":"https:\/\/orcid.org\/0000-0003-1298-7423","authenticated-orcid":false,"given":"Maria Lizzia Moura Ferreira dos","family":"Santos","sequence":"first","affiliation":[{"name":"Universidade Federal da Bahia,  Brazil"}]},{"ORCID":"https:\/\/orcid.org\/0000-0001-9295-9486","authenticated-orcid":false,"given":"Maria Cristina Teixeira","family":"Cangussu","sequence":"additional","affiliation":[{"name":"Universidade Federal da Bahia,  Brazil"}]},{"ORCID":"https:\/\/orcid.org\/0000-0002-2454-2467","authenticated-orcid":false,"given":"David Jos\u00e9 Casimiro de","family":"Andrade","sequence":"additional","affiliation":[{"name":"Universidade do Porto,  Portugal"}]}],"member":"530","published-online":{"date-parts":[[2023]]},"reference":[{"issue":"1","key":"ref1","doi-asserted-by":"crossref","first-page":"45","DOI":"10.1186\/1471-2431-14-45","article-title":"Feeding and smoking habits as cumulative risk factors for early childhood caries in toddlers, after adjustment for several behavioral determinants: a retrospective study","volume":"14","author":"Majorana A","year":"2014","journal-title":"BMC Pediatr"},{"year":"2004","series-title":"Condi\u00e7\u00f5es de Sa\u00fade Oral da Popula\u00e7\u00e3o Brasileira 2002-2003. Resultados Principais","key":"ref2"},{"year":"2012","series-title":"SB Brasil 2010. Pesquisa Nacional de Sa\u00fade Oral. Resultados Principais","key":"ref3"},{"key":"ref4","doi-asserted-by":"crossref","first-page":"27","DOI":"10.2147\/CCIDE.S190993","article-title":"Early childhood caries and oral health care of Hong Kong preschool children","volume":"11","author":"Chen KJ","year":"2019","journal-title":"Clin Cosmet Investig Dent"},{"issue":"1","key":"ref5","doi-asserted-by":"crossref","first-page":"16","DOI":"10.3390\/dj7010016","article-title":"Early Childhood Caries in 3 to 5 Year Old Children in Trinidad and Tobago","volume":"7","author":"Percival T","year":"2019","journal-title":"Dent J (Basel)"},{"year":"2005","series-title":"C\u00e1rie dental na primeira inf\u00e2ncia: um estudo longitudinal em \u00e1rea urbana","author":"Cabral MB","key":"ref6"},{"issue":"1","key":"ref7","doi-asserted-by":"crossref","first-page":"59","DOI":"10.1016\/j.gaceta.2015.09.005","article-title":"Factors associated with early childhood caries in Chile","volume":"30","author":"Hoffmeister L","year":"2016","journal-title":"Gac Sanit"},{"issue":"8","key":"ref8","doi-asserted-by":"crossref","first-page":"1259","DOI":"10.12816\/0044633","article-title":"Prevalence of Early Childhood Caries","volume":"70","author":"Aljarallah FA","year":"2018","journal-title":"Egyptian J Hosp Med"},{"issue":"2","key":"ref9","doi-asserted-by":"crossref","first-page":"95","DOI":"10.4103\/2231-0762.155731","article-title":"Prevalence of early childhood caries and its risk factors in 18-72 month old children in Salem, Tamil Nadu","volume":"5","author":"Stephen A","year":"2015","journal-title":"J Int Soc Prev Community Dent"},{"issue":"4","key":"ref10","doi-asserted-by":"crossref","first-page":"366","DOI":"10.1111\/cdoe.12161","article-title":"Factors associated with early childhood caries incidence among high caries-risk children","volume":"43","author":"Ghazal T","year":"2015","journal-title":"Community Dent Oral Epidemiol"},{"issue":"1","key":"ref11","first-page":"74","article-title":"Epidemiologia da c\u00e1rie dent\u00e1ria em crian\u00e7as da primeira inf\u00e2ncia no munic\u00edpio de Bel\u00e9m, PA","volume":"69","author":"Assun\u00e7\u00e3o LRS","year":"2015","journal-title":"Rev Assoc Paul Cir Dent"},{"issue":"3","key":"ref12","first-page":"267","article-title":"Prevalence and Predictors of Early Childhood Caries in 3- to 6-year-old South Indian Children: A Cross-sectional Descriptive Study","volume":"14","author":"Gopal S","year":"2016","journal-title":"Oral Health Prev Dent"},{"issue":"1","key":"ref13","doi-asserted-by":"crossref","first-page":"69","DOI":"10.4103\/0976-237X.149295","article-title":"Prevalence of early childhood caries among preschool children in Trivandrum and its association with various risk factors","volume":"6","author":"Kuriakose S","year":"2015","journal-title":"Contemp Clin Dent"},{"issue":"5","key":"ref14","doi-asserted-by":"crossref","first-page":"518","DOI":"10.1016\/j.jped.2017.07.012","article-title":"Efficacy of a public promotion program on children\u2019s oral health","volume":"94","author":"Alves AP","year":"2018","journal-title":"J Pediatr (Rio J)"},{"key":"ref15","first-page":"426","article-title":"A c\u00e1rie precoce da inf\u00e2ncia: uma atualiza\u00e7\u00e3o","volume":"33","author":"Laranjo E","year":"2017","journal-title":"Rev Port Med Geral Fam"},{"issue":"3","key":"ref16","first-page":"496","article-title":"Diretrizes para o estudo das condi\u00e7\u00f5es nutricionais e agravos bucais dentro dos primeiros 1.000 dias de vida","volume":"72","author":"Abanto J","year":"2018","journal-title":"Rev Assoc Paul Cir Dent"},{"issue":"1","key":"ref17","doi-asserted-by":"crossref","first-page":"73","DOI":"10.1590\/1678-775720130122","article-title":"Social aspects of dental caries in the context of mother-child pairs","volume":"22","author":"Moimaz SAS","year":"2014","journal-title":"J Appl Oral Sci"},{"issue":"1","key":"ref18","doi-asserted-by":"crossref","first-page":"73","DOI":"10.1186\/s12903-016-0267-z","article-title":"Prevalence of early childhood caries and enamel defects in four and five-year old Qatari preschool children","volume":"16","author":"Alkhtib A","year":"2016","journal-title":"BMC Oral Health"},{"key":"ref19","doi-asserted-by":"crossref","first-page":"82","DOI":"10.1186\/s12903-015-0066-y","article-title":"Early childhood caries in Switzerland: a marker of social inequalities","volume":"15","author":"Baggio S","year":"2015","journal-title":"BMC Oral Health"},{"issue":"6","key":"ref20","doi-asserted-by":"crossref","first-page":"448","DOI":"10.1016\/j.annepidem.2014.01.013","article-title":"Association of long-duration breastfeeding and dental caries estimated with marginal structural models","volume":"24","author":"Chaffee BW","year":"2014","journal-title":"Ann Epidemiol"},{"issue":"1","key":"ref21","doi-asserted-by":"crossref","first-page":"98","DOI":"10.1186\/s12903-016-0289-6","article-title":"Risk factors of early childhood caries among children in Beijing: a case-control study","volume":"16","author":"Fan C","year":"2016","journal-title":"BMC Oral Health"},{"issue":"2","key":"ref22","doi-asserted-by":"crossref","first-page":"163","DOI":"10.1111\/cdoe.12136","article-title":"Risk factors for dental caries in childhood: a five-year survival analysis","volume":"43","author":"Lee HJ","year":"2015","journal-title":"Community Dent Oral Epidemiol"},{"issue":"1","key":"ref23","doi-asserted-by":"crossref","first-page":"988","DOI":"10.1186\/1471-2458-14-988","article-title":"Factors underlying the polarization of early childhood caries within a high-risk population","volume":"14","author":"Nunes AM","year":"2014","journal-title":"BMC Public Health"},{"issue":"108","key":"ref24","doi-asserted-by":"crossref","first-page":"108","DOI":"10.1186\/s12903-015-0093-8","article-title":"Severe early childhood caries and social determinants in three-year-old children from Northern Thailand: a birth cohort study","volume":"15","author":"Peltzer K","year":"2015","journal-title":"BMC Oral Health"},{"issue":"2","key":"ref25","doi-asserted-by":"crossref","first-page":"142","DOI":"10.2188\/jea.JE20140097","article-title":"Association between nocturnal breastfeeding and snacking habits and the risk of early childhood caries in 18- to 23-month-old Japanese children","volume":"25","author":"Nakayama Y","year":"2015","journal-title":"J Epidemiol"},{"issue":"1","key":"ref26","doi-asserted-by":"crossref","first-page":"49","DOI":"10.1186\/s12903-015-0027-5","article-title":"Breast feeding practices as cultural interventions for early childhood caries in Cree communities","volume":"15","author":"Cidro J","year":"2015","journal-title":"BMC Oral Health"},{"issue":"3","key":"ref27","doi-asserted-by":"crossref","DOI":"10.1136\/bmjopen-2014-006982","article-title":"Association of breast feeding with early childhood dental caries: japanese population-based study","volume":"5","author":"Kato T","year":"2015","journal-title":"BMJ Open"},{"issue":"2","key":"ref28","first-page":"103","article-title":"Preval\u00eancia e gravidade de c\u00e1rie na denti\u00e7\u00e3o dec\u00eddua nas crian\u00e7as de 6 anos de Mafra","volume":"56","author":"Gomes C","year":"2015","journal-title":"Rev Portuguesa Estomatol Med Dent Cir Maxilofacial"},{"key":"ref29","doi-asserted-by":"crossref","DOI":"10.14295\/jmphc.v9i0.315","article-title":"Aten\u00e7\u00e3o \u00e0 sa\u00fade maternoinfantil e sa\u00fade oral nos ciclos do PMAQ-AB","volume":"9","author":"Moimaz SA","year":"2018","journal-title":"J Manag Prim Health Care"}],"container-title":["Revista Brasileira de Sa\u00fade Materno Infantil"],"original-title":["Factors associated with dental cavity in children aged six to 36 months old, in Salvador-BA"],"link":[{"URL":"http:\/\/www.scielo.br\/scielo.php?script=sci_pdf&pid=S1519-38292023000100428&tlng=pt","content-type":"unspecified","content-version":"vor","intended-application":"similarity-checking"}],"deposited":{"date-parts":[[2023,7,17]],"date-time":"2023-07-17T11:55:54Z","timestamp":1689594954000},"score":1,"resource":{"primary":{"URL":"http:\/\/www.scielo.br\/scielo.php?script=sci_arttext&pid=S1519-38292023000100428&tlng=pt"}},"subtitle":[],"short-title":[],"issued":{"date-parts":[[2023]]},"references-count":29,"alternative-id":["S1519-38292023000100428"],"URL":"https:\/\/doi.org\/10.1590\/1806-9304202300000196","relation":{"has-translation":[{"id-type":"doi","id":"10.1590\/1806-9304202300000196-en","asserted-by":"subject"}]},"ISSN":["1806-9304","1519-3829"],"issn-type":[{"type":"electronic","value":"1806-9304"},{"type":"print","value":"1519-3829"}],"subject":[],"published":{"date-parts":[[2023]]},"article-number":"e20190196"}}