{"status":"ok","message-type":"work","message-version":"1.0.0","message":{"indexed":{"date-parts":[[2025,2,21]],"date-time":"2025-02-21T12:59:27Z","timestamp":1740142767584,"version":"3.37.3"},"reference-count":73,"publisher":"FapUNIFESP (SciELO)","issue":"60","license":[{"start":{"date-parts":[[2022,8,1]],"date-time":"2022-08-01T00:00:00Z","timestamp":1659312000000},"content-version":"vor","delay-in-days":0,"URL":"http:\/\/creativecommons.org\/licenses\/by\/4.0\/"},{"start":{"date-parts":[[2022,8,1]],"date-time":"2022-08-01T00:00:00Z","timestamp":1659312000000},"content-version":"am","delay-in-days":0,"URL":"http:\/\/creativecommons.org\/licenses\/by\/4.0\/"},{"start":{"date-parts":[[2022,8,1]],"date-time":"2022-08-01T00:00:00Z","timestamp":1659312000000},"content-version":"tdm","delay-in-days":0,"URL":"http:\/\/creativecommons.org\/licenses\/by\/4.0\/"}],"content-domain":{"domain":[],"crossmark-restriction":false},"short-container-title":["Sociologias"],"abstract":"<jats:p>Resumo Este artigo busca fazer o retrato de culturas de participa\u00e7\u00e3o de jovens do ensino secund\u00e1rio e residentes em regi\u00f5es de fronteira em Portugal continental. Essas regi\u00f5es s\u00e3o, em geral, marcadas por desigualdades econ\u00f3micas, sociais e culturais que se traduzem em menores oportunidades de oferta educativa, emprego e espa\u00e7os de participa\u00e7\u00e3o. A partir de uma perspetiva da sociologia da juventude, analisam-se dados de um question\u00e1rio aplicado a 3968 jovens de 38 munic\u00edpios com o objetivo de mapear a participa\u00e7\u00e3o jovem e discutir propostas para outras formas de participa\u00e7\u00e3o \u00e0s quais t\u00eam menos acesso. Os resultados apontam para algumas diferen\u00e7as entre sexos e de classe social, revelando que se envolvem mais em atividades desportivas e menos em atividades de participa\u00e7\u00e3o pol\u00edtica e c\u00edvica. Conclui-se que os contextos aqui em an\u00e1lise t\u00eam uma menor diversidade de oferta de espa\u00e7os de participa\u00e7\u00e3o, que se traduz num menor envolvimento de jovens. Este trabalho aponta para a pertin\u00eancia de se equacionarem modelos de participa\u00e7\u00e3o centrados em jovens e por eles e elas protagonizados. Contribui-se, com este trabalho, para uma an\u00e1lise do espectro da participa\u00e7\u00e3o jovem em contextos menos estudados como os rurais e de regi\u00f5es fronteiri\u00e7as.<\/jats:p>","DOI":"10.1590\/18070337-112385","type":"journal-article","created":{"date-parts":[[2022,9,27]],"date-time":"2022-09-27T21:32:52Z","timestamp":1664314372000},"page":"268-301","source":"Crossref","is-referenced-by-count":0,"title":["Culturas de participa\u00e7\u00e3o de jovens: o caso das regi\u00f5es fronteiri\u00e7as em Portugal"],"prefix":"10.1590","volume":"24","author":[{"ORCID":"https:\/\/orcid.org\/0000-0001-8288-3174","authenticated-orcid":false,"given":"Nicolas Martins da","family":"Silva","sequence":"first","affiliation":[{"name":"Universidade do Porto,  Portugal"}]},{"ORCID":"https:\/\/orcid.org\/0000-0002-0045-7647","authenticated-orcid":false,"given":"Sara","family":"Pinheiro","sequence":"additional","affiliation":[{"name":"Universidade do Porto,  Portugal"}]},{"ORCID":"https:\/\/orcid.org\/0000-0002-2688-1171","authenticated-orcid":false,"given":"Sofia Marques da","family":"Silva","sequence":"additional","affiliation":[{"name":"Universidade do Porto,  Portugal"}]}],"member":"530","published-online":{"date-parts":[[2022,8]]},"reference":[{"issue":"3","key":"ref1","doi-asserted-by":"crossref","first-page":"180","DOI":"10.1123\/kr.2019-0029","article-title":"Youth sport as a vehicle for social development","volume":"8","author":"ANDERSON-BUTCHER Dawn","year":"2019","journal-title":"Kinesiology Review"},{"issue":"4","key":"ref2","doi-asserted-by":"crossref","first-page":"435","DOI":"10.1080\/00313831.2015.1024163","article-title":"Rural location and academic success - remarks on research contextualisation and methodology","volume":"60","author":"B\u00c6CK Unn-Doris","year":"2016","journal-title":"Scandinavian Journal of Educational Research"},{"issue":"1","key":"ref3","first-page":"1","article-title":"A percep\u00e7\u00e3o e o discurso de jovens brasileiros sobre os partidos ecol\u00f3gicos","volume":"64","author":"BARROS Ant\u00f3nio T.","year":"2019","journal-title":"Dados"},{"key":"ref4","series-title":"Individualisation","volume-title":"Freedom\u2019s children","author":"BECK Ulrich","year":"2001"},{"issue":"2","key":"ref5","doi-asserted-by":"crossref","first-page":"271","DOI":"10.2307\/2082425","article-title":"Beyond ses: a resource model of political participation","volume":"89","author":"BRADY Henry E.","year":"1995","journal-title":"The American Political Science Review"},{"key":"ref6","series-title":"Portugal a Votos \u2013 as elei\u00e7\u00f5es legislativas de 2002","first-page":"301","volume-title":"Confian\u00e7a, mobiliza\u00e7\u00e3o e representa\u00e7\u00e3o pol\u00edtica em Portugal","author":"CABRAL Manuel V","year":"2004"},{"key":"ref7","series-title":"Entre as cidades e a serra. Mobilidades, capital social e associativismo no interior algarvio","first-page":"45","volume-title":"Mobilidade espacial e confian\u00e7a","author":"CARMO Renato M.","year":"2011"},{"year":"2013","series-title":"Entre ficar e sair: uma etnografia da constru\u00e7\u00e3o social da categoria jovem rural","author":"CASTRO Elisa G","key":"ref8"},{"key":"ref9","first-page":"5","article-title":"Community development, social diversity, and the New metropolis","volume":"46","author":"CHECKOWAY Barry","year":"2011","journal-title":"Community Development Journal"},{"issue":"1-2","key":"ref10","doi-asserted-by":"crossref","first-page":"1","DOI":"10.1300\/J125v14n01_01","article-title":"Youth participation and community change","volume":"14","author":"CHECKOWAY Barry","year":"2006","journal-title":"Journal of Community Practice"},{"year":"2018","series-title":"Flash eurobarometer 455 - September 2017 \u201cEuropean Youth\u201d Report","key":"ref11"},{"key":"ref12","article-title":"Locating citizen participation","volume":"33","author":"CORNWALL Andrea","year":"2009","journal-title":"IDS Bulletin"},{"key":"ref13","first-page":"139","article-title":"Demarginalizing the intersection of race and sex: a black feminist critique of antidiscrimination doctrine, feminist theory and antiracist politics","author":"CRENSHAW Kimberl\u00e9 W","year":"1989","journal-title":"University of Chicago Legal Forum"},{"issue":"38","key":"ref14","doi-asserted-by":"crossref","first-page":"237","DOI":"10.1590\/S0104-40602010000300016","article-title":"Escola e participa\u00e7\u00e3o juvenil: \u00e9 poss\u00edvel esse di\u00e1logo?","author":"DAYRELL Juarez","year":"2010","journal-title":"Educar em Revista"},{"issue":"3","key":"ref15","doi-asserted-by":"crossref","first-page":"284","DOI":"10.1080\/17405629.2017.1404985","article-title":"Apathy or alienation? Political passivity among youths across eight European Union countries","volume":"15","author":"DAHL Viktor","year":"2018","journal-title":"European Journal of Developmental Psychology"},{"key":"ref16","first-page":"158","article-title":"\u201cYouth spirit\u201d \u2013 the ingredient that makes all the difference?","author":"DAX Thomas","year":"2002","journal-title":"Voices of Rural Youth"},{"issue":"3","key":"ref17","doi-asserted-by":"crossref","first-page":"283","DOI":"10.2478\/s13374-012-0024-1","article-title":"Political participation and civic engagement: towards a new typology\u201d","volume":"22","author":"EKMAN Joakim","year":"2012","journal-title":"Human Affairs"},{"issue":"3","key":"ref18","doi-asserted-by":"crossref","first-page":"293","DOI":"10.1080\/13676261.2013.830700","article-title":"Towards a spatialised youth sociology: the rural and the urban in times of change","volume":"17","author":"FARRUGIA David","year":"2014","journal-title":"Journal of Youth Studies"},{"issue":"57","key":"ref19","first-page":"109","article-title":"Associa\u00e7\u00f5es e democracia: Faz o associativismo alguma diferen\u00e7a na cultura c\u00edvica dos jovens portugueses?","author":"FERREIRA Pedro M","year":"2008","journal-title":"Sociologia, Problemas e Pr\u00e1ticas"},{"key":"ref20","first-page":"1","article-title":"Organized activity involvement among rural youth: gender differences in associations between activity type and developmental outcomes","volume":"28","author":"FERRIS Kaitlyn A.","year":"2013","journal-title":"Journal of Research in Rural Education"},{"issue":"1","key":"ref21","doi-asserted-by":"crossref","first-page":"159","DOI":"10.1353\/foc.0.0043","article-title":"Civic engagement and the transition to adulthood","volume":"20","author":"FLANAGAN Constance","year":"2010","journal-title":"The Future of Children"},{"year":"2004","series-title":"Portugal a votos","author":"FREIRE Andr\u00e9","key":"ref22"},{"year":"1997","series-title":"Young people and social change: individualisation and risk in late modernity","author":"FURLONG Andy","key":"ref23"},{"key":"ref24","series-title":"Youth and young adulthood series: critical concepts in sociology","volume-title":"Youth studies: past, present and future","author":"FURLONG Andy","year":"2015"},{"issue":"45","key":"ref25","doi-asserted-by":"crossref","first-page":"258","DOI":"10.1590\/15174522-019004512","article-title":"Trajet\u00f3rias de jovens em situa\u00e7\u00e3o de vulnerabilidade social: sobre a realidade juvenil, viol\u00eancia intersubjetiva e pol\u00edticas para jovens em Porto Alegre","volume":"19","author":"GADEA Carlos A","year":"2017","journal-title":"Sociologias"},{"issue":"2","key":"ref26","doi-asserted-by":"crossref","first-page":"45","DOI":"10.1177\/110330880000800203","article-title":"Marginalisation: on the fringe of the periphery: youth as a risky life stage?","volume":"8","author":"HEGGEN Kare","year":"2000","journal-title":"Young"},{"year":"2006","series-title":"A framework for the creation of indicators on active citizenship and education and training for active citizenship","author":"HOSKINS Bryony","key":"ref27"},{"year":"2021","series-title":"Resultados Preliminares do XVI Recenseamento Geral da Popula\u00e7\u00e3o e VI Recenseamento Geral da Habita\u00e7\u00e3o \u2013 Censos de 28 de julho de 2021","key":"ref28"},{"key":"ref29","series-title":"Engaging young people in civic life","first-page":"1","volume-title":"Introduction: policy for youth civic engagement","author":"LEVINE Peter","year":"2009"},{"key":"ref30","first-page":"1","article-title":"Organizational challenges for schools in rural municipalities: cross-national comparisons in a nordic context","volume":"30","author":"LIND Tommy","year":"2015","journal-title":"Journal of Research in Rural Education"},{"year":"2015","series-title":"Emprego, mobilidade, pol\u00edtica e lazer: situa\u00e7\u00f5es e atitudes dos jovens portugueses numa perspetiva comparada","author":"LOBO Marina C.","key":"ref31"},{"key":"ref32","doi-asserted-by":"crossref","first-page":"1254","DOI":"10.1007\/s10964-010-9536-3","article-title":"Engagement in school and community civic activities among rural adolescents","volume":"40","author":"LUDDEN Alison B","year":"2011","journal-title":"Journal of Youth and Adolescence"},{"year":"2008","series-title":"Os jovens e a pol\u00edtica: um estudo do centro de sondagens e estudos de opini\u00e3o da Universidade Cat\u00f3lica Portuguesa","author":"MAGALH\u00c3ES Pedro","key":"ref33"},{"issue":"1","key":"ref34","doi-asserted-by":"crossref","first-page":"187","DOI":"10.1111\/j.1467-9248.2009.00801.x","article-title":"Inequalities in non-institutionalised forms of political participation: a multi-level analysis of 25 countries","volume":"58","author":"MARIEN Sofie","year":"2010","journal-title":"Political Studies"},{"year":"2012","series-title":"Ag\u00eancia e participa\u00e7\u00e3o c\u00edvica e pol\u00edtica de jovens: jovens e imigrantes na constru\u00e7\u00e3o da democracia","author":"MENEZES Isabel","key":"ref35"},{"year":"2009","series-title":"It\u2019s all for the kids: gender, families, and youth sports","author":"MESSNER Michael","key":"ref36"},{"key":"ref37","article-title":"Adolescent views of civic responsibility and civic efficacy: differences by rurality and socioeconomic status","volume":"70","author":"METZGER Aaron","year":"2020","journal-title":"Journal of Applied Developmental Psychology"},{"year":"2002","series-title":"Democratic phoenix: reinventing political activism","author":"NORRIS Pippa","key":"ref38"},{"issue":"4","key":"ref39","doi-asserted-by":"crossref","first-page":"797","DOI":"10.1177\/1356336X19882054","article-title":"Personal and social development in physical education and sports: a review study","volume":"26","author":"OPSTOEL Katrijn","year":"2020","journal-title":"European Physical Education Review"},{"issue":"1","key":"ref40","doi-asserted-by":"crossref","first-page":"71","DOI":"10.1080\/14733280302179","article-title":"Engaging with young people\u2019s conceptions of the political","volume":"1","author":"O\u2019TOOLE Therese","year":"2003","journal-title":"Children's Geographies"},{"year":"2003","series-title":"Tra\u00e7os e riscos de vida: abordagem qualitativa a modos de vida juvenis","author":"PAIS Jos\u00e9 M","key":"ref41"},{"year":"1993","series-title":"Culturas Juvenis","author":"PAIS Jos\u00e9 M","key":"ref42"},{"issue":"105\/106","key":"ref43","first-page":"139","article-title":"A constru\u00e7\u00e3o sociol\u00f3gica da Juventude - alguns contributos","volume":"25","author":"PAIS Jos\u00e9 M","year":"1990","journal-title":"An\u00e1lise Social"},{"key":"ref44","doi-asserted-by":"crossref","first-page":"47","DOI":"10.1002\/yd.26","article-title":"Youth conferences as a context for engagement","volume":"96","author":"PANCER S. Mark","year":"2002","journal-title":"New Directions for Youth Development"},{"issue":"1","key":"ref45","doi-asserted-by":"crossref","first-page":"34","DOI":"10.1177\/1065912918775249","article-title":"The gender gap in youth political participation: evidence from Germany","volume":"72","author":"PFANZELT Hannah","year":"2019","journal-title":"Political Research Quarterly"},{"year":"2019","series-title":"Retrato de Portugal","key":"ref46"},{"issue":"11","key":"ref47","first-page":"22","article-title":"Novas formas de participa\u00e7\u00e3o e mobiliza\u00e7\u00e3o c\u00edvicas nas redes sociais","author":"PORTELA Filipe T","year":"2016","journal-title":"Sociologia online"},{"key":"ref48","series-title":"Voices of rural youth: a break with traditional patterns","first-page":"122","volume-title":"Dreams, pragmatism and employment outcomes among portuguese rural youth: 6 paradoxes","author":"PORTELA Jos\u00e9","year":"2002"},{"first-page":"5635","year":"2009","series-title":"Decreto-lei n\u00ba 85\/2009, de 27 de Agosto, 2009","key":"ref49"},{"key":"ref50","series-title":"Social work in rural communities","first-page":"185","volume-title":"Facilitating civic engagement among rural youth: a role for social workers","author":"PRITZKER Suzanne","year":"2011"},{"key":"ref51","series-title":"Culture and politics","first-page":"223","volume-title":"Bowling alone: America\u2019s declining social capital","author":"PUTNAM Robert","year":"2000"},{"key":"ref52","series-title":"Political and civic engagement: multidisciplinary perspectives","volume-title":"The \u201cEuropeanization\u201d of gender policies in Portugal: Transformations in women\u2019s access to civil, political and social rights","author":"RIBEIRO Norberto","year":"2014"},{"issue":"221","key":"ref53","first-page":"822","article-title":"Participa\u00e7\u00e3o c\u00edvica e pol\u00edtica de jovens imigrantes e portugueses","author":"RIBEIRO Norberto","year":"2016","journal-title":"An\u00e1lise Social"},{"issue":"3","key":"ref54","first-page":"7","article-title":"Education for active citizenship: practices, policies, promises","volume":"8","author":"ROSS Allistair","year":"2012","journal-title":"International Journal of Progressive Education"},{"key":"ref55","article-title":"Youth policies priorities: understanding young people pathways in border regions of Portugal","author":"SAMPAIO Marta","year":"2022","journal-title":"Revista de Estudos Regionales"},{"year":"1999","series-title":"Sociologia da fam\u00edlia","author":"SEGALEN Martine","key":"ref56"},{"key":"ref57","doi-asserted-by":"crossref","first-page":"125","DOI":"10.1080\/13676260600635599","article-title":"In defence of subculture: young people, leisure and social divisions","volume":"92","author":"SHILDRICK Tracy","year":"2006","journal-title":"Journal of Youth Studies"},{"key":"ref58","series-title":"Children and borders","volume-title":"Growing up in a Portuguese Borderland","author":"SILVA Sofia M","year":"2014"},{"key":"ref59","series-title":"Mediterranean art and education: Navigating local, regional and global imaginaries through the lens of the arts and learning","volume-title":"Disinheriting the heritage and the case of Pauliteiras: young girls as newcomers in a traditional dance from the Northeast of Portugal","author":"SILVA Sofia M","year":"2013"},{"key":"ref60","series-title":"Da casa da juventude aos confins do mundo","volume-title":"Etnografia das fragilidades, medos e estrat\u00e9gias juvenis","author":"SILVA Sofia M","year":"2011"},{"issue":"16","key":"ref61","article-title":"Learning to leave and to return: mobility, place, and sense of belonging amongst young people growing up in border and rural regions of mainland Portugal","volume":"13","author":"SILVA Sofia M.","year":"2021","journal-title":"Sustainability"},{"year":"2011","series-title":"Sociologia da fam\u00edlia contempor\u00e2nea","author":"SINGLY Fran\u00e7ois","key":"ref62"},{"issue":"4","key":"ref63","doi-asserted-by":"crossref","first-page":"380","DOI":"10.1080\/15575330.2015.1062035","article-title":"The influences of community attachment, sense of community, and educational aspirations upon the migration intentions of rural youth in Texas","volume":"46","author":"THEODORI Ann E.","year":"2015","journal-title":"Community Development"},{"key":"ref64","series-title":"Citizenship and involvement in European democracies: a comparative analysis","first-page":"334","volume-title":"Political participation: mapping the terrain","author":"TEORELL Jan","year":"2007"},{"year":"2010","series-title":"O conhecimento m\u00fatuo das tradi\u00e7\u00f5es etnogr\u00e1ficas na educa\u00e7\u00e3o espanhola e portuguesa: mascaradas e pauliteiros em terras de Zamora e Bragan\u00e7a","author":"TIZA Ant\u00f3nio P","key":"ref65"},{"issue":"4","key":"ref66","doi-asserted-by":"crossref","first-page":"635","DOI":"10.1080\/00220388.2020.1808194","article-title":"Rural youth inclusion, empowerment, and participation","volume":"57","author":"TRIVELLI Carolina","year":"2020","journal-title":"The Journal of Development Studies"},{"journal-title":"Jornal Oficial da Uni\u00e3o Europeia","article-title":"Estrat\u00e9gia da Uni\u00e3o Europeia para a juventude 2019-2027","year":"2018","key":"ref67"},{"key":"ref68","doi-asserted-by":"crossref","first-page":"349","DOI":"10.1057\/ap.2014.6","article-title":"A conceptual map of political participation","volume":"49","author":"VAN DETH Jan","year":"2014","journal-title":"Acta Politica"},{"issue":"2","key":"ref69","doi-asserted-by":"crossref","first-page":"119","DOI":"10.1177\/1103308806062737","article-title":"Regimes of youth transitions: choice, flexibility and security in young people\u2019s experiences across different european contexts","volume":"14","author":"WALTHER Andreas","year":"2006","journal-title":"Young"},{"year":"2016","series-title":"Is voting for young people?","author":"WATTENBERG Martin","key":"ref70"},{"issue":"4","key":"ref71","doi-asserted-by":"crossref","first-page":"416","DOI":"10.1111\/j.1467-9523.2004.00284.x","article-title":"Place, nature and migration: students\u2019 attachment to their rural home places","volume":"44","author":"WIBORG Agnete","year":"2004","journal-title":"Sociologia Ruralis"},{"issue":"3","key":"ref72","doi-asserted-by":"crossref","first-page":"235","DOI":"10.1177\/11033088030113003","article-title":"Life planning in the periphery: life chances and life perspectives for young people in the Danish-German border region","volume":"11","author":"YNDIGEGN Carsten","year":"2003","journal-title":"Young"},{"year":"2006","series-title":"New engagement? Political participation, civic life, and the changing American citizen","author":"ZUKIN Cliff","key":"ref73"}],"container-title":["Sociologias"],"original-title":["Cultures of youth participation: the case of border regions in Portugal"],"link":[{"URL":"http:\/\/www.scielo.br\/scielo.php?script=sci_pdf&pid=S1517-45222022000200268&tlng=pt","content-type":"unspecified","content-version":"vor","intended-application":"similarity-checking"}],"deposited":{"date-parts":[[2022,9,27]],"date-time":"2022-09-27T21:33:40Z","timestamp":1664314420000},"score":1,"resource":{"primary":{"URL":"http:\/\/www.scielo.br\/scielo.php?script=sci_arttext&pid=S1517-45222022000200268&tlng=pt"}},"subtitle":[],"short-title":[],"issued":{"date-parts":[[2022,8]]},"references-count":73,"journal-issue":{"issue":"60","published-online":{"date-parts":[[2022,8]]}},"alternative-id":["S1517-45222022000200268"],"URL":"https:\/\/doi.org\/10.1590\/18070337-112385","relation":{},"ISSN":["1807-0337","1517-4522"],"issn-type":[{"type":"electronic","value":"1807-0337"},{"type":"print","value":"1517-4522"}],"subject":[],"published":{"date-parts":[[2022,8]]}}}