{"status":"ok","message-type":"work","message-version":"1.0.0","message":{"indexed":{"date-parts":[[2025,7,30]],"date-time":"2025-07-30T15:12:39Z","timestamp":1753888359969,"version":"3.41.2"},"reference-count":59,"publisher":"FapUNIFESP (SciELO)","license":[{"start":{"date-parts":[[2021,1,1]],"date-time":"2021-01-01T00:00:00Z","timestamp":1609459200000},"content-version":"vor","delay-in-days":0,"URL":"http:\/\/creativecommons.org\/licenses\/by-nc\/4.0\/"},{"start":{"date-parts":[[2021,1,1]],"date-time":"2021-01-01T00:00:00Z","timestamp":1609459200000},"content-version":"am","delay-in-days":0,"URL":"http:\/\/creativecommons.org\/licenses\/by-nc\/4.0\/"},{"start":{"date-parts":[[2021,1,1]],"date-time":"2021-01-01T00:00:00Z","timestamp":1609459200000},"content-version":"tdm","delay-in-days":0,"URL":"http:\/\/creativecommons.org\/licenses\/by-nc\/4.0\/"}],"content-domain":{"domain":[],"crossmark-restriction":false},"short-container-title":["Ambient. soc."],"abstract":"<jats:p>Abstract Sustainable development (SD) is one of the goals of contemporary society, underlining the need of its collective redefinition and social and personal appropriation. For this, it is relevant to analyze how individuals understand the process of building sustainability. The social representation of the SD of an intentional sample of 64 stakeholders from five Azorean cities was explored through prototypical and similarity analysis of a free association of words. The data were analyzed using the programs Evocation 2003 and IRAMUTEQ and interpreted according to the structural approach of social representations. The resulting representation identifies the three classic pillars of the SD, as well as its main challenges and strategic options. The economic pillar held a central place, interconnecting both with the environmental and the social pillars, although the latter showed less emphasis. It is important to keep monitoring the evolution of this SD representation, that appears to be more sophisticated than other notions found in similar studies.<\/jats:p>","DOI":"10.1590\/1809-4422asoc20180212r1vu2021l3ao","type":"journal-article","created":{"date-parts":[[2021,10,11]],"date-time":"2021-10-11T19:50:03Z","timestamp":1633981803000},"source":"Crossref","is-referenced-by-count":4,"title":["Social representations about sustainable development: the perspectives of residents of small islands\u2019 cities"],"prefix":"10.1590","volume":"24","author":[{"ORCID":"https:\/\/orcid.org\/0000-0002-0766-4980","authenticated-orcid":false,"given":"Ana Fuentes","family":"S\u00e1nchez","sequence":"first","affiliation":[{"name":"Universidade dos A\u00e7ores, Portugal"}]},{"ORCID":"https:\/\/orcid.org\/0000-0001-8279-4470","authenticated-orcid":false,"given":"Ana Moura","family":"Arroz","sequence":"additional","affiliation":[{"name":"Universidade dos A\u00e7ores, Portugal"}]},{"ORCID":"https:\/\/orcid.org\/0000-0002-3550-8010","authenticated-orcid":false,"given":"Rosalina","family":"Gabriel","sequence":"additional","affiliation":[{"name":"Universidade dos A\u00e7ores, Portugal"}]}],"member":"530","published-online":{"date-parts":[[2021]]},"reference":[{"issue":"2","key":"ref1","first-page":"75","article-title":"Central system, peripheral system: their functions and roles in the dynamics of social representations","volume":"2","author":"ABRIC J.C","year":"1993","journal-title":"Papers on Social Representations"},{"key":"ref2","series-title":"Representa\u00e7\u00f5es sociais e pr\u00e1ticas educativas","first-page":"37","volume-title":"Abordagem estrutural das representa\u00e7\u00f5es sociais: desenvolvimentos recentes","author":"ABRIC J.C","year":"2003"},{"issue":"57","key":"ref3","first-page":"579","article-title":"Representa\u00e7\u00f5es da identidade docente: uma contribui\u00e7\u00e3o para a formula\u00e7\u00e3o de pol\u00edticas","volume":"15","author":"ALVES-MAZZOTTI A.J","year":"2007","journal-title":"Ensaio: avalia\u00e7\u00e3o e pol\u00edticas p\u00fablicas em Educa\u00e7\u00e3o"},{"issue":"4","key":"ref4","first-page":"405","article-title":"What kind of critical university education for sustainable development?","volume":"11","author":"BARTHES A.","year":"2012","journal-title":"Journal of Social Science Education"},{"first-page":"243","year":"2016","author":"BERVAR M.","key":"ref5"},{"issue":"2","key":"ref6","doi-asserted-by":"crossref","first-page":"1062","DOI":"10.15649\/cuidarte.v6i2.170","article-title":"Representa\u00e7\u00e3o social dos enfermeiros sobre cuidados paliativos","volume":"6","author":"BRITTO S. M.","year":"2015","journal-title":"Revista Cuidarte"},{"issue":"10","key":"ref7","doi-asserted-by":"crossref","first-page":"1248","DOI":"10.1080\/13669877.2017.1304976","article-title":"Is the social representation of nanotechnology anchored in that of GMOs?","volume":"21","author":"BRUNEL","year":"2018","journal-title":"Journal of Risk Research"},{"issue":"2","key":"ref8","doi-asserted-by":"crossref","first-page":"513","DOI":"10.9788\/TP2013.2-16","article-title":"IRAMUTEQ: um software gratuito para an\u00e1lise de dados textuais","volume":"21","author":"CAMARGO B. V.","year":"2013","journal-title":"Temas em Psicologia"},{"key":"ref9","series-title":"Principios del Desarrollo Sostenible","first-page":"65","volume-title":"La perspectiva ecol\u00f3gica del desarrollo sostenible","author":"CAMPBELL L.C.","year":"1999"},{"issue":"13","key":"ref10","doi-asserted-by":"crossref","first-page":"99","DOI":"10.1590\/S1518-70122006000200011","article-title":"Desenvolvimento Sustent\u00e1vel: limites e perspectivas no debate contempor\u00e2neo","volume":"8","author":"CHAVES M.P.S.R.","year":"2006","journal-title":"Intera\u00e7\u00f5es: Revista Internacional de Desenvolvimento Local"},{"issue":"92","key":"ref11","first-page":"18","article-title":"Desarrollo sustentable, pobreza y calidad de vida","author":"CORTES A","year":"2001","journal-title":"Ambientico. Revista mensual sobre actualidad ambiental"},{"key":"ref12","doi-asserted-by":"crossref","first-page":"398","DOI":"10.1016\/j.scs.2016.11.001","article-title":"A conceptual re-visualization of the adoption and utilization of the pillars of sustainability in the development of Neighbourhood Sustainability Assessment Tools","volume":"28","author":"DAWODU A.","year":"2017","journal-title":"Sustainable Cities and Society"},{"first-page":"1150","year":"2012","series-title":"DLR-Decreto Legislativo Regional n.\u00ba15\/2012\/A de 2 de Abril de 2012","key":"ref13"},{"issue":"17","key":"ref14","first-page":"1","article-title":"Representaciones sociales de la sustentabilidad","volume":"6","author":"FLORES R.C.","year":"2013","journal-title":"DELOS Desarrollo Local Sostenible"},{"issue":"12","key":"ref15","first-page":"621","article-title":"Avances y l\u00edmites de la sustentabilidad social","volume":"3","author":"FOLADORI G","year":"2002","journal-title":"Econom\u00eda, sociedad y territorio"},{"issue":"9","key":"ref16","first-page":"1","article-title":"A dimens\u00e3o pol\u00edtico-democr\u00e1tica nas teorias de desenvolvimento sustent\u00e1vel e suas implica\u00e7\u00f5es para a gest\u00e3o local","volume":"4","author":"FREY K","year":"2001","journal-title":"Ambiente & Sociedade"},{"year":"2013","series-title":"Estudio preliminar de la sustentabilidad de las ciudades de las islas Azores","author":"FUENTES-S\u00c1NCHEZ A","key":"ref17"},{"issue":"57","key":"ref18","first-page":"34","article-title":"Urban sustainability: Q Method application to five cities of the Azorean islands","author":"FUENTES-S\u00c1NCHEZ A.","year":"2021","journal-title":"Revista Portuguesa de Estudos Regionais"},{"issue":"23","key":"ref19","first-page":"21","article-title":"Selec\u00e7\u00e3o de marcos internacionais, nacionais e regionais no \u00e2mbito da educa\u00e7\u00e3o ambiental para a compreens\u00e3o da evolu\u00e7\u00e3o no dom\u00ednio","author":"GABRIEL R.","year":"2014","journal-title":"Boletim do N\u00facleo Cultural da Horta"},{"issue":"1","key":"ref20","doi-asserted-by":"crossref","first-page":"5","DOI":"10.24043\/isj.332","article-title":"Thematic section: sustainable development and environmental conservation in the outermost European regions","volume":"11","author":"GIL A","year":"2016","journal-title":"Island Studies Journal"},{"issue":"18","key":"ref21","first-page":"12","article-title":"Desarrollo sostenible: posturas contempor\u00e1neas y desaf\u00edos en la construcci\u00f3n del espacio urbano","author":"GUDYNAS E","year":"2009","journal-title":"Vivienda Popular"},{"year":"2019","series-title":"A miniature world in decline","author":"HODGETTS N.","key":"ref22"},{"year":"2014","series-title":"IAP2 Public Participation Spectrum","key":"ref23"},{"year":"2018","series-title":"Abstract booklet of the 7th International Conference on Environmental Future: Humans and Island Environments","key":"ref24"},{"year":"2012","series-title":"Censos - Resultados definitivos. Regi\u00e3o Aut\u00f3noma dos A\u00e7ores-2011","key":"ref25"},{"year":"2014","series-title":"Cidades Portuguesas: Um Retrato Estat\u00edstico - 2011","key":"ref26"},{"key":"ref27","series-title":"Domains of sustainability. Global Encyclopedia of Public Administration, Public Policy, and Governance","first-page":"1","author":"JAMES P.","year":"2016"},{"key":"ref28","series-title":"Les repr\u00e9sentations sociales","doi-asserted-by":"crossref","first-page":"31","DOI":"10.3917\/puf.jodel.2003.01","volume-title":"Repr\u00e9sentations sociales: un domaine en expansion","author":"JODELET D","year":"2003"},{"issue":"6225","key":"ref29","first-page":"963","article-title":"Systems Integration for Global Sustainability","volume":"347","author":"LIU J.","year":"2015","journal-title":"Science"},{"issue":"1","key":"ref30","doi-asserted-by":"crossref","first-page":"25","DOI":"10.22325\/fes\/res.2018.2","article-title":"La dimensi\u00f3n social del concepto de desarrollo sostenible: \u00bfLa eterna olvidada","volume":"27","author":"L\u00d3PEZ I.","year":"2018","journal-title":"Revista Espa\u00f1ola de Sociolog\u00eda"},{"issue":"18","key":"ref31","doi-asserted-by":"crossref","first-page":"345","DOI":"10.1590\/S0104-40362010000200009","article-title":"N\u00facleo central e periferia das representa\u00e7\u00f5es sociais de ciclos de aprendizagem entre professores","volume":"67","author":"MACHADO L.B.","year":"2010","journal-title":"Ensaio, Avalia\u00e7\u00e3o de Pol\u00edticas P\u00fablicas Educacionais"},{"issue":"4","key":"ref32","first-page":"707","article-title":"Representa\u00e7\u00f5es sociais e sustentabilidade: o significado do termo para alunos do curso de administra\u00e7\u00e3o","volume":"13","author":"MATOS F.R.N.","year":"2012","journal-title":"Administra\u00e7\u00e3o: Ensino e Pesquisa"},{"issue":"27","key":"ref33","article-title":"Social sustainability: Towards some definitions","author":"McKENZIE S","year":"2004","journal-title":"Hawke Research Institute Working Paper Series"},{"year":"2017","series-title":"Representa\u00e7\u00f5es sociais sobre a escola e o trabalho docente: professores de Sociologia no ensino m\u00e9dio nas escolas p\u00fablicas de Goi\u00e2nia","author":"MELO M.A.P","key":"ref34"},{"issue":"5","key":"ref35","doi-asserted-by":"crossref","first-page":"975","DOI":"10.25145\/j.pasos.2019.17.069","article-title":"A perce\u00e7\u00e3o dos stakeholders sobre o desenvolvimento tur\u00edstico-o caso da ilha de S\u00e3o Miguel, A\u00e7ores","volume":"17","author":"MONIZ F.","year":"2019","journal-title":"PASOS: Revista de Turismo y Patrimonio Cultural"},{"year":"1978","series-title":"A representa\u00e7\u00e3o social da Psican\u00e1lise","author":"MOSCOVICI S","key":"ref36"},{"issue":"3","key":"ref37","doi-asserted-by":"crossref","first-page":"64","DOI":"10.9771\/1981-6766rpa.v8i3.12917","article-title":"Protocolo verbal e teste de associa\u00e7\u00e3o livre de palavras: perspectivas de instrumentos de pesquisa introspectiva e projetiva na ci\u00eancia da informa\u00e7\u00e3o","volume":"8","author":"NEVES D.A.B.","year":"2014","journal-title":"PontodeAcesso"},{"key":"ref38","series-title":"Investigaci\u00f3n cualitativa y m\u00e9todos de evaluaci\u00f3n","author":"PATTON M.Q","year":"2002","edition":"3\u00aaed"},{"year":"2017","series-title":"Estudo para a Comiss\u00e3o REGI: A situa\u00e7\u00e3o econ\u00f3mica, social e territorial dos A\u00e7ores (Portugal)","key":"ref39"},{"key":"ref40","first-page":"149","article-title":"O homem a\u00e7oriano e a a\u00e7orianidade","volume":"2","author":"PIRES A.M","year":"1997","journal-title":"Hist\u00f3ria das ilhas atl\u00e2nticas"},{"issue":"196","key":"ref41","first-page":"419","article-title":"Ancoragens e varia\u00e7\u00f5es nas representa\u00e7\u00f5es sociais da corrup\u00e7\u00e3o","author":"POELSCH G.","year":"2010","journal-title":"An\u00e1lise Social"},{"year":"2013","series-title":"Las representaciones sociales del medio ambiente, la educaci\u00f3n ambiental y la sustentabilidad en los funcionarios p\u00fablicos","author":"PONS-GUTIERREZ J.M","key":"ref42"},{"issue":"3","key":"ref43","doi-asserted-by":"crossref","first-page":"681","DOI":"10.1007\/s11625-018-0627-5","article-title":"Three pillars of sustainability: in search of conceptual origins","volume":"14","author":"PURVIS B.","year":"2019","journal-title":"Sustainability science"},{"key":"ref44","first-page":"1","article-title":"Representa\u00e7\u00f5es sobre sustentabilidade: contribui\u00e7\u00f5es para a abordagem de quest\u00f5es ambientais","author":"RAMOS F.A.","year":"2009","journal-title":"Anais Eletr\u00f4nicos"},{"year":"2017","series-title":"Sustentabilidade: Primeiro Grande Inqu\u00e9rito em Portugal","author":"SCHMIDT L.","key":"ref45"},{"issue":"4","key":"ref46","doi-asserted-by":"crossref","first-page":"539","DOI":"10.1080\/09644010903063669","article-title":"The five dimensions of sustainability","volume":"18","author":"SEGHEZZO L","year":"2009","journal-title":"Environmental Politics"},{"year":"2009","series-title":"As atitudes face ao ambiente em regi\u00f5es perif\u00e9ricas","author":"SILVA E.","key":"ref47"},{"year":"2012","series-title":"Servi\u00e7o Regional de Estat\u00edstica dos A\u00e7ores Censos 2011","key":"ref48"},{"key":"ref49","first-page":"1","article-title":"Measuring the sustainability of cities: A survey-based analysis of the use of local indicators","volume":"2","author":"TANGUAY G.A.","year":"2009","journal-title":"CIRANO, Scientific Series"},{"issue":"2","key":"ref50","first-page":"187","article-title":"Representa\u00e7\u00e3o social da sustentabilidade na constru\u00e7\u00e3o civil: a vis\u00e3o de estudantes universit\u00e1rios","volume":"19","author":"TECHIO E.M.","year":"2016","journal-title":"Ambiente & Sociedade"},{"issue":"3","key":"ref51","doi-asserted-by":"crossref","first-page":"254","DOI":"10.2478\/euco-2014-0014","article-title":"Sustainable development in island communities: The case study of Postira","volume":"6","author":"TONKOVI\u0106 \u017d.","year":"2014","journal-title":"European Countryside"},{"year":"2014","key":"ref52"},{"year":"2015","series-title":"Transforming Our World: The 2030 Agenda for Sustainable Development. (No. A\/70\/L.1)","key":"ref53"},{"issue":"3","key":"ref54","doi-asserted-by":"crossref","first-page":"381","DOI":"10.1016\/S0195-9255(00)00049-4","article-title":"A guide to community sustainability indicators","volume":"20","author":"VALENTIN A.","year":"2000","journal-title":"Environmental Impact Assessment Review"},{"year":"2015","series-title":"Sustainability in the 21st Century - The Power of Dialogue","author":"VASCONCELOS L","key":"ref55"},{"year":"2002","series-title":"Manuel ensemble de programmes permettant l\u2019analyse des evocations. EVOC 2000","author":"VERG\u00c8S P","key":"ref56"},{"year":"2006","series-title":"Reflexive governance for sustainable development","author":"VOSS J.P.","key":"ref57"},{"issue":"4","key":"ref58","first-page":"521","article-title":"Crit\u00e9rios de constru\u00e7\u00e3o e relato da an\u00e1lise protot\u00edpica para representa\u00e7\u00f5es sociais","volume":"27","author":"WACHELKE J.","year":"2011","journal-title":"Psicologia: Teoria e Pesquisa"},{"year":"1987","series-title":"Our common future","key":"ref59"}],"container-title":["Ambiente &amp; Sociedade"],"original-title":[],"deposited":{"date-parts":[[2023,1,11]],"date-time":"2023-01-11T20:20:24Z","timestamp":1673468424000},"score":1,"resource":{"primary":{"URL":"http:\/\/www.scielo.br\/scielo.php?script=sci_arttext&pid=S1414-753X2021000100327&tlng=en"}},"subtitle":[],"short-title":[],"issued":{"date-parts":[[2021]]},"references-count":59,"alternative-id":["S1414-753X2021000100327"],"URL":"https:\/\/doi.org\/10.1590\/1809-4422asoc20180212r1vu2021l3ao","relation":{},"ISSN":["1809-4422","1414-753X"],"issn-type":[{"type":"electronic","value":"1809-4422"},{"type":"print","value":"1414-753X"}],"subject":[],"published":{"date-parts":[[2021]]},"article-number":"e02121"}}