{"status":"ok","message-type":"work","message-version":"1.0.0","message":{"indexed":{"date-parts":[[2022,4,1]],"date-time":"2022-04-01T18:11:56Z","timestamp":1648836716548},"reference-count":13,"publisher":"FapUNIFESP (SciELO)","issue":"2","content-domain":{"domain":[],"crossmark-restriction":false},"short-container-title":["Intercom, Rev. Bras. Ci\u00eanc. Comun."],"published-print":{"date-parts":[[2016,8]]},"abstract":"<jats:p>Resumo As pol\u00edticas europeias, em mat\u00e9ria de televis\u00e3o p\u00fablica e de produ\u00e7\u00e3o audiovisual t\u00eam sido, de um modo geral, muito negativas para a experi\u00eancia cultural europeia, e para a identidade e o refor\u00e7o da Ideia de Europa. Ao fim de mais de 30 anos de pol\u00edticas hesitantes e prec\u00e1rias que t\u00eam vindo sistematicamente a diminuir a esfera de a\u00e7\u00e3o cultural e a identidade europeia do audiovisual p\u00fablico dos Estados-membros da UE, estamos provavelmente a chegar a um ponto de n\u00e3o retorno, em plena fase de transi\u00e7\u00e3o para o digital. No atual contexto pol\u00edtico de revis\u00e3o da Diretiva do audiovisual, ou essas pol\u00edticas refor\u00e7am a compet\u00eancia das televis\u00f5es p\u00fablicas europeias para a constru\u00e7\u00e3o da Ideia de Europa, ou ser\u00e1 a pr\u00f3pria Europa e os meios audiovisuais de difus\u00e3o da sua cultura que entrar\u00e3o definitivamente em perigo.<\/jats:p>","DOI":"10.1590\/1809-5844201623","type":"journal-article","created":{"date-parts":[[2016,8,20]],"date-time":"2016-08-20T13:50:21Z","timestamp":1471701021000},"page":"39-47","source":"Crossref","is-referenced-by-count":0,"title":["Da TV p\u00fablica europeia \u00e0 \"aliena\u00e7\u00e3o\" da Ideia de Europa"],"prefix":"10.1590","volume":"39","author":[{"given":"Francisco Rui","family":"C\u00e1dima","sequence":"first","affiliation":[{"name":"Universidade Nova de Lisboa,  Portugal"}]}],"member":"530","reference":[{"key":"ref1","series-title":"Les enjeux de la transparence pour le secteur audiovisuel europ\u00e9en. 10\u00e8me anniversaire de l'Observatoire europ\u00e9en de l'Audiovisuel: Une conf\u00e9rence sur 'Les d\u00e9fis de la transparence dans le secteur audiovisuel'","author":"BARZANTI Roberto","year":"2003"},{"key":"ref2","series-title":"L'Audiovisuel europ\u00e9en: un enjeu de civilisation","author":"BATZ Jean-Claude","year":"2005"},{"issue":"25","key":"ref3","first-page":"14","article-title":"La culture Mainstream, un moyen et non une fin","author":"BEUCAMP Sabine","year":"2011","journal-title":"Agir par la culture"},{"key":"ref4","series-title":"A era da informa\u00e7\u00e3o: economia, sociedade e cultura","volume":"III","author":"CASTELLS Manuel","year":"2003"},{"key":"ref5","series-title":"Television in Europe","author":"COLEMAN James A","year":"1997"},{"key":"ref6","series-title":"UNICA\u00c7\u00c3O DA COMISS\u00c3O AO CONSELHO, AO PARLAMENTO EUROPEU, AO COMIT\u00c9 ECON\u00d3MICO E SOCIAL EUROPEU E AO COMIT\u00c9 DAS REGI\u00d5ES sobre A aplica\u00e7\u00e3o da estrat\u00e9gia de informa\u00e7\u00e3o e comunica\u00e7\u00e3o para a Uni\u00e3o Europeia","year":"2004"},{"key":"ref7","series-title":"COMUNICA\u00c7\u00c3O DA COMISS\u00c3O AO CONSELHO, PARLAMENTO EUROPEU, COMIT\u00c9 ECON\u00d3MICO E SOCIAL E COMIT\u00c9 DAS REGI\u00d5ES sobre um novo quadro de coopera\u00e7\u00e3o para as actividades no \u00e2mbito da pol\u00edtica de informa\u00e7\u00e3o e comunica\u00e7\u00e3o da Uni\u00e3o Europeia","first-page":"3","year":"2001"},{"key":"ref8","series-title":"COMMUNICATING EUROPE THROUGH AUDIOVISUAL MEDIA. SEC (2008)506\/2, 24.4.2008. Directiva do Conselho de 3 de Outubro de 1989 relativa \u00e0 coordena\u00e7\u00e3o de certas disposi\u00e7\u00f5es legislativas, regulamentares e administrativas dos Estados-membros relativas ao exerc\u00edcio de atividades de radiodifus\u00e3o televisiva (89\/552\/CEE)"},{"key":"ref9","series-title":"How television failed to integrate Europe","author":"GARC\u00cdA Aldonza Ruvalcaba","year":"2007"},{"issue":"4","key":"ref10","doi-asserted-by":"crossref","first-page":"411","DOI":"10.1111\/j.1468-2885.2006.00280.x","article-title":"Political Communication in Media Society: Does Democracy Still Enjoy an Epistemic Dimension? The Impact of Normative Theory on Empirical Research","volume":"16","author":"HABERMAS J\u00fcrgen","year":"2006","journal-title":"Communication Theory"},{"key":"ref11","series-title":"LIVRO VERDE. Prepara\u00e7\u00e3o para um mundo audiovisual plenamente convergente: crescimento, cria\u00e7\u00e3o e valores","year":"2013"},{"key":"ref12","series-title":"RELAT\u00d3RIO DA COMISS\u00c3O AO PARLAMENTO EUROPEU, AO CONSELHO, AO COMIT\u00c9 ECON\u00d3MICO E SOCIAL EUROPEU E AO COMIT\u00c9 DAS REGI\u00d5ES. Primeiro relat\u00f3rio sobre a aplica\u00e7\u00e3o dos artigos 13.\u00ba, 16.\u00ba e 17.\u00ba da Diretiva 2010\/13\/UE, para o per\u00edodo 2009-2010","year":"2012"},{"key":"ref13","series-title":"RELAT\u00d3RIO SOBRE A APLICA\u00c7\u00c3O DA DIRETIVA \"SERVI\u00c7OS DE COMUNICA\u00c7\u00c3O SOCIAL AUDIOVISUAL\" (2012\/2132(INI)), da Comiss\u00e3o da Cultura e da Educa\u00e7\u00e3o, de 28.2.2013"}],"container-title":["Intercom: Revista Brasileira de Ci\u00eancias da Comunica\u00e7\u00e3o"],"original-title":[],"link":[{"URL":"http:\/\/www.scielo.br\/pdf\/interc\/v39n2\/1809-5844-interc-39-02-0039.pdf","content-type":"unspecified","content-version":"vor","intended-application":"similarity-checking"}],"deposited":{"date-parts":[[2017,5,23]],"date-time":"2017-05-23T23:52:03Z","timestamp":1495583523000},"score":1,"resource":{"primary":{"URL":"http:\/\/www.scielo.br\/scielo.php?script=sci_arttext&pid=S1809-58442016000200039&lng=pt&tlng=pt"}},"subtitle":[],"short-title":[],"issued":{"date-parts":[[2016,8]]},"references-count":13,"journal-issue":{"issue":"2","published-print":{"date-parts":[[2016,8]]}},"alternative-id":["S1809-58442016000200039"],"URL":"https:\/\/doi.org\/10.1590\/1809-5844201623","relation":{},"ISSN":["1809-5844"],"issn-type":[{"value":"1809-5844","type":"electronic"}],"subject":[],"published":{"date-parts":[[2016,8]]}}}