{"status":"ok","message-type":"work","message-version":"1.0.0","message":{"indexed":{"date-parts":[[2025,7,30]],"date-time":"2025-07-30T15:09:02Z","timestamp":1753888142962,"version":"3.41.2"},"reference-count":26,"publisher":"FapUNIFESP (SciELO)","license":[{"start":{"date-parts":[[2023,1,1]],"date-time":"2023-01-01T00:00:00Z","timestamp":1672531200000},"content-version":"vor","delay-in-days":0,"URL":"http:\/\/creativecommons.org\/licenses\/by\/4.0\/"},{"start":{"date-parts":[[2023,1,1]],"date-time":"2023-01-01T00:00:00Z","timestamp":1672531200000},"content-version":"am","delay-in-days":0,"URL":"http:\/\/creativecommons.org\/licenses\/by\/4.0\/"},{"start":{"date-parts":[[2023,1,1]],"date-time":"2023-01-01T00:00:00Z","timestamp":1672531200000},"content-version":"tdm","delay-in-days":0,"URL":"http:\/\/creativecommons.org\/licenses\/by\/4.0\/"}],"content-domain":{"domain":[],"crossmark-restriction":false},"short-container-title":["Texto contexto - enferm."],"abstract":"<jats:p>RESUMO  Objetivo:  Construir, a partir dos conceitos e afirma\u00e7\u00f5es, um modelo te\u00f3rico para enfermagem de reabilita\u00e7\u00e3o com base no reconhecimento intersubjetivo, focado no bem-viver da pessoa em sua diversidade.  M\u00e9todo:  Trata-se de um estudo metodol\u00f3gico calcado na fundamenta\u00e7\u00e3o de Constru\u00e7\u00e3o de Teoria descrito por Walker e Avant para a s\u00edntese um modelo te\u00f3rico de enfermagem. A s\u00edntese busca organizar um arranjo de conceitos e afirma\u00e7\u00f5es que possibilitam visualizar a rela\u00e7\u00e3o de reabilita\u00e7\u00e3o entre as pessoas do modelo.  Resultados:  O modelo te\u00f3rico foi centrado na rela\u00e7\u00e3o interpessoal entre Pessoa e enfermeiro, tal rela\u00e7\u00e3o gera os relacionamentos de Reabilita\u00e7\u00e3o e Reconhecimento que atuam positivamente em ambos e possibilita a autorrealiza\u00e7\u00e3o, a participa\u00e7\u00e3o aut\u00f4noma e igualit\u00e1ria da pessoa em reabilita\u00e7\u00e3o, garantindo seu bem-viver social.  Conclus\u00e3o:  O bem-viver da pessoa em reabilita\u00e7\u00e3o pode ser incentivado, ou ainda garantido, numa rela\u00e7\u00e3o intersubjetiva de reconhecimento que acontece quando enfermeiro e pessoa cuidada se compreendem em suas diferen\u00e7as, respeitando, confiando e estimando socialmente um ao outro, fortalecendo como resultado dessa reabilita\u00e7\u00e3o uma autonomia, liberdade social e dignidade humana.<\/jats:p>","DOI":"10.1590\/1980-265x-tce-2023-0078pt","type":"journal-article","created":{"date-parts":[[2023,11,27]],"date-time":"2023-11-27T11:20:35Z","timestamp":1701084035000},"source":"Crossref","is-referenced-by-count":0,"title":["MODELO TE\u00d3RICO DE ENFERMAGEM DE REABILITA\u00c7\u00c3O: CONSTRU\u00c7\u00c3O METODOL\u00d3GICA"],"prefix":"10.1590","volume":"32","author":[{"ORCID":"https:\/\/orcid.org\/0000-0002-9904-0816","authenticated-orcid":false,"given":"Caroline Porcelis","family":"Vargas","sequence":"first","affiliation":[{"name":"Universidade Federal de Santa Catarina,  Brasil"}]},{"ORCID":"https:\/\/orcid.org\/0000-0002-2822-4407","authenticated-orcid":false,"given":"Soraia Dornelles","family":"Schoeller","sequence":"additional","affiliation":[{"name":"Universidade Federal de Santa Catarina,  Brasil"}]},{"ORCID":"https:\/\/orcid.org\/0000-0002-6042-8733","authenticated-orcid":false,"given":"Milena Amorim","family":"Zuchetto","sequence":"additional","affiliation":[{"name":"Universidade Federal de Santa Catarina,  Brasil"}]},{"ORCID":"https:\/\/orcid.org\/0000-0003-1527-9940","authenticated-orcid":false,"given":"Maria Manuela","family":"Martins","sequence":"additional","affiliation":[{"name":"Escola Superior de Enfermagem do Porto,  Portugal"}]}],"member":"530","published-online":{"date-parts":[[2023]]},"reference":[{"issue":"3","key":"ref1","doi-asserted-by":"crossref","first-page":"403","DOI":"10.5294\/aqui.2015.15.3.8","article-title":"Processo de trabalho em reabilita\u00e7\u00e3o: a perspectiva do trabalhador e do usu\u00e1rio","volume":"15","author":"Schoeller SD","year":"2015","journal-title":"Aquichan"},{"issue":"3","key":"ref2","first-page":"97","article-title":"A Enfermagem em reabilita\u00e7\u00e3o f\u00edsica como tema de Trabalhos de Conclus\u00e3o de Curso (TCC) de Gradua\u00e7\u00e3o em Enfermagem","volume":"57","author":"Vidal AA","year":"2018","journal-title":"Arq Med Hosp Fac Cienc Med Santa Casa S\u00e3o Paulo"},{"issue":"3","key":"ref3","first-page":"100","article-title":"Cuidados prestados pelos enfermeiros aos pacientes de reabilita\u00e7\u00e3o","volume":"54","author":"Kodama CM","year":"2018","journal-title":"Arq Med Hosp Fac Cienc Med Santa Casa S\u00e3o Paulo"},{"volume":"2","series-title":"Regulamento n.\u00ba 125\/2011 - Regulamento das Compet\u00eancias Espec\u00edficas do Enfermeiro Especialista em Enfermagem de Reabilita\u00e7\u00e3o. Di\u00e1rio da Rep\u00fablica","key":"ref4"},{"volume":"2","year":"2019","series-title":"Regulamento n.\u00ba 392\/2019 - Regulamento das compet\u00eancias espec\u00edficas do enfermeiro especialista em Enfermagem de Reabilita\u00e7\u00e3o","key":"ref5"},{"issue":"1","key":"ref6","doi-asserted-by":"crossref","first-page":"6","DOI":"10.33194\/rper.2018.v1.n1.01.4388","article-title":"Breve panorama mundial da enfermagem de reabilita\u00e7\u00e3o","volume":"1","author":"Schoeller SD","year":"2019","journal-title":"Rev Port Enferm Reabil"},{"issue":"4","key":"ref7","doi-asserted-by":"crossref","first-page":"2","DOI":"10.1590\/0104-07072017003830016","article-title":"Bases te\u00f3ricas de pensamento cr\u00edtico na enfermagem ibero-americana: revis\u00e3o integrativa da literatura","volume":"26","author":"Ceolin S","year":"2017","journal-title":"Texto Contexto Enferm"},{"year":"1993","series-title":"Responsible Science: Ensuring the Integrity of the Research Process: Volume II","key":"ref8"},{"issue":"1","key":"ref9","first-page":"83","article-title":"Olhares sobre os processos formativos em Enfermagem de Reabilita\u00e7\u00e3o","volume":"4","author":"Padilha JMSC","year":"2021","journal-title":"Rev Port Enf Reab"},{"issue":"1","key":"ref10","doi-asserted-by":"crossref","first-page":"282","DOI":"10.30681\/252610103378","article-title":"Produ\u00e7\u00e3o do conhecimento em enfermagem de reabilita\u00e7\u00e3o portuguesa: scoping review","volume":"4","author":"Fernandes CS","year":"2019","journal-title":"J Health NPEPS"},{"key":"ref11","article-title":"Decision making for nursing rehabilitation in intensive care: Foci of care","volume":"22","author":"Prazeres VMP","year":"2021","journal-title":"Rev Rene"},{"key":"ref12","series-title":"Luta por reconhecimento: a gram\u00e1tica moral dos conflitos sociais","author":"Honneth A","year":"2003","edition":"2"},{"key":"ref13","series-title":"Strategies for theory construction in nursing","author":"Walker LO","year":"2019","edition":"3"},{"key":"ref14","series-title":"Conceptual models of nursing: analysis and application","author":"Fitzpatrick JJ","year":"2005","edition":"4"},{"key":"ref15","series-title":"The relationship of theory and research","author":"Fawcett J","year":"1999","edition":"3"},{"issue":"26","key":"ref16","first-page":"35","article-title":"Contributos do Referencial Te\u00f3rico de Afaf Meleis para a Enfermagemde Reabilita\u00e7\u00e3o","author":"Silva R","year":"2019","journal-title":"Rev Invest Enferm"},{"issue":"2","key":"ref17","first-page":"1","article-title":"Rehabilitation nursing care and emancipatory process","volume":"5","author":"Schoeller SD","year":"2020","journal-title":"Rev Enf Ref"},{"issue":"7","key":"ref18","doi-asserted-by":"crossref","first-page":"1394","DOI":"10.1111\/jan.13921","article-title":"Measuring the social impact of nursing research: An insight into altmetrics","volume":"75","author":"Dardas LA","year":"2019","journal-title":"J Adv Nurs"},{"issue":"1","key":"ref19","first-page":"1","article-title":"Rehabilitation: Collective construction of a concept in a focus group","volume":"12","author":"Cunha TEO","year":"2023","journal-title":"F1000 Res"},{"year":"2019","series-title":"Cuidado de enfermagem de reabilita\u00e7\u00e3o como processo emancipat\u00f3rio","author":"Zuchetto MA","key":"ref20"},{"issue":"1","key":"ref21","article-title":"Honneth: Contribui\u00e7\u00f5es para o cuidar em enfermagem \u00e0 luz do amor, direito e solidariedade","volume":"12","author":"Jesus SC","year":"2021","journal-title":"Revista Cuidarte"},{"issue":"39","key":"ref22","article-title":"Marcos de visibilidade da enfermagem na era contempor\u00e2nea: uma reflex\u00e3o \u00e0 luz de Wanda Horta","volume":"96","author":"Moura JWS","year":"2022","journal-title":"Rev Enferm Atual In Derme"},{"issue":"6","key":"ref23","doi-asserted-by":"crossref","first-page":"1639","DOI":"10.1590\/0034-7167-2018-0768","article-title":"Nurses defending the autonomy of the elderly at the end of life","volume":"72","author":"Gaspar RB","year":"2019","journal-title":"Rev Bras Enferm"},{"issue":"1","key":"ref24","doi-asserted-by":"crossref","first-page":"1","DOI":"10.33233\/eb.v22i1.5412","article-title":"Enfermagem de reabilita\u00e7\u00e3o: Uma quest\u00e3o de demanda da sociedade e lacuna no \u00e2mbito da sa\u00fade coletiva e enfermagem internacional","volume":"22","author":"Machado WCA","year":"2023","journal-title":"Enferm Bras"},{"issue":"2","key":"ref25","doi-asserted-by":"crossref","first-page":"273","DOI":"10.1590\/1413-81232023282.09112022","article-title":"Reabilita\u00e7\u00e3o f\u00edsica\/funcional no Brasil: an\u00e1lise espa\u00e7o-temporal da oferta no Sistema \u00danico de Sa\u00fade","volume":"28","author":"Gomes SM","year":"2023","journal-title":"Ci\u00eanc Sa\u00fade Coletiva"},{"year":"2018","series-title":"Reabilita\u00e7\u00e3o: n\u00f4mades em busca de sentido para o cuidado da pessoa com defici\u00eancia adquirida","author":"Figueiredo NMA","key":"ref26"}],"container-title":["Texto &amp; Contexto - Enfermagem"],"original-title":["REHABILITATION NURSING: METHODOLOGICAL CONSTRUCTION"],"link":[{"URL":"http:\/\/www.scielo.br\/scielo.php?script=sci_pdf&pid=S0104-07072023000100360&tlng=pt","content-type":"unspecified","content-version":"vor","intended-application":"similarity-checking"}],"deposited":{"date-parts":[[2023,11,27]],"date-time":"2023-11-27T11:21:03Z","timestamp":1701084063000},"score":1,"resource":{"primary":{"URL":"http:\/\/www.scielo.br\/scielo.php?script=sci_arttext&pid=S0104-07072023000100360&tlng=pt"}},"subtitle":[],"short-title":[],"issued":{"date-parts":[[2023]]},"references-count":26,"alternative-id":["S0104-07072023000100360"],"URL":"https:\/\/doi.org\/10.1590\/1980-265x-tce-2023-0078pt","relation":{"has-translation":[{"id-type":"doi","id":"10.1590\/1980-265x-tce-2023-0078en","asserted-by":"subject"}]},"ISSN":["1980-265X","0104-0707"],"issn-type":[{"type":"electronic","value":"1980-265X"},{"type":"print","value":"0104-0707"}],"subject":[],"published":{"date-parts":[[2023]]},"article-number":"e20230078"}}