{"status":"ok","message-type":"work","message-version":"1.0.0","message":{"indexed":{"date-parts":[[2025,7,30]],"date-time":"2025-07-30T15:08:02Z","timestamp":1753888082279,"version":"3.41.2"},"reference-count":37,"publisher":"FapUNIFESP (SciELO)","license":[{"start":{"date-parts":[[2025,1,1]],"date-time":"2025-01-01T00:00:00Z","timestamp":1735689600000},"content-version":"vor","delay-in-days":0,"URL":"http:\/\/creativecommons.org\/licenses\/by\/4.0\/"},{"start":{"date-parts":[[2025,1,1]],"date-time":"2025-01-01T00:00:00Z","timestamp":1735689600000},"content-version":"am","delay-in-days":0,"URL":"http:\/\/creativecommons.org\/licenses\/by\/4.0\/"},{"start":{"date-parts":[[2025,1,1]],"date-time":"2025-01-01T00:00:00Z","timestamp":1735689600000},"content-version":"tdm","delay-in-days":0,"URL":"http:\/\/creativecommons.org\/licenses\/by\/4.0\/"}],"funder":[{"name":"UIDEF","award":["UIDB\/04107\/2020"],"award-info":[{"award-number":["UIDB\/04107\/2020"]}]}],"content-domain":{"domain":[],"crossmark-restriction":false},"short-container-title":["Rev. bras. educ. espec."],"abstract":"<jats:p>RESUMO: As novas pol\u00edticas educativas e reabilitativas exigem a pessoa no centro do processo, para a capacita\u00e7\u00e3o e cidadania, fundamentada na autodetermina\u00e7\u00e3o. A teoria de ag\u00eancia causal assume que as a\u00e7\u00f5es-decis\u00f5es s\u00e3o tomadas pelas pessoas no controlo da pr\u00f3pria vida em fun\u00e7\u00e3o dos seus objetivos. Todavia, as pessoas com dificuldades intelectuais e desenvolvimentais (DID) continuam a ser desvalorizadas, vendo-se restringidas nestas decis\u00f5es. Apesar de preditor da qualidade de vida e do interesse crescente, a autodetermina\u00e7\u00e3o \u00e9 um constructo pouco explorado. A teoria exige instrumentos de avalia\u00e7\u00e3o robustos. Este artigo preliminar objetiva analisar a fiabilidade e validade da vers\u00e3o portuguesa do Invent\u00e1rio de Autodetermina\u00e7\u00e3o (IADp), aplicado a 52 participantes, entre 13-54 anos (22.37\u00b113.7), 23 do g\u00e9nero feminino e 29 do masculino, com e sem DID. Os \u00edndices de validade de conte\u00fado (IVC&gt;.90) confirmam a representatividade dos itens, corroborados por acordos moderados-forte entre peritos (\u2265.76) e Kappa de Cohen (.49\u2264k\u22641). A consist\u00eancia interna e estabilidade temporal s\u00e3o excelentes (\u03b1\u2265.91; r\u2265.90). As correla\u00e7\u00f5es s\u00e3o significativas (p&lt;.01) entre-componentes (r\u2265.39), componentes-caracter\u00edsticas (r\u2265.56), caracter\u00edsticas (r\u226570) e total (r&gt;.71). Os itens parecem organizar-se por tr\u00eas fatores, e infere-se a invari\u00e2ncia dos itens entre participantes com e sem DID. O IADp parece ser um instrumento adequado para avaliar a autodetermina\u00e7\u00e3o.<\/jats:p>","DOI":"10.1590\/1980-54702025v31e0040","type":"journal-article","created":{"date-parts":[[2025,5,12]],"date-time":"2025-05-12T11:08:37Z","timestamp":1747048117000},"source":"Crossref","is-referenced-by-count":0,"title":["A Autodetermina\u00e7\u00e3o de Adolescentes e Adultos com Dificuldades Intelectuais e Desenvolvimentais: Estudo Preliminar da Validade e Fiabilidade do Novo Invent\u00e1rio"],"prefix":"10.1590","volume":"31","author":[{"ORCID":"https:\/\/orcid.org\/0000-0002-7483-3342","authenticated-orcid":false,"given":"Clarissa","family":"MOREIRA","sequence":"first","affiliation":[{"name":"Universidade de Lisboa,  Portugal"}]},{"ORCID":"https:\/\/orcid.org\/0000-0002-8112-8932","authenticated-orcid":false,"given":"Andr\u00e9","family":"OLIVEIRA","sequence":"additional","affiliation":[{"name":"Universidade da Beira Interior,  Portugal; Universidade do Minho,  Portugal"}]},{"ORCID":"https:\/\/orcid.org\/0000-0001-5009-8980","authenticated-orcid":false,"given":"Armanda","family":"PEREIRA","sequence":"additional","affiliation":[{"name":"Universidade do Minho,  Portugal"}]},{"ORCID":"https:\/\/orcid.org\/0000-0002-3221-1916","authenticated-orcid":false,"given":"Pedro","family":"ROS\u00c1RIO","sequence":"additional","affiliation":[{"name":"Universidade do Minho,  Portugal"}]},{"ORCID":"https:\/\/orcid.org\/0000-0001-5134-5867","authenticated-orcid":false,"given":"Mayumi","family":"HAGIWARA","sequence":"additional","affiliation":[{"name":"San Francisco State University,  United States"}]},{"ORCID":"https:\/\/orcid.org\/0000-0001-7925-1299","authenticated-orcid":false,"given":"Karrie A.","family":"SHOGREN","sequence":"additional","affiliation":[{"name":"University of Kansas,  United States; University of Kansas,  United States"}]},{"ORCID":"https:\/\/orcid.org\/0000-0002-6654-564X","authenticated-orcid":false,"given":"Sofia","family":"SANTOS","sequence":"additional","affiliation":[{"name":"Universidade de Lisboa,  Portugal; Universidade de Lisboa,  Portugal"}]}],"member":"530","published-online":{"date-parts":[[2025]]},"reference":[{"issue":"7","key":"ref1","doi-asserted-by":"crossref","first-page":"3061","DOI":"10.1590\/S1413-81232011000800006","article-title":"Validade de conte\u00fado nos processos de constru\u00e7\u00e3o e adapta\u00e7\u00e3o de instrumentos de medidas","volume":"16","author":"Alexandre N.","year":"2011","journal-title":"Revista Ci\u00eancia e Sa\u00fade Coletiva"},{"edition":"5\u00aa","year":"2013","series-title":"Diagnostic and statistical manual of mental disorders (DSM-V)","key":"ref2"},{"series-title":"Decreto-Lei n\u00ba 54\/2018, de 6 de julho de 2018. Estabelece o Regime Jur\u00eddico da Educa\u00e7\u00e3o Inclusiva","key":"ref3"},{"series-title":"Despacho n\u00ba 6478\/2017, de 26 de julho de 2017. Homologa o Perfil dos Alunos \u00e0 Sa\u00edda da Escolaridade Obrigat\u00f3ria","key":"ref4"},{"issue":"1","key":"ref5","doi-asserted-by":"crossref","first-page":"33","DOI":"10.1352\/1944-7558-123.1.33","article-title":"Autonomy support, need satisfaction, and motivation for support among adults with intellectual disability: testing a self-determination theory model","volume":"123","author":"Frielink N.","year":"2018","journal-title":"American Journal on Intellectual and Developmental Disabilities"},{"issue":"3","key":"ref6","doi-asserted-by":"crossref","first-page":"245","DOI":"10.1093\/deafed\/enac010","article-title":"The Self-Determination Inventory: Student Report American Sign Language Translation","volume":"27","author":"Garberoglio C.","year":"2022","journal-title":"Journal of deaf studies and deaf education"},{"issue":"2","key":"ref7","first-page":"101","article-title":"ITC Guidelines for Translating and Adapting Tests (2\u00aa ed.)","volume":"18","year":"2017","journal-title":"International Journal of Testing"},{"year":"2021","series-title":"An\u00e1lise Estat\u00edstica com o SPSS Statistics","author":"Mar\u00f4co J.","key":"ref8"},{"issue":"2","key":"ref9","first-page":"41","article-title":"Promoting self-determination skills in the classroom: the Self-determined learning model of instruction","volume":"48","author":"Mumbard\u00f3-Adam C.","year":"2017","journal-title":"Siglo cero"},{"issue":"6","key":"ref10","doi-asserted-by":"crossref","first-page":"545","DOI":"10.1352\/1944-7558-123.6.545","article-title":"Psychometric Properties of the Spanish Version of the Self-Determination Inventory Student Self-Report: A Structural Equation Modeling Approach","volume":"123","author":"Mumbard\u00f3-Adam C.","year":"2018","journal-title":"American journal on intellectual and developmental disabilities"},{"year":"2007","series-title":"Conven\u00e7\u00e3o sobre os direitos das pessoas com defici\u00eancia","key":"ref11"},{"key":"ref12","first-page":"87","article-title":"As vari\u00e1veis da auto-determina\u00e7\u00e3o de adultos com Dificuldades Intelectuais e Desenvolvimentais institucionalizados","volume":"26","author":"Nunes I.","year":"2019","journal-title":"Revista Educa\u00e7\u00e3o Especial e Reabilita\u00e7\u00e3o"},{"year":"1981","series-title":"Psychometric Theory","author":"Nunnally J.","key":"ref13"},{"year":"2008","series-title":"An\u00e1lise de dados para ci\u00eancias sociais: A complementaridade do SPSS","author":"Pestana M.","key":"ref14"},{"key":"ref15","doi-asserted-by":"crossref","first-page":"1","DOI":"10.1590\/1980-54702024v30e0110","article-title":"Perfil de autodetermina\u00e7\u00e3o adultos com e sem dificuldades intelectuais e desenvolvimentais: estudo comparativo","volume":"30","author":"Pires C.","year":"2024","journal-title":"Revista Brasileira de Educa\u00e7\u00e3o Especial"},{"key":"ref16","doi-asserted-by":"crossref","first-page":"489","DOI":"10.1002\/nur.20147","article-title":"The content validity index: are you sure you know what\u2019s being reported? Critique and recommendations","volume":"29","author":"Polit D.","year":"2006","journal-title":"Research in Nursing and Health"},{"year":"2017","series-title":"Self-determination theory: Basic psychological needs in motivation, development, and wellness","author":"Ryan R. M.","key":"ref17"},{"year":"2020","series-title":"Como lidar com a Dificuldade Intelectual e Desenvolvimental","author":"Santos S.","key":"ref18"},{"key":"ref19","series-title":"Diversidade e Educa\u00e7\u00e3o lnclusiva: instrumentos validados","first-page":"7","volume-title":"Introdu\u00e7\u00e3o","author":"Santos S.","year":"2022","edition":"1\u00aa"},{"issue":"5","key":"ref20","doi-asserted-by":"crossref","first-page":"379","DOI":"10.1352\/1934-9556-52.5.379","article-title":"Psychometric Properties of the Portuguese Version of the Adaptive Behavior Scale","volume":"52","author":"Santos S.","year":"2014","journal-title":"Intellectual and Developmental Disabilities"},{"key":"ref21","series-title":"Diversidade e Educa\u00e7\u00e3o lnclusiva: instrumentos validados","first-page":"89","volume-title":"Uma Educa\u00e7\u00e3o para a Autodetermina\u00e7\u00e3o","author":"Santos S.","year":"2022","edition":"1\u00aa"},{"year":"2021","series-title":"Intellectual and developmental disability \u2013 definition, diagnosis, classification and systems ofsupports","author":"Schalock R.","key":"ref22"},{"key":"ref23","first-page":"22","article-title":"A valida\u00e7\u00e3o de instrumentos e a sua import\u00e2ncia para a \u00e1rea da Reabilita\u00e7\u00e3o Psicomotora","volume":"25","author":"Serr\u00e3o C.","year":"2022","journal-title":"A Psicomotricidade"},{"issue":"5","key":"ref24","doi-asserted-by":"crossref","first-page":"339","DOI":"10.1352\/1934-9556-62.5.339","article-title":"Preliminary reliability and validity of the Self-Determination Inventory: student report French translation","volume":"62","author":"Shogren K.","year":"2024","journal-title":"lntellectual and Developmental Disability"},{"issue":"2","key":"ref25","doi-asserted-by":"crossref","first-page":"110","DOI":"10.1177\/1534508418788168","article-title":"The Self-Determination Inventory\u2013Student Report: confirming the factor structure ofanew measure","volume":"45","author":"Shogren K.","year":"2020","journal-title":"Asessment for Effective Intervention"},{"key":"ref26","series-title":"Development of self-determination through the life course","first-page":"17","volume-title":"Human agentic theories and the development of self-determination","author":"Shogren K.","year":"2017","edition":"1\u00aa"},{"key":"ref27","series-title":"Self-Determination and Causal Agency Theory","first-page":"63","volume-title":"Assessment of Self-Determination","author":"Shogren K.","year":"2022"},{"issue":"2","key":"ref28","doi-asserted-by":"crossref","first-page":"92","DOI":"10.1177\/2165143415594335","article-title":"Preliminary validity and reliability of scores on the Self-Determination Inventory: Student Report Version","volume":"40","author":"Shogren K.","year":"2017","journal-title":"Career Development and Transition for Exceptional Individuals"},{"key":"ref29","series-title":"Supported decisionmaking: theory, research, and practice to enhance self-determination and quality of life","first-page":"68","volume-title":"Causal agency theory: self-Determination and Disability","author":"Shogren K.","year":"2018","edition":"1a"},{"issue":"3","key":"ref30","first-page":"251","article-title":"Causal Agency Theory: Reconceptualizing a Functional Model of Self-Determination","volume":"50","author":"Shogren K.","year":"2015","journal-title":"Education and Trainingin Autism and Developmental Disabilities"},{"issue":"1","key":"ref31","first-page":"1","article-title":"The Impact of Personal and Environmental Characteristics on Quality of Life of People with Intellectual Disability","volume":"11","author":"Sim\u00f5es C.","year":"2017","journal-title":"Applied Research in Quality of Life"},{"key":"ref32","doi-asserted-by":"crossref","first-page":"169","DOI":"10.1590\/1980-54702022v28e0135","article-title":"Adapta\u00e7\u00e3o e valida\u00e7\u00e3o da Arc\u2019s Self-Determination Scale \u00e0 popula\u00e7\u00e3o adolescente e adulta com DID portuguesa","volume":"28","author":"Torres M.","year":"2022","journal-title":"Revista Brasileira de Educa\u00e7\u00e3o Especial"},{"issue":"19","key":"ref33","doi-asserted-by":"crossref","first-page":"1","DOI":"10.3390\/ijerph17197121","article-title":"The importance of Self-Determination to the quality of life of people with intellectual disability: a perspective","volume":"17","author":"Wehmeyer M.","year":"2020","journal-title":"International Journal of Environmental Research and Public Health"},{"key":"ref34","first-page":"632","article-title":"Essential characteristics of self-determined behavior of individuals with mental retardation","volume":"100","author":"Wehmeyer M.","year":"1996","journal-title":"American Journal on Mental Retardation"},{"issue":"5","key":"ref35","doi-asserted-by":"crossref","first-page":"508","DOI":"10.1177\/0193945903252998","article-title":"Two quantitative approaches for estimating content validity","volume":"25","author":"Wynd C.","year":"2003","journal-title":"Western Journal of Nursing Research"},{"issue":"1","key":"ref36","doi-asserted-by":"crossref","first-page":"41","DOI":"10.1352\/1934-9556-60.1.41","article-title":"Psychometric Properties of Self-Determination Inventory: Student Report among Chinese Students with and without Intellectual and Developmental Disabilities","volume":"60","author":"Xu T.","year":"2022","journal-title":"Intellectual and developmental disabilities"},{"issue":"1","key":"ref37","first-page":"25","article-title":"Content validity and its estimation","volume":"3","author":"Yaghmaie F.","year":"2003","journal-title":"Journal of Medical Education Spring"}],"container-title":["Revista Brasileira de Educa\u00e7\u00e3o Especial"],"original-title":["Self-Determination of Adolescents and Adults with Intellectual and Developmental Disabilities: a Preliminary Study of Validity And Reliability of the New Inventory"],"link":[{"URL":"http:\/\/www.scielo.br\/scielo.php?script=sci_pdf&pid=S1413-65382025000100402&tlng=pt","content-type":"unspecified","content-version":"vor","intended-application":"similarity-checking"}],"deposited":{"date-parts":[[2025,5,12]],"date-time":"2025-05-12T11:08:45Z","timestamp":1747048125000},"score":1,"resource":{"primary":{"URL":"http:\/\/www.scielo.br\/scielo.php?script=sci_arttext&pid=S1413-65382025000100402&tlng=pt"}},"subtitle":[],"short-title":[],"issued":{"date-parts":[[2025]]},"references-count":37,"alternative-id":["S1413-65382025000100402"],"URL":"https:\/\/doi.org\/10.1590\/1980-54702025v31e0040","relation":{},"ISSN":["1980-5470","1413-6538"],"issn-type":[{"type":"electronic","value":"1980-5470"},{"type":"print","value":"1413-6538"}],"subject":[],"published":{"date-parts":[[2025]]},"article-number":"e0040"}}