{"status":"ok","message-type":"work","message-version":"1.0.0","message":{"indexed":{"date-parts":[[2026,3,10]],"date-time":"2026-03-10T05:30:28Z","timestamp":1773120628493,"version":"3.50.1"},"reference-count":39,"publisher":"FapUNIFESP (SciELO)","license":[{"start":{"date-parts":[[2022,1,1]],"date-time":"2022-01-01T00:00:00Z","timestamp":1640995200000},"content-version":"vor","delay-in-days":0,"URL":"http:\/\/creativecommons.org\/licenses\/by-nc\/4.0\/"},{"start":{"date-parts":[[2022,1,1]],"date-time":"2022-01-01T00:00:00Z","timestamp":1640995200000},"content-version":"am","delay-in-days":0,"URL":"http:\/\/creativecommons.org\/licenses\/by-nc\/4.0\/"},{"start":{"date-parts":[[2022,1,1]],"date-time":"2022-01-01T00:00:00Z","timestamp":1640995200000},"content-version":"tdm","delay-in-days":0,"URL":"http:\/\/creativecommons.org\/licenses\/by-nc\/4.0\/"}],"content-domain":{"domain":[],"crossmark-restriction":false},"short-container-title":["Cad. Pesqui."],"abstract":"<jats:p>Resumo O artigo, de abordagem qualitativa, trata de instrumentos de avalia\u00e7\u00e3o e par\u00e2metros de qualidade para a educa\u00e7\u00e3o infantil. Prop\u00f5e-se a identificar, descrever e comparar diferentes modelos de avalia\u00e7\u00e3o da qualidade da educa\u00e7\u00e3o infantil, analisando sua adequa\u00e7\u00e3o para aplica\u00e7\u00e3o na rede municipal de ensino de Florian\u00f3polis, Santa Catarina, Brasil. Dentre os modelos analisados, dois mostraram maior coer\u00eancia te\u00f3rico-metodol\u00f3gica ao contexto, por se basearem no acesso, insumos e processos e preverem a participa\u00e7\u00e3o da comunidade educativa. A implementa\u00e7\u00e3o e gest\u00e3o de um sistema de avalia\u00e7\u00e3o requer indissociabilidade entre pol\u00edtica de avalia\u00e7\u00e3o e instrumentos de avalia\u00e7\u00e3o por meio da intersetorialidade, fomentados por pol\u00edticas p\u00fablicas para inf\u00e2ncia a fim de atender aos par\u00e2metros de qualidade da educa\u00e7\u00e3o infantil.<\/jats:p>","DOI":"10.1590\/198053147958","type":"journal-article","created":{"date-parts":[[2022,2,18]],"date-time":"2022-02-18T12:06:21Z","timestamp":1645185981000},"source":"Crossref","is-referenced-by-count":5,"title":["INSTRUMENTOS DE AVALIA\u00c7\u00c3O E PAR\u00c2METROS DE QUALIDADE PARA A EDUCA\u00c7\u00c3O INFANTIL"],"prefix":"10.1590","volume":"52","author":[{"ORCID":"https:\/\/orcid.org\/0000-0001-6547-9866","authenticated-orcid":false,"given":"Dirce","family":"Guerres-Zucco","sequence":"first","affiliation":[{"name":"Prefeitura Municipal de Florian\u00f3polis,  Brazil"}]},{"ORCID":"https:\/\/orcid.org\/0000-0002-0651-0349","authenticated-orcid":false,"given":"Andreia","family":"Zanella","sequence":"additional","affiliation":[{"name":"Universidade Federal de Santa Catarina,  Brazil"}]},{"ORCID":"https:\/\/orcid.org\/0000-0002-3709-8561","authenticated-orcid":false,"given":"Angela Scalabrin","family":"Coutinho","sequence":"additional","affiliation":[{"name":"Universidade Federal do Paran\u00e1,  Brazil"}]}],"member":"530","published-online":{"date-parts":[[2022]]},"reference":[{"key":"ref1","series-title":"Instrumentos e indicadores para avaliar a creche: Um percurso de an\u00e1lise da qualidade","first-page":"149","volume-title":"ISQUEN: Indicadores e escala de avalia\u00e7\u00e3o da qualidade educativa da creche","author":"Becchi E.","year":"2014"},{"key":"ref2","series-title":"ERVIS: Elementi per Rilevare e Valutare l\u2019integrazione Scolastica","author":"Bondioli A.","year":"2009"},{"key":"ref3","series-title":"Instrumentos e indicadores para avaliar a creche: Um percurso de an\u00e1lise da qualidade","first-page":"47","volume-title":"Indicadores operativos e an\u00e1lise da qualidade: Raz\u00f5es e modos de avaliar","author":"Bondioli A.","year":"2014"},{"key":"ref4","series-title":"Participa\u00e7\u00e3o e qualidade em educa\u00e7\u00e3o da inf\u00e2ncia: Percursos e compartilhamento reflexivo em contextos educativos","first-page":"23","volume-title":"O m\u00e9todo","author":"Bondioli A.","year":"2013"},{"issue":"142","key":"ref5","doi-asserted-by":"crossref","first-page":"20","DOI":"10.1590\/S0100-15742011000100003","article-title":"A qualidade da educa\u00e7\u00e3o infantil: Um estudo em seis capitais brasileiras","volume":"41","author":"Campos M. M.","year":"2011","journal-title":"Cadernos de Pesquisa"},{"issue":"2","key":"ref6","doi-asserted-by":"crossref","first-page":"11","DOI":"10.1590\/1980-6248-2016-0155","article-title":"Avalia\u00e7\u00e3o na e da educa\u00e7\u00e3o infantil: Avalia\u00e7\u00e3o de contexto","volume":"29","author":"Castro J. S. de","year":"2018","journal-title":"Pro-Posi\u00e7\u00f5es"},{"key":"ref7","series-title":"Autoavalia\u00e7\u00e3o institucional participativa da educa\u00e7\u00e3o infantil da cidade de S\u00e3o Paulo","author":"Festa M.","year":"2019"},{"issue":"2","key":"ref8","doi-asserted-by":"crossref","first-page":"46","DOI":"10.1590\/1980-6248-2016-0162","article-title":"Construindo a avalia\u00e7\u00e3o em conjunto: A experimenta\u00e7\u00e3o de uma abordagem participativa para avalia\u00e7\u00e3o na regi\u00e3o italiana da Em\u00edlia Romanha","volume":"29","author":"Gariboldi A.","year":"2018","journal-title":"Pro-Posi\u00e7\u00f5es"},{"issue":"148","key":"ref9","doi-asserted-by":"crossref","first-page":"76","DOI":"10.1590\/S0100-15742013000100005","article-title":"O uso de escalas de avalia\u00e7\u00e3o de ambientes na educa\u00e7\u00e3o infantil","volume":"43","author":"Harms T.","year":"2013","journal-title":"Cadernos de Pesquisa"},{"key":"ref10","series-title":"Infant\/toddler environment rating scale","author":"Harms T.","year":"2006"},{"key":"ref11","series-title":"Child Observation Record (COR). Information for Decision Makers","year":"2005"},{"key":"ref12","series-title":"Aprova o Plano Nacional de Educa\u00e7\u00e3o - PNE e d\u00e1 outras provid\u00eancias","year":"2014"},{"key":"ref13","series-title":"Sguardi sul nido... Strumento per lo Sviluppo di Processi Riflessivi e Indagini valutative nei Nidi da parte dei Gruppi di lavoro educativi (SPRING)","author":"Marcuccio M.","year":"2013"},{"issue":"5","key":"ref14","first-page":"133","article-title":"La construcci\u00f3n de indicadores y evaluaci\u00f3n de la calidad en centros educativos: Seis experiencias en M\u00e9xico","volume":"8","author":"Mart\u00ednez Preciado J. F.","year":"2010","journal-title":"REICE: Revista Iberoamericana sobre Calidad, Eficacia y Cambio en Educaci\u00f3n"},{"key":"ref15","series-title":"Par\u00e2metros nacionais de qualidade para a educa\u00e7\u00e3o infantil (Vols. 1-2)","year":"2006"},{"key":"ref16","series-title":"Indicadores da qualidade na educa\u00e7\u00e3o infantil","year":"2009"},{"key":"ref17","series-title":"Diretrizes Curriculares Nacionais para a Educa\u00e7\u00e3o Infantil","year":"2010"},{"key":"ref18","series-title":"Monitoramento do uso dos indicadores da qualidade na educa\u00e7\u00e3o infantil","year":"2011"},{"key":"ref19","series-title":"Educa\u00e7\u00e3o infantil: Subs\u00eddios para a constru\u00e7\u00e3o de uma sistem\u00e1tica de avalia\u00e7\u00e3o (Documento produzido pelo Grupo de Trabalho institu\u00eddo pela Portaria n. 1.147\/2011)","year":"2012"},{"key":"ref20","series-title":"Contribui\u00e7\u00f5es para a pol\u00edtica nacional: Avalia\u00e7\u00e3o em educa\u00e7\u00e3o infantil a partir da avalia\u00e7\u00e3o de contexto","year":"2015"},{"issue":"1","key":"ref21","doi-asserted-by":"crossref","first-page":"44","DOI":"10.24115\/S2446-6220201731236p.44-56","article-title":"Avalia\u00e7\u00e3o de contexto e pol\u00edticas p\u00fablicas para a educa\u00e7\u00e3o infantil","volume":"3","author":"Moro C.","year":"2017","journal-title":"Laplage em Revista"},{"issue":"40","key":"ref22","doi-asserted-by":"crossref","first-page":"138","DOI":"10.5965\/1984723819402018138","article-title":"Diferentes olhares para a creche: A avalia\u00e7\u00e3o de contexto com o instrumento SPRING em um munic\u00edpio da Emilia Romagna","volume":"19","author":"Moro C.","year":"2018","journal-title":"Revista Linhas"},{"key":"ref23","series-title":"Para uma an\u00e1lise pedag\u00f3gica dos contextos educativos","author":"Moro C.","year":"2016"},{"key":"ref24","series-title":"La educaci\u00f3n y atenci\u00f3n a la primera infancia","author":"Motiejunaite A.","year":"2014"},{"issue":"142","key":"ref25","doi-asserted-by":"crossref","first-page":"100","DOI":"10.1590\/S0100-15742011000100006","article-title":"Em busca da qualidade educacional na pr\u00e9-escola: Uma experi\u00eancia mexicana","volume":"41","author":"Myers R.","year":"2011","journal-title":"Cadernos de Pesquisa"},{"key":"ref26","series-title":"Avalia\u00e7\u00f5es municipais da educa\u00e7\u00e3o infantil: Contribui\u00e7\u00f5es para a garantia do direito \u00e0 educa\u00e7\u00e3o das crian\u00e7as brasileiras","author":"Pimenta C. O.","year":"2017"},{"key":"ref27","series-title":"Estabelece par\u00e2metros e fixa diretrizes gerais para implementa\u00e7\u00e3o do Sistema de Avalia\u00e7\u00e3o da Educa\u00e7\u00e3o B\u00e1sica \u2212 Saeb, no \u00e2mbito da Pol\u00edtica Nacional de Avalia\u00e7\u00e3o da Educa\u00e7\u00e3o B\u00e1sica","year":"2021"},{"key":"ref28","series-title":"Estabelece as diretrizes de realiza\u00e7\u00e3o do Sistema de Avalia\u00e7\u00e3o da Educa\u00e7\u00e3o B\u00e1sica - Saeb no ano de 2021","year":"2021"},{"key":"ref29","series-title":"Estabelece as diretrizes de realiza\u00e7\u00e3o do Sistema de Avalia\u00e7\u00e3o da Educa\u00e7\u00e3o B\u00e1sica (Saeb) no ano de 2019","year":"2019"},{"key":"ref30","series-title":"Institui normas complementares necess\u00e1rias ao cumprimento da Pol\u00edtica Nacional de Avalia\u00e7\u00e3o da Educa\u00e7\u00e3o B\u00e1sica","year":"2020"},{"key":"ref31","series-title":"Institui Grupo de Trabalho de Avalia\u00e7\u00e3o da Educa\u00e7\u00e3o Infantil","year":"2011"},{"key":"ref32","series-title":"Indicadores de qualidade da educa\u00e7\u00e3o infantil","year":"2019"},{"key":"ref33","series-title":"Indicadores da qualidade na educa\u00e7\u00e3o infantil da rede municipal de ensino de Salvador. (Vers\u00e3o para a Primeira Aplica\u00e7\u00e3o (abril\/2016)). Nossa Rede - Projeto Pedag\u00f3gico de Salvador","year":"2016"},{"key":"ref34","series-title":"Indicadores de qualidade da educa\u00e7\u00e3o infantil paulistana","year":"2016"},{"issue":"57","key":"ref35","first-page":"4","article-title":"Avalia\u00e7\u00e3o como integrante de pol\u00edticas p\u00fablicas de educa\u00e7\u00e3o infantil","volume":"16","author":"Sousa S. Z.","year":"2018","journal-title":"P\u00e1tio Educa\u00e7\u00e3o Infantil"},{"key":"ref36","series-title":"Forma\u00e7\u00e3o da rede em educa\u00e7\u00e3o infantil: Avalia\u00e7\u00e3o de contexto","author":"Souza G. de","year":"2015"},{"issue":"1-2","key":"ref37","first-page":"23","article-title":"A pesquisa em rede na educa\u00e7\u00e3o infantil: Avalia\u00e7\u00e3o de contexto, modos de proceder e possibilidades de reflex\u00e3o","volume":"6","author":"Souza G. de","year":"2017","journal-title":"RELAdEI: Revista Latinoamericana de Educaci\u00f3n Infantil - Evaluaci\u00f3n de Contextos en Educaci\u00f3n Infantil"},{"issue":"58","key":"ref38","doi-asserted-by":"crossref","first-page":"126","DOI":"10.18222\/eae255820142850","article-title":"Avalia\u00e7\u00e3o da qualidade da educa\u00e7\u00e3o infantil na Austr\u00e1lia","volume":"25","author":"Tayler C.","year":"2014","journal-title":"Estudos em Avalia\u00e7\u00e3o Educacional"},{"key":"ref39","series-title":"MELQO - Measuring Early Learning Quality and Outcomes","first-page":"112","year":"2017"}],"container-title":["Cadernos de Pesquisa"],"original-title":[],"deposited":{"date-parts":[[2022,2,18]],"date-time":"2022-02-18T12:06:48Z","timestamp":1645186008000},"score":1,"resource":{"primary":{"URL":"http:\/\/www.scielo.br\/scielo.php?script=sci_arttext&pid=S0100-15742022000100300&tlng=pt"}},"subtitle":[],"short-title":[],"issued":{"date-parts":[[2022]]},"references-count":39,"alternative-id":["S0100-15742022000100300"],"URL":"https:\/\/doi.org\/10.1590\/198053147958","relation":{},"ISSN":["1980-5314","0100-1574"],"issn-type":[{"value":"1980-5314","type":"electronic"},{"value":"0100-1574","type":"print"}],"subject":[],"published":{"date-parts":[[2022]]},"article-number":"e07958"}}