{"status":"ok","message-type":"work","message-version":"1.0.0","message":{"indexed":{"date-parts":[[2022,4,4]],"date-time":"2022-04-04T16:34:32Z","timestamp":1649090072007},"reference-count":26,"publisher":"FapUNIFESP (SciELO)","issue":"1","content-domain":{"domain":[],"crossmark-restriction":false},"short-container-title":["Trab. educ. sa\u00fade"],"published-print":{"date-parts":[[2016,3]]},"abstract":"<jats:p>Resumo O golpe militar de 25 de Abril de 1974 em Portugal determina a entrada em cena dos trabalhadores e sectores interm\u00e9dios da sociedade. H\u00e1 uma liga\u00e7\u00e3o hist\u00f3rica entre as conquistas dos direitos sociais e o desenvolvimento do controlo oper\u00e1rio no processo revolucion\u00e1rio a partir de fevereiro de 1975. O Governo vai neste momento p\u00f4r em pr\u00e1tica uma s\u00e9rie de medidas sociais que visavam impedir a insurrei\u00e7\u00e3o e que, grosso modo, v\u00e3o constituir aquilo que se determinou chamar Estado social, isto \u00e9, a aloca\u00e7\u00e3o de recursos para o trabalho atrav\u00e9s das fun\u00e7\u00f5es sociais do Estado (educa\u00e7\u00e3o, sa\u00fade, seguran\u00e7a social, lazer, desporto, transportes p\u00fablicos subsidiados, rendas subsidiadas etc.)., contra, ali\u00e1s, as ordens da pr\u00f3pria direc\u00e7\u00e3o militar que tinha posto fim \u00e0 ditadura, o Movimento das For\u00e7as Armadas. A partir de mar\u00e7o de 1975, com a generaliza\u00e7\u00e3o da constitui\u00e7\u00e3o de comiss\u00f5es de trabalhadores e de moradores, o in\u00edcio da reforma agr\u00e1ria, e o questionamento da propriedade privada (processo que se d\u00e1 por ac\u00e7\u00e3o dos trabalhadores, muitas vezes em luta contra os despedimentos ou a descapitaliza\u00e7\u00e3o e abandono de empresas e n\u00e3o por estrat\u00e9gia da sua direc\u00e7\u00e3o pol\u00edtica principal, o Partido Comunista Portugu\u00eas), a revolu\u00e7\u00e3o portuguesa sofre um salto qualitativo, transformando-se numa situa\u00e7\u00e3o revolucion\u00e1ria de tipo \u2018sovi\u00e9tico\u2019.<\/jats:p>","DOI":"10.1590\/1981-7746-sip00088","type":"journal-article","created":{"date-parts":[[2016,1,30]],"date-time":"2016-01-30T18:40:34Z","timestamp":1454179234000},"page":"11-32","source":"Crossref","is-referenced-by-count":1,"title":["O \u2018DIREITO AO TRABALHO\u2019, SA\u00daDE, EDUCA\u00c7\u00c3O E O NASCIMENTO DO ESTADO SOCIAL"],"prefix":"10.1590","volume":"14","author":[{"given":"Raquel","family":"Varela","sequence":"first","affiliation":[{"name":"Universidade Nova de Lisboa,  Portugal"}]},{"given":"Luisa Barbosa","family":"Pereira","sequence":"additional","affiliation":[{"name":"Col\u00e9gio Estadual Jo\u00e3o de Oliveira Botas,  Brasil"}]}],"member":"530","reference":[{"key":"ref1","series-title":"Esquinas perigosas da hist\u00f3ria: situa\u00e7\u00f5es revolucion\u00e1rias em perspectiva marxista","author":"ARCARY Val\u00e9rio","year":"2004"},{"key":"ref2","series-title":"Dicion\u00e1rio de Hist\u00f3ria de Portugal","first-page":"134","volume":"7","author":"BARRETO Ant\u00f3nio","year":"1996"},{"key":"ref3","series-title":"Portugal contempor\u00e2neo","volume-title":"Mudan\u00e7a social em Portugal: 1960-2000","author":"BARRETO Ant\u00f3nio","year":"2005"},{"key":"ref4","series-title":"Hist\u00f3ria do capitalismo","author":"BEAUD Michel","year":"1992"},{"key":"ref5","series-title":"Dicion\u00e1rio de Hist\u00f3ria de Portugal","volume-title":"Sa\u00fade p\u00fablica","author":"CAMPOS Ant\u00f3nio C","year":"2000"},{"key":"ref6","series-title":"Dicion\u00e1rio de Hist\u00f3ria de Portugal","first-page":"137","volume-title":"Assist\u00eancia social","volume":"7","author":"CAPUCHA Lu\u00eds A","year":"1986"},{"key":"ref7","series-title":"Relat\u00f3rio final","volume-title":"Sistemas de poupan\u00e7a complementar para a reforma em Portugal","author":"CARVALHO Ant\u00f3nio","year":"2010"},{"key":"ref8","series-title":"Din\u00e2micas da globaliza\u00e7\u00e3o: mercado mundial e ciclos econ\u00f3micos 1970-2005","author":"COGGIOLA Osvaldo","year":"2006"},{"key":"ref9","series-title":"Discursos pol\u00edticos (3)","author":"CUNHAL \u00c1lvaro","year":"1975"},{"key":"ref10","series-title":"Ideologia ou economia? Evolu\u00e7\u00e3o da prote\u00e7\u00e3o no desemprego em Portugal","author":"FONSECA Bernardete M.","year":"2008"},{"key":"ref11","series-title":"Discursos, confer\u00eancias, entrevistas","first-page":"103","author":"GON\u00c7ALVES Vasco","year":"1977"},{"key":"ref12","series-title":"Ecos da Marselhesa","author":"HOBSBAWM Eric","year":"1996"},{"key":"ref13","series-title":"Dicion\u00e1rio de Hist\u00f3ria de Portugal","first-page":"152","volume-title":"Previd\u00eancia Social","volume":"9","author":"LUCENA Manuel","year":"1986"},{"key":"ref14","series-title":"Contenci\u00f3n y transgresi\u00f3n: las movilizaciones sociales y el Estado en las transiciones Espa\u00f1ola y Portuguesa","author":"MU\u00d1OZ Duran","year":"2000"},{"key":"ref15","series-title":"Entrevista concedida a Raquel Varela","author":"OLIVEIRA Cruz","year":"2012"},{"issue":"151-152","key":"ref16","first-page":"477","article-title":"A assist\u00eancia social e familiar do Estado Novo nos anos 30 e 40","volume":"XXXIV","author":"PIMENTEL Irene F.","year":"1999","journal-title":"An\u00e1lise social"},{"key":"ref17","series-title":"Constitui\u00e7\u00e3o da Rep\u00fablica Portuguesa","year":"1976"},{"key":"ref18","series-title":"Hist\u00f3ria do Servi\u00e7o Nacional de Sa\u00fade"},{"key":"ref19","series-title":"Jornal","year":"1975"},{"key":"ref20","series-title":"Dicion\u00e1rio de Hist\u00f3ria de Portugal","volume-title":"Direitos Humanos","author":"RIBEIRO \u00c2ngelo","year":"2000"},{"key":"ref21","series-title":"Pensamento e a\u00e7\u00e3o pol\u00edtica: Portugal s\u00e9culo XX (1890-1976)","first-page":"162","author":"ROSAS Fernando","year":"2004"},{"key":"ref22","series-title":"O 25 de Abril e as lutas sociais nas empresas","volume":"3","author":"SANTOS Maria L.","year":"1976"},{"issue":"15-16-17","key":"ref23","first-page":"269","article-title":"A reparti\u00e7\u00e3o do rendimento em Portugal no p\u00f3s 25 de Abril 74","author":"SILVA Manuela","year":"1985","journal-title":"Revista Cr\u00edtica de Ci\u00eancias Sociais"},{"key":"ref24","series-title":"Portugal: do autoritarismo \u00e0 democracia","author":"SCHMITTER Philip","year":"1999"},{"key":"ref25","series-title":"Os esquerdistas e a resposta dos trabalhadores","year":"1975"},{"key":"ref26","series-title":"Quem paga o Estado social em Portugal?","first-page":"71","volume-title":"Rutura e pacto social em Portugal: um olhar sobre as crises econ\u00f3micas, conflitos pol\u00edticos e direitos sociais em Portugal (1973-1975, 1981-1986)","author":"VARELA Raquel","year":"2012"}],"container-title":["Trabalho, Educa\u00e7\u00e3o e Sa\u00fade"],"original-title":[],"link":[{"URL":"http:\/\/www.scielo.br\/pdf\/tes\/v14n1\/1981-7746-tes-14-01-0011.pdf","content-type":"unspecified","content-version":"vor","intended-application":"similarity-checking"}],"deposited":{"date-parts":[[2018,8,15]],"date-time":"2018-08-15T11:42:14Z","timestamp":1534333334000},"score":1,"resource":{"primary":{"URL":"http:\/\/www.scielo.br\/scielo.php?script=sci_arttext&pid=S1981-77462016000100011&lng=pt&tlng=pt"}},"subtitle":[],"short-title":[],"issued":{"date-parts":[[2016,3]]},"references-count":26,"journal-issue":{"issue":"1","published-print":{"date-parts":[[2016,3]]}},"alternative-id":["S1981-77462016000100011"],"URL":"https:\/\/doi.org\/10.1590\/1981-7746-sip00088","relation":{},"ISSN":["1981-7746"],"issn-type":[{"value":"1981-7746","type":"electronic"}],"subject":[],"published":{"date-parts":[[2016,3]]}}}