{"status":"ok","message-type":"work","message-version":"1.0.0","message":{"indexed":{"date-parts":[[2024,7,20]],"date-time":"2024-07-20T21:36:12Z","timestamp":1721511372186},"reference-count":47,"publisher":"FapUNIFESP (SciELO)","issue":"1","content-domain":{"domain":[],"crossmark-restriction":false},"short-container-title":["Rev. kat\u00e1lysis"],"abstract":"<jats:p>Resumo Neste artigo analisamos a composi\u00e7\u00e3o da for\u00e7a de trabalho na Europa e sua evolu\u00e7\u00e3o, centrando-nos na rela\u00e7\u00e3o entre precariedade, desemprego e seguran\u00e7a social, desde a crise de 1970 aos nossos dias, com particular aten\u00e7\u00e3o para as mudan\u00e7as ocorridas depois da crise de 1970, da crise 1981-1984 e da crise de 2008. Centrar-nos-emos na composi\u00e7\u00e3o da for\u00e7a de trabalho interna e externa (migra\u00e7\u00f5es) bem como nos efeitos a curto e m\u00e9dio prazo dos programas sociais focalizados e seu impacto na restrutura\u00e7\u00e3o da for\u00e7a de trabalho, que veio colocar em causa o pacto social erguido na Europa do Norte e centro no p\u00f3s guerra e na Europa do sul depois da revolu\u00e7\u00e3o portuguesa e da transi\u00e7\u00e3o espanhola nos anos 70 do s\u00e9culo XX. As fontes deste trabalho s\u00e3o quantitativas (estat\u00edsticas da Comiss\u00e3o Europeia, an\u00e1lise de balan\u00e7os sociais de empresa, Eurostat e INE) e qualitativas (pesquisa da evolu\u00e7\u00e3o das pol\u00edticas sindicais, entrevistas, entre outras).<\/jats:p>","DOI":"10.1590\/1982-02592018v21n1p157","type":"journal-article","created":{"date-parts":[[2018,4,4]],"date-time":"2018-04-04T15:18:04Z","timestamp":1522855084000},"page":"157-167","source":"Crossref","is-referenced-by-count":1,"title":["Restrutura\u00e7\u00e3o produtiva na Europa"],"prefix":"10.1590","volume":"21","author":[{"given":"Raquel Cardeira","family":"Varela","sequence":"first","affiliation":[{"name":"Universidade Nova de Lisboa,  Portugal"}]},{"given":"Luisa Barbosa","family":"Pereira","sequence":"additional","affiliation":[{"name":"Universidade Nova de Lisboa,  Portugal"}]}],"member":"530","published-online":{"date-parts":[[2018,1]]},"reference":[{"key":"ref1","series-title":"Os sentidos do trabalho: ensaio sobre a afirma\u00e7\u00e3o e a nega\u00e7\u00e3o do trabalho","author":"ANTUNES R","year":"2013"},{"key":"ref2","series-title":"O encontro da revolu\u00e7\u00e3o com a hist\u00f3ria: socialismo como projeto na tradi\u00e7\u00e3o marxista","author":"ARCARY V","year":"2006"},{"key":"ref3","series-title":"The politics of post-industrial welfare states. Adapting post-war social policies to new social risks","first-page":"100","volume-title":"Reconciling competing claims of the welfare state clientele: the politics of old and new social risk coverage in comparative perspective","author":"ARMINGEON K","year":"2007"},{"key":"ref4","series-title":"The Political Economy of active labour market policy","first-page":"5","author":"BONOLI G","year":"2010"},{"key":"ref5","series-title":"Economia pol\u00edtica dos direitos humanos","author":"BRANCO M. C","year":"2012"},{"issue":"54","key":"ref6","doi-asserted-by":"crossref","first-page":"91","DOI":"10.2307\/3777435","article-title":"Critiques de gauche et opposition r\u00e9volutionnaire au front populaire (1936-1938)","author":"BROU\u00c9 P","year":"1966","journal-title":"Le mouvement social"},{"key":"ref7","series-title":"Sociolog\u00eda del trabajo","author":"CASTILLO J. J","year":"1996"},{"key":"ref8","series-title":"Hist\u00f3ria do capitalismo: das origens at\u00e9 a Primeira Guerra Mundial","author":"COGGIOLA O","year":"2016"},{"issue":"1","key":"ref9","first-page":"69","article-title":"Programas Sociais Compensat\u00f3rios. a experi\u00eancia brasileira","volume":"23","author":"COGGIOLA O","year":"2013","journal-title":"Revista Praia Vermelha"},{"key":"ref10","series-title":"Din\u00e2micas da globaliza\u00e7\u00e3o","author":"COGGIOLA O","year":"2006"},{"key":"ref11","series-title":"The German Job Miracle","author":"DORRE K","year":"2014"},{"key":"ref12","series-title":"Os moradores \u00e0 conquista da cidade","author":"DOWS C","year":"1978"},{"key":"ref13","series-title":"European Semester Thematic Factsheet - Active Labour Market Policies","year":"2016"},{"key":"ref14","series-title":"Employment and unemployment (Labour force survey)"},{"key":"ref15","series-title":"Putting Germany\u2019s \u2018mini-jobs\u2019 in their context","author":"FELD L. P.","year":"2015"},{"key":"ref16","series-title":"Global Trends in Flexible Labour","author":"FELSTEAD A.","year":"1999"},{"key":"ref17","series-title":"Ideologia ou Economia? Evolu\u00e7\u00e3o da Protec\u00e7\u00e3o no Desemprego em Portugal","author":"FONSECA B. M","year":"2008"},{"key":"ref18","series-title":"The making of a cybertariat: virtual work in a real world","author":"HUWS U","year":"2003"},{"key":"ref19","series-title":"Non-Standard Employment in Europe: paradigms, prevalence and policy responses","first-page":"29","volume-title":"Employment standards in transition: from fordism to finance-driven capitalism","author":"KOCH M","year":"2013"},{"key":"ref20","series-title":"O colapso da moderniza\u00e7\u00e3o","author":"KURZ R","year":"1993","edition":"2"},{"key":"ref21","series-title":"En Hamelin\u2026 La transici\u00f3n espa\u00f1ola m\u00e1s all\u00e1 de la frontera","author":"LEMUS E","year":"2001"},{"key":"ref22","series-title":"O capitalismo tardio","author":"MANDEL E","year":"1985"},{"key":"ref23","series-title":"O Capital: cr\u00edtica da economia pol\u00edtica: Livro I: o processo de produ\u00e7\u00e3o do capital","author":"MARX K","year":"2013"},{"key":"ref24","series-title":"Trabalho, Acumula\u00e7\u00e3o Capitalista e Regime Pol\u00edtico no Portugal Contempor\u00e2neo","first-page":"113","volume-title":"A lei geral da acumula\u00e7\u00e3o capitalista e as rela\u00e7\u00f5es de trabalho na actualidade","author":"MATTOS M. B","year":"2017"},{"key":"ref25","series-title":"Para al\u00e9m do capital","author":"M\u00c9SZ\u00c1ROS I","year":"2002"},{"key":"ref26","series-title":"Getting over globalization","author":"O\u2019SULLIVAN M.","year":"2017"},{"key":"ref27","series-title":"Evolu\u00e7\u00e3o do Sistema de Seguran\u00e7a Social","year":"2015"},{"key":"ref28","series-title":"QUEIMADA","year":"1969"},{"key":"ref29","series-title":"The Long Depression","author":"ROBERTS M","year":"2016"},{"key":"ref30","article-title":"O emprego a tempo parcial, a prazo e a recibos verdes aumentou significativamente; Trabalhadores prec\u00e1rios recebem menos 37% do que aqueles com contratos sem termo","author":"ROSA E","year":"2008","journal-title":"Resistir.info"},{"key":"ref31","series-title":"A Nova Ordem Mundial","author":"SALVADORI M","year":"2005"},{"issue":"15\/16\/17","key":"ref32","first-page":"269","article-title":"A reparti\u00e7\u00e3o do rendimento em Portugal no p\u00f3s 25 de Abril 74","author":"SILVA M","year":"1985","journal-title":"Revista Cr\u00edtica de Ci\u00eancias Sociais"},{"key":"ref33","series-title":"For\u00e7as do trabalho","author":"SILVER B. J","year":"2005"},{"key":"ref34","series-title":"Marginal employment, Research in the Sociology of Work","author":"STAMFORD R. H","year":"2000"},{"key":"ref35","series-title":"All\u2019s fair in love and (class) war","author":"STOLEROFF A","year":"2012"},{"key":"ref36","series-title":"Seguran\u00e7a Social \u00e9 Sustent\u00e1vel. Trabalho, Estado e Seguran\u00e7a Social em Portugal","first-page":"207","volume-title":"A crise e as crises do sindicalismo. H\u00e1 uma revitaliza\u00e7\u00e3o poss\u00edvel","author":"STOLEROFF A","year":"2013"},{"key":"ref37","series-title":"The Politics of De-Industrialization","author":"STRATH B","year":"1997"},{"issue":"4","key":"ref38","doi-asserted-by":"crossref","first-page":"489","DOI":"10.1080\/03017605.2011.621245","article-title":"Stalinism - its Nature and Role","volume":"39","author":"TICKTIN H","year":"2011","journal-title":"Critique: Journal of Socialist Studies"},{"key":"ref39","series-title":"A Seguran\u00e7a Social \u00e9 Sustent\u00e1vel. Trabalho, Estado e Seguran\u00e7a Social em Portugal","first-page":"9","volume-title":"Pref\u00e1cio","author":"VAN DER LINDEN M","year":"2013"},{"issue":"1","key":"ref40","doi-asserted-by":"crossref","first-page":"9","DOI":"10.1215\/15476715-2385372","article-title":"San Precario: A New Inspiration for Labor Historians","volume":"10","author":"VAN DER LINDEN M","year":"2014","journal-title":"Labor: Studies in Working-class History of the Americas"},{"key":"ref41","series-title":"Strikes Around the World","author":"VAN DER VELDEN S","year":"2007"},{"key":"ref42","series-title":"A Seguran\u00e7a Social \u00e9 Sustent\u00e1vel. Trabalho, Estado e Seguran\u00e7a Social em Portugal","first-page":"23","volume-title":"Eugeniza\u00e7\u00e3o da For\u00e7a de Trabalho em Portugal","author":"VARELA R","year":"2013"},{"key":"ref43","series-title":"Hist\u00f3ria do Povo na Revolu\u00e7\u00e3o Portuguesa","author":"VARELA R","year":"2014"},{"issue":"6","key":"ref44","doi-asserted-by":"crossref","first-page":"151175","DOI":"10.5007\/1984-9222.2011v3n6p151","article-title":"A persist\u00eancia do conflito industrial organizado. Greves em Portugal entre 1960 e 2008","volume":"3","author":"VARELA R","year":"2011","journal-title":"Mundos do Trabalho"},{"issue":"34","key":"ref45","first-page":"41","article-title":"Rela\u00e7\u00f5es Laborais em Portugal entre 1930 e 2011","volume":"18","author":"VARELA R","year":"2015","journal-title":"O Social em Quest\u00e3o"},{"key":"ref46","series-title":"Shipbuilding Labour Around the World: a Global Labour History","author":"VARELA R","year":"2017"},{"key":"ref47","series-title":"Trade unions in Europe: facing challenges and searching for solutions","first-page":"27","volume-title":"Trade unions in Europe: reform, organisation and restructuring","author":"WADDINGTON J.","year":"2000"}],"container-title":["Revista Kat\u00e1lysis"],"original-title":[],"link":[{"URL":"http:\/\/www.scielo.br\/pdf\/rk\/v21n1\/1414-4980-rk-21-01-00157.pdf","content-type":"unspecified","content-version":"vor","intended-application":"similarity-checking"}],"deposited":{"date-parts":[[2018,4,11]],"date-time":"2018-04-11T15:09:58Z","timestamp":1523459398000},"score":1,"resource":{"primary":{"URL":"http:\/\/www.scielo.br\/scielo.php?script=sci_arttext&pid=S1414-49802018000100157&lng=pt&tlng=pt"}},"subtitle":[],"short-title":[],"issued":{"date-parts":[[2018,1]]},"references-count":47,"journal-issue":{"issue":"1","published-online":{"date-parts":[[2018,1]]}},"alternative-id":["S1414-49802018000100157"],"URL":"https:\/\/doi.org\/10.1590\/1982-02592018v21n1p157","relation":{},"ISSN":["1982-0259"],"issn-type":[{"value":"1982-0259","type":"electronic"}],"subject":[],"published":{"date-parts":[[2018,1]]}}}