{"status":"ok","message-type":"work","message-version":"1.0.0","message":{"indexed":{"date-parts":[[2025,2,21]],"date-time":"2025-02-21T14:33:27Z","timestamp":1740148407885,"version":"3.37.3"},"reference-count":36,"publisher":"FapUNIFESP (SciELO)","issue":"2","license":[{"start":{"date-parts":[[2020,8,1]],"date-time":"2020-08-01T00:00:00Z","timestamp":1596240000000},"content-version":"vor","delay-in-days":0,"URL":"http:\/\/creativecommons.org\/licenses\/by-nc\/4.0\/"},{"start":{"date-parts":[[2020,8,1]],"date-time":"2020-08-01T00:00:00Z","timestamp":1596240000000},"content-version":"am","delay-in-days":0,"URL":"http:\/\/creativecommons.org\/licenses\/by-nc\/4.0\/"},{"start":{"date-parts":[[2020,8,1]],"date-time":"2020-08-01T00:00:00Z","timestamp":1596240000000},"content-version":"tdm","delay-in-days":0,"URL":"http:\/\/creativecommons.org\/licenses\/by-nc\/4.0\/"}],"content-domain":{"domain":[],"crossmark-restriction":false},"short-container-title":["Rev. kat\u00e1lysis"],"abstract":"<jats:p>Resumo Neste artigo argumentamos que a caracter\u00edstica fundamental da revolu\u00e7\u00e3o portuguesa de 1974\/75 \u00e9 a luta sociol\u00f3gica de classes sociais travada dentro das empresas e, sobretudo, nas grandes unidades industriais. Defendemos, no \u00e2mbito de uma revis\u00e3o da literatura, dever essa disputa definir-se como controlo oper\u00e1rio, distinguindo-o quer do seu contr\u00e1rio - o controlo da produ\u00e7\u00e3o, ou seja, estatalnacional - quer de formas de cogest\u00e3o ou autogest\u00e3o, as quais aparecem frequentemente misturadas.<\/jats:p>","DOI":"10.1590\/1982-02592020v23n2p327","type":"journal-article","created":{"date-parts":[[2020,7,1]],"date-time":"2020-07-01T13:30:04Z","timestamp":1593610204000},"page":"327-337","source":"Crossref","is-referenced-by-count":0,"title":["A revolu\u00e7\u00e3o dos cravos e o controlo oper\u00e1rio"],"prefix":"10.1590","volume":"23","author":[{"ORCID":"https:\/\/orcid.org\/0000-0001-6121-1379","authenticated-orcid":false,"given":"Raquel","family":"Varela","sequence":"first","affiliation":[{"name":"Universidade Nova de Lisboa,  Portugal"}]},{"ORCID":"https:\/\/orcid.org\/0000-0003-3567-2731","authenticated-orcid":false,"given":"Jorge","family":"Fontes","sequence":"additional","affiliation":[{"name":"Universidade Nova de Lisboa,  Portugal"}]}],"member":"530","published-online":{"date-parts":[[2020,8]]},"reference":[{"year":"1976","series-title":"Conselhos oper\u00e1rios e revolu\u00e7\u00e3o","author":"ADLER M","key":"ref1"},{"first-page":"4","year":"1975","series-title":"AVANTE! Com o PCP pela Unidade Popular Rumo ao Socialismo","key":"ref2"},{"first-page":"5","year":"1975","series-title":"AVANTE! Encontro de trabalhadores da Cintura Industrial de Lisboa","key":"ref3"},{"year":"1986","series-title":"The revolution within the revolution: workers\u2018 control in rural Portugal","author":"BERMEO N","key":"ref4"},{"year":"1975","series-title":"Os Bolcheviques e o Controlo Oper\u00e1rio","author":"BRINTON M","key":"ref5"},{"year":"2001","series-title":"Dicion\u00e1rio da L\u00edngua Portuguesa Contempor\u00e2nea da Academia das Ci\u00eancias de Lisboa","author":"CASTELEIRO J. M","key":"ref6"},{"year":"1981","series-title":"A Realidade da Autogest\u00e3o em Portugal","key":"ref7"},{"year":"2017","series-title":"Set\u00fabal Cidade Vermelha: Sem perguntar ao Estado qual o caminho a tomar","author":"COSTA A","key":"ref8"},{"first-page":"1","year":"1975","series-title":"O poder pol\u00edtico passa pela batalha da produ\u00e7\u00e3o","key":"ref9"},{"year":"2018","series-title":"Setenave - Revolu\u00e7\u00e3o, Nacionaliza\u00e7\u00e3o, Privatiza\u00e7\u00e3o","author":"FONTES J","key":"ref10"},{"key":"ref11","series-title":"Portugal, 20 anos de Democracia","first-page":"176","volume-title":"A experi\u00eancia revolucion\u00e1ria (1974-1975)","author":"FRANCO S","year":"1996"},{"year":"1921","series-title":"Controle Oper\u00e1rio","author":"GRAMSCI A","key":"ref12"},{"issue":"2","key":"ref13","doi-asserted-by":"crossref","first-page":"413","DOI":"10.1177\/0143831X8124002","article-title":"Worker Control in Portugal: The Revolution and Today","volume":"4","author":"HAMMOND J","year":"1981","journal-title":"Economic and Industrial Democracy"},{"year":"2002","series-title":"A People\u2019s History of the World","author":"HARMAN C","key":"ref14"},{"year":"2000","series-title":"Jacobinos Negros","author":"JAMES C. L. R","key":"ref15"},{"key":"ref16","series-title":"Conselhos e Democracia. Em busca da participa\u00e7\u00e3o e da socializa\u00e7\u00e3o","first-page":"32","author":"KORSCH Karl","year":"2011"},{"year":"1929","series-title":"Revolutionary Commune","author":"KORSCH K","key":"ref17"},{"year":"1975","series-title":"A fal\u00eancia da II Internacional","author":"LENINE V","key":"ref18"},{"year":"1976","series-title":"O Controlo Oper\u00e1rio e a Nacionaliza\u00e7\u00e3o da Ind\u00fastria","author":"LENINE V","key":"ref19"},{"year":"1977","series-title":"Constitui\u00e7\u00e3o da Rep\u00fablica Portuguesa 1976 (anotada)","author":"LOPES V. S","key":"ref20"},{"year":"1975","series-title":"Contr\u00f4le Ouvrier, Conseils Ouvriers, Autogestion","author":"MANDEL E","key":"ref21"},{"year":"2011","series-title":"A Guerra Civil na Fran\u00e7a","author":"MARX K","key":"ref22"},{"year":"1977","series-title":"Integra\u00e7\u00e3o capitalista e ruptura oper\u00e1ria","author":"MATTICK P","key":"ref23"},{"year":"1952","series-title":"Letter on Workers Councils","author":"PANNEKOEK A","key":"ref24"},{"year":"1977","series-title":"Los Consejos obreros","author":"PANNEKOEK A","key":"ref25"},{"issue":"47","key":"ref26","first-page":"765","article-title":"Controlo Oper\u00e1rio em Portugal (I)","volume":"XII","author":"PATRIARCA F","year":"1976","journal-title":"An\u00e1lise Social"},{"issue":"48","key":"ref27","first-page":"1056","article-title":"Controlo Oper\u00e1rio em Portugal (II)","volume":"XII","author":"PATRIARCA F","year":"1976","journal-title":"An\u00e1lise Social"},{"key":"ref28","series-title":"Dicion\u00e1rio de Hist\u00f3ria de Portugal: O 25 de Abril","first-page":"302","volume-title":"Conselhos Revolucion\u00e1rios de Trabalhadores, Soldados e Marinheiros","author":"P\u00c9REZ M","year":"2016"},{"year":"1975","series-title":"A Economia Portuguesa em N\u00fameros","author":"ROSA E","key":"ref29"},{"year":"1983","series-title":"Sistemas de Trabalho, Consci\u00eancia e A\u00e7\u00e3o Oper\u00e1ria na Setenave","author":"ROSA T.","key":"ref30"},{"year":"1975","series-title":"Notici\u00e1rio Nacional","key":"ref31"},{"first-page":"1","year":"1975","series-title":"Viva o 1\u00ba Congresso Nacional das Comiss\u00f5es de Trabalhadores","key":"ref32"},{"year":"1980","series-title":"Hist\u00f3ria da Revolu\u00e7\u00e3o Russa","author":"TROTSKY L","key":"ref33"},{"year":"1931","series-title":"Workers Control of Production: Letter to a group of German Left Oppositionists","author":"TROTSKY L","key":"ref34"},{"year":"1986","series-title":"Weavers of Revolution: The Yarur Workers and Chile\u2019s Road to Socialism","author":"WINN P","key":"ref35"},{"year":"2005","series-title":"A People\u2019s History of the United States","author":"ZINN H","key":"ref36"}],"container-title":["Revista Kat\u00e1lysis"],"original-title":[],"link":[{"URL":"http:\/\/www.scielo.br\/pdf\/rk\/v23n2\/1982-0259-rk-23-02-327.pdf","content-type":"unspecified","content-version":"vor","intended-application":"similarity-checking"}],"deposited":{"date-parts":[[2021,1,23]],"date-time":"2021-01-23T22:34:01Z","timestamp":1611441241000},"score":1,"resource":{"primary":{"URL":"http:\/\/www.scielo.br\/scielo.php?script=sci_arttext&pid=S1414-49802020000200327&tlng=pt"}},"subtitle":[],"short-title":[],"issued":{"date-parts":[[2020,8]]},"references-count":36,"journal-issue":{"issue":"2","published-online":{"date-parts":[[2020,8]]}},"alternative-id":["S1414-49802020000200327"],"URL":"https:\/\/doi.org\/10.1590\/1982-02592020v23n2p327","relation":{},"ISSN":["1982-0259"],"issn-type":[{"type":"electronic","value":"1982-0259"}],"subject":[],"published":{"date-parts":[[2020,8]]}}}