{"status":"ok","message-type":"work","message-version":"1.0.0","message":{"indexed":{"date-parts":[[2026,3,25]],"date-time":"2026-03-25T19:05:33Z","timestamp":1774465533064,"version":"3.50.1"},"reference-count":24,"publisher":"FapUNIFESP (SciELO)","license":[{"start":{"date-parts":[[2019,1,1]],"date-time":"2019-01-01T00:00:00Z","timestamp":1546300800000},"content-version":"vor","delay-in-days":0,"URL":"http:\/\/creativecommons.org\/licenses\/by-nc\/4.0\/"},{"start":{"date-parts":[[2019,1,1]],"date-time":"2019-01-01T00:00:00Z","timestamp":1546300800000},"content-version":"am","delay-in-days":0,"URL":"http:\/\/creativecommons.org\/licenses\/by-nc\/4.0\/"},{"start":{"date-parts":[[2019,1,1]],"date-time":"2019-01-01T00:00:00Z","timestamp":1546300800000},"content-version":"tdm","delay-in-days":0,"URL":"http:\/\/creativecommons.org\/licenses\/by-nc\/4.0\/"}],"content-domain":{"domain":[],"crossmark-restriction":false},"short-container-title":["Rev. Ga\u00facha Enferm."],"abstract":"<jats:p>Abstract  Objective: To understand the life story of university students and the adjustment of living with motor deficiency.  Method:  A qualitative research, developed with eight university students with motor deficiency. Data collect was performed between October 2016 and March 2017. Thematic data analysis was used.  Results: Two categories emerged: family as safe harbor and extra-family relationships: weaknesses and strengths. Family and friends were fundamental for facing disability, standing out for their support and affection. Friends have been encouraged to overcome the limitations and difficulties. Extra-family life was exposed to prejudice that resulted in fears and traumas.  Conclusion:  The impact of motor deficiency on daily life is the result of life experiences. Healthy family relationships, along with strong bonds of friendship, made the difficulties found in the daily life of these students smoother.<\/jats:p>","DOI":"10.1590\/1983-1447.2019.20180134","type":"journal-article","created":{"date-parts":[[2019,10,17]],"date-time":"2019-10-17T22:47:37Z","timestamp":1571352457000},"source":"Crossref","is-referenced-by-count":1,"title":["Life story of university students and the adjustment of living with motor deficiency"],"prefix":"10.1590","volume":"40","author":[{"ORCID":"https:\/\/orcid.org\/0000-0001-7689-2613","authenticated-orcid":false,"given":"Maiara Suelen","family":"Mazera","sequence":"first","affiliation":[{"name":"Universidade Federal de Santa Catarina (UFSC),  Brazil"}]},{"ORCID":"https:\/\/orcid.org\/0000-0001-9695-640X","authenticated-orcid":false,"given":"Maria Itayra Coelho de Souza","family":"Padilha","sequence":"additional","affiliation":[{"name":"Universidade Federal de Santa Catarina (UFSC),  Brazil"}]},{"ORCID":"https:\/\/orcid.org\/0000-0002-5084-9972","authenticated-orcid":false,"given":"Adriana Dutra","family":"Tholl","sequence":"additional","affiliation":[{"name":"Universidade Federal de Santa Catarina (UFSC),  Brazil"}]},{"ORCID":"https:\/\/orcid.org\/0000-0002-2822-4407","authenticated-orcid":false,"given":"Soraia Dornelles","family":"Schoeller","sequence":"additional","affiliation":[{"name":"Universidade Federal de Santa Catarina (UFSC),  Brazil"}]},{"ORCID":"https:\/\/orcid.org\/0000-0001-5530-3891","authenticated-orcid":false,"given":"Maria Manuela Ferreira Pereira da Silva","family":"Martins","sequence":"additional","affiliation":[{"name":"Escola Superior de Enfermagem do Porto (ESEP),  Portugal"}]}],"member":"530","published-online":{"date-parts":[[2019]]},"reference":[{"key":"ref1","series-title":"Global disability action plan 2014-2021: better health for all people with disability","year":"2015"},{"key":"ref2","series-title":"Censo demogr\u00e1fico 2010: caracter\u00edsticas da popula\u00e7\u00e3o e dos domic\u00edlios: resultados do universo","year":"2011"},{"issue":"10","key":"ref3","first-page":"2507","article-title":"Comments on the Portuguese translation of the International Classification of Functioning, Disability and Health.","volume":"23","author":"Diniz D","year":"2007","journal-title":"Cad Sa\u00fade P\u00fablica"},{"issue":"2","key":"ref4","doi-asserted-by":"crossref","first-page":"575","DOI":"10.1590\/1981-7746-sol00055","article-title":"Humaniza\u00e7\u00e3o da sa\u00fade e inclus\u00e3o social no atendimento de pessoas com defici\u00eancia f\u00edsica","volume":"15","author":"Missel A","year":"2017","journal-title":"Trab Educ Sa\u00fade"},{"key":"ref5","series-title":"Antropologia do corpo e modernidade","author":"Le Breton D","year":"2011"},{"key":"ref6","series-title":"Acessible Canada: creating new federal accessibility legislation: what we learned from Canadians","year":"2017"},{"issue":"26","key":"ref7","first-page":"167","article-title":"Da exclus\u00e3o a um modelo identit\u00e1rio de inclus\u00e3o a defici\u00eancia como paradigma biopol\u00edtico","volume":"13","author":"Pagni PA","year":"2017","journal-title":"Child Philos"},{"issue":"3","key":"ref8","first-page":"883","article-title":"La Calidad de la investigaci\u00f3n cualitativa de evaluarla a lograrla","volume":"24","author":"Benjumea CC","year":"2015","journal-title":"Texto Contexto Enferm"},{"key":"ref9","series-title":"Hist\u00f3ria de vida de estudantes universit\u00e1rios com defici\u00eancia motora.","author":"Mazera MS","year":"2017"},{"issue":"4","key":"ref10","article-title":"The use of sources in historical research","volume":"26","author":"Padilha MICS","year":"2017","journal-title":"Texto Contexto Enferm"},{"key":"ref11","series-title":"O desafio do conhecimento: pesquisa qualitativa em sa\u00fade","author":"Minayo MCS","year":"2013","edition":"13"},{"issue":"10","key":"ref12","first-page":"3081","article-title":"Fatherhood experiences of fathers of boys diagnosed with duchenne muscular dystrophy","volume":"21","author":"Lucca SA","year":"2016","journal-title":"Ci\u00eanc Sa\u00fade Coletiva"},{"issue":"4","key":"ref13","doi-asserted-by":"crossref","first-page":"710","DOI":"10.5935\/1414-8145.20140101","article-title":"Significant intra and extra-family events in the fatherhood construction process","volume":"18","author":"Silva BT","year":"2014","journal-title":"Esc Anna Nery"},{"issue":"1\/4","key":"ref14","first-page":"36","article-title":"Challenges to include children with disabilities in school","volume":"6","author":"Bento TS","year":"2015","journal-title":"Enferm Foco"},{"issue":"2","key":"ref15","first-page":"102","article-title":"Emotional experiences of mothers and fathers of children with disabilities","volume":"16","author":"Oliveira IG","year":"2015","journal-title":"Rev SPAGESP"},{"issue":"1","key":"ref16","first-page":"194","article-title":"Family-centered care in the context of children with disabilities and their families: a reflective review","volume":"21","author":"Barbosa MAM","year":"2012","journal-title":"Texto Contexto Enferm"},{"key":"ref17","first-page":"2321","article-title":"Fam\u00edlia e defici\u00eancia: reflex\u00f5es sobre o papel do psic\u00f3logo no apoio aos familiares de pessoas com defici\u00eancia In: Busto RM, Marquezine MC, Tanaka EDO, Achour J\u00fanior A, editores","author":"Padua ESP","year":"2013","journal-title":"VIII Encontro da Associa\u00e7\u00e3o Brasileira de Pesquisadores em Educa\u00e7\u00e3o Especial"},{"issue":"4","key":"ref18","doi-asserted-by":"crossref","first-page":"771","DOI":"10.1590\/S0103-65642011005000031","article-title":"Rela\u00e7\u00e3o fraterna constitui\u00e7\u00e3o do sujeito e forma\u00e7\u00e3o do la\u00e7o social","volume":"22","author":"Goldsmid R","year":"2011","journal-title":"Psicologia USP"},{"issue":"2","key":"ref19","first-page":"86","article-title":"Mothers of visually impaired children difficult and easy aspects faced in care","volume":"34","author":"Pintanel AC","year":"2013","journal-title":"Rev Ga\u00facha Enferm"},{"issue":"4","key":"ref20","first-page":"1106","article-title":"Inclusive education history, prejudices, and school and family","volume":"35","author":"Nunes SS","year":"2015","journal-title":"Psicol: Ci\u00eanc Prof"},{"key":"ref21","series-title":"O quotidiano e o ritmo de vida de pessoas com les\u00e3o medular e suas fam\u00edlias: pot\u00eancias e limites na ades\u00e3o \u00e0 reabilita\u00e7\u00e3o para a promo\u00e7\u00e3o da sa\u00fade","author":"Tholl AD","year":"2015"},{"key":"ref22","article-title":"Institui a Rede de Cuidados \u00e0 Pessoa com Defici\u00eancia no \u00e2mbito do Sistema \u00danico de Sa\u00fade","year":"2012","journal-title":"Portaria n\u00b0 793, de 24 de abril de 2012"},{"issue":"10","key":"ref23","doi-asserted-by":"crossref","first-page":"3131","DOI":"10.1590\/1413-812320152110.17622016","article-title":"Perfil das pessoas com defici\u00eancia f\u00edsica e pol\u00edticas p\u00fablicas a dist\u00e2ncia entre inten\u00e7\u00f5es e gestos","volume":"21","author":"Nogueira GC","year":"2016","journal-title":"Ci\u00eanc Sa\u00fade Coletiva"},{"issue":"3","key":"ref24","first-page":"1","article-title":"Integralidade na rede de cuidados da pessoa com defici\u00eancia","volume":"27","author":"Machado WCA","year":"2018","journal-title":"Texto Contexto Enferm"}],"container-title":["Revista Ga\u00facha de Enfermagem"],"original-title":[],"link":[{"URL":"http:\/\/www.scielo.br\/pdf\/rgenf\/v40\/1983-1447-rgenf-40-e20180134.pdf","content-type":"unspecified","content-version":"vor","intended-application":"similarity-checking"}],"deposited":{"date-parts":[[2020,7,31]],"date-time":"2020-07-31T21:11:54Z","timestamp":1596229914000},"score":1,"resource":{"primary":{"URL":"http:\/\/www.scielo.br\/scielo.php?script=sci_arttext&pid=S1983-14472019000100440&tlng=en"}},"subtitle":[],"short-title":[],"issued":{"date-parts":[[2019]]},"references-count":24,"alternative-id":["S1983-14472019000100440"],"URL":"https:\/\/doi.org\/10.1590\/1983-1447.2019.20180134","relation":{},"ISSN":["1983-1447","0102-6933"],"issn-type":[{"value":"1983-1447","type":"electronic"},{"value":"0102-6933","type":"print"}],"subject":[],"published":{"date-parts":[[2019]]},"article-number":"e20180134"}}