{"status":"ok","message-type":"work","message-version":"1.0.0","message":{"indexed":{"date-parts":[[2026,1,9]],"date-time":"2026-01-09T00:14:59Z","timestamp":1767917699454,"version":"3.49.0"},"reference-count":52,"publisher":"FapUNIFESP (SciELO)","license":[{"start":{"date-parts":[[2020,1,1]],"date-time":"2020-01-01T00:00:00Z","timestamp":1577836800000},"content-version":"vor","delay-in-days":0,"URL":"http:\/\/creativecommons.org\/licenses\/by-nc\/4.0\/"},{"start":{"date-parts":[[2020,1,1]],"date-time":"2020-01-01T00:00:00Z","timestamp":1577836800000},"content-version":"am","delay-in-days":0,"URL":"http:\/\/creativecommons.org\/licenses\/by-nc\/4.0\/"},{"start":{"date-parts":[[2020,1,1]],"date-time":"2020-01-01T00:00:00Z","timestamp":1577836800000},"content-version":"tdm","delay-in-days":0,"URL":"http:\/\/creativecommons.org\/licenses\/by-nc\/4.0\/"}],"content-domain":{"domain":[],"crossmark-restriction":false},"short-container-title":["Rev. Ga\u00facha Enferm."],"abstract":"<jats:p>ABSTRACT  Objective: To analyze the nursing diagnosis NANDA-I - Caregiver Role Strain validation studies.  Methods: Integrative literature review. Research of studies carried out between 2000 and 2018 with the descriptors: caregivers, nursing diagnosis and validation study in the following databases: Web of Science, EBESCOhost, Scielo Brasil and Portugal, LILACS, RCAAP, CAPES, NANDA-I website, and in the bibliographic references of the articles. Articles in Portuguese, English or Spanish were included.  Results: The sample consisted of seven validation studies, with heterogeneity in the methodologies used. The populations where the diagnosis was clinically validated focused on caregivers for the elderly and people with chronic illness. The most prevalent defining characteristics were Stress and Apprehension related to the future.  Conclusions: This diagnosis requires further validation studies among different populations in search of greater accuracy and a reduction in the number of defining characteristics, facilitating the use of taxonomy.<\/jats:p>","DOI":"10.1590\/1983-1447.2020.20190370","type":"journal-article","created":{"date-parts":[[2020,11,20]],"date-time":"2020-11-20T23:02:22Z","timestamp":1605913342000},"source":"Crossref","is-referenced-by-count":7,"title":["Review of nursing diagnosis validation studies: caregiver role strain"],"prefix":"10.1590","volume":"41","author":[{"ORCID":"https:\/\/orcid.org\/0000-0002-1469-7086","authenticated-orcid":false,"given":"T\u00e2nia Marlene Gon\u00e7alves","family":"Louren\u00e7o","sequence":"first","affiliation":[{"name":"Escola Superior de Enfermagem S\u00e3o Jos\u00e9 de Cluny,  Portugal; Center for Health Technology and Services Research,  Portugal"}]},{"ORCID":"https:\/\/orcid.org\/0000-0003-1327-9533","authenticated-orcid":false,"given":"Rita Maria Sousa","family":"Abreu-Figueiredo","sequence":"additional","affiliation":[{"name":"Escola Superior de Enfermagem S\u00e3o Jos\u00e9 de Cluny,  Portugal"}]},{"ORCID":"https:\/\/orcid.org\/0000-0001-9687-413X","authenticated-orcid":false,"given":"Lu\u00eds Oct\u00e1vio de","family":"S\u00e1","sequence":"additional","affiliation":[{"name":"Universidade Cat\u00f3lica Portuguesa,  Portugal"}]}],"member":"530","published-online":{"date-parts":[[2020]]},"reference":[{"key":"ref1","series-title":"Global strategy and action plan on ageing and health (2016-2020)","year":"2016"},{"issue":"10","key":"ref2","doi-asserted-by":"crossref","first-page":"1052","DOI":"10.1001\/jama.2014.304","article-title":"Caregiver burden: a clinical review","volume":"311","author":"Adelman RD","year":"2014","journal-title":"JAMA"},{"issue":"3","key":"ref3","doi-asserted-by":"crossref","first-page":"431","DOI":"10.1016\/j.ijnurstu.2012.10.005","article-title":"Caregiver burden: a critical discussion","volume":"50","author":"Bastawrous M","year":"2013","journal-title":"Int J Nurs Stud"},{"key":"ref4","doi-asserted-by":"crossref","first-page":"115","DOI":"10.1590\/1516-4446-2012-0919","article-title":"Family burden related to mental and physical disorders in the world: results from the WHO World Mental Health (WMH) surveys","volume":"35","author":"Viana MC","year":"2013","journal-title":"Braz J Psychiatr"},{"issue":"7","key":"ref5","doi-asserted-by":"crossref","first-page":"2316","DOI":"10.1093\/ndt\/gfr007","article-title":"Burden on caregivers as perceived by hemodialysis patients in the Frequent Hemodialysis Network (FHN) trials","volume":"26","author":"Suri RS","year":"2011","journal-title":"Nephrol Dial Transplant"},{"issue":"1","key":"ref6","doi-asserted-by":"crossref","first-page":"103","DOI":"10.1111\/nhs.12073","article-title":"Perceived breathlessness and psychological distress among patients with chronic obstructive pulmonary disease and their spouses","volume":"16","author":"Al-Gamal E","year":"2014","journal-title":"Nurs Health Sci"},{"issue":"4","key":"ref7","doi-asserted-by":"crossref","first-page":"935","DOI":"10.1590\/S0104-11692013000400015","article-title":"Burden, coping, physical symptoms and psychological morbidity in caregivers of functionally dependent family members","volume":"21","author":"Guedes AC","year":"2013","journal-title":"Rev Latino-Am Enfermagem"},{"issue":"6","key":"ref8","doi-asserted-by":"crossref","first-page":"956","DOI":"10.1521\/pedi.2012.26.6.956","article-title":"'Mad or Bad?': burden on caregivers of patients with personality disorders","volume":"26","author":"Bauer R","year":"2012","journal-title":"J Pers Disord"},{"issue":"4","key":"ref9","doi-asserted-by":"crossref","first-page":"352","DOI":"10.4103\/0253-7176.122224","article-title":"Caregivers burden of patients with schizophrenia and bipolar disorder: a sectional study","volume":"35","author":"Vasudeva S","year":"2013","journal-title":"Indian J Psychol Med"},{"key":"ref10","doi-asserted-by":"crossref","first-page":"79","DOI":"10.1016\/j.ijnurstu.2018.08.011","article-title":"Relationships between family resilience, breast cancer survivors' individual resilience, and caregiver burden: A cross-sectional study","volume":"88","author":"Li Y","year":"2018","journal-title":"Int J Nurs Stud"},{"key":"ref11","doi-asserted-by":"crossref","first-page":"515","DOI":"10.1590\/S0104-11692011000300010","article-title":"Taking care of children with cancer: evaluation of the caregivers' burden and quality of life","volume":"19","author":"Santo EAR","year":"2011","journal-title":"Rev Latino-Am Enfermagem"},{"issue":"1","key":"ref12","doi-asserted-by":"crossref","first-page":"57","DOI":"10.1111\/j.1440-172X.2009.01812.x","article-title":"Caregiver burden of family members of persons living with HIV in Thailand","volume":"16","author":"Lee S","year":"2010","journal-title":"Int J Nurs Pract"},{"issue":"11","key":"ref13","doi-asserted-by":"crossref","first-page":"1341","DOI":"10.1080\/09540121.2013.765936","article-title":"Caregiving responsibilities and burden among older people by HIV status and other determinants in Uganda","volume":"25","author":"Mugisha J","year":"2013","journal-title":"AIDS Care"},{"issue":"4","key":"ref14","doi-asserted-by":"crossref","first-page":"428","DOI":"10.1111\/hsc.12219","article-title":"Predictors of caregiver burden across the home-based palliative care trajectory in Ontario, Canada","volume":"24","author":"Guerriere D","year":"2016","journal-title":"Health Soc Care Community"},{"issue":"2","key":"ref15","doi-asserted-by":"crossref","first-page":"321","DOI":"10.1007\/s11060-018-2800-1","article-title":"Clinical routine assessment of palliative care symptoms and concerns and caregiver burden in glioblastoma patients: an explorative field study","volume":"138","author":"Seibl-Leven M","year":"2018","journal-title":"J Neurooncol"},{"issue":"9","key":"ref16","doi-asserted-by":"crossref","first-page":"1095","DOI":"10.1089\/jpm.2013.0038","article-title":"Anxiety and Depression in Caregivers of Terminally Ill Cancer Patients: Impact on Their Perspective of the Patients' Symptom Burden","volume":"16","author":"Oechsle K","year":"2013","journal-title":"J Palliat Med"},{"issue":"4","key":"ref17","doi-asserted-by":"crossref","first-page":"709","DOI":"10.1111\/famp.12032","article-title":"Caregiver attributions for late-life depression and their associations with caregiver burden","volume":"52","author":"Polenick CA","year":"2013","journal-title":"Fam Process"},{"issue":"5","key":"ref18","doi-asserted-by":"crossref","first-page":"937","DOI":"10.1111\/j.1532-5415.2010.02808.x","article-title":"Mortality associated with caregiving, general stress, and caregiving-related stress in elderly women: results of caregiver-study of osteoporotic fractures","volume":"58","author":"Fredman L","year":"2010","journal-title":"J Am Geriatr Soc"},{"issue":"11","key":"ref19","doi-asserted-by":"crossref","first-page":"1340","DOI":"10.1093\/aje\/kwu066","article-title":"Association between informal caregiving and cellular aging in the Survey of the Health of Wisconsin: the role of caregiving characteristics, stress, and strain","volume":"179","author":"Litzelman K","year":"2014","journal-title":"Am J Epidemiol"},{"key":"ref20","first-page":"1","article-title":"Exploring the associations between spiritual well-being, burden, and quality of life in family caregivers of cancer patients","author":"Spatuzzi R","year":"2018","journal-title":"Palliat Support Care"},{"issue":"2","key":"ref21","doi-asserted-by":"crossref","first-page":"170","DOI":"10.1111\/jpm.12071","article-title":"Predictors of expressed emotion, burden and quality of life in relatives of Mexican patients with psychosis","volume":"21","author":"Gomez-de-Regil L","year":"2014","journal-title":"J Psychiatr Ment Health Nurs"},{"key":"ref22","series-title":"Nursing Diagnoses: definitions and classification 2018-2020","author":"Herdman T","year":"2015"},{"issue":"6","key":"ref23","first-page":"625","article-title":"Methods to validate nursing diagnoses","volume":"16","author":"Fehring RJ","year":"1987","journal-title":"Heart Lung"},{"issue":"5","key":"ref24","doi-asserted-by":"crossref","first-page":"546","DOI":"10.1111\/j.1365-2648.2005.03621.x","article-title":"The integrative review: updated methodology","volume":"52","author":"Whittemore R","year":"2005","journal-title":"J Adv Nurs"},{"issue":"4","key":"ref25","first-page":"434","article-title":"Integrative literature review: the initial step in the validation process of nursing diagnoses","volume":"22","author":"Pompeo D","year":"2009","journal-title":"Acta Paul Enferm"},{"issue":"2","key":"ref26","doi-asserted-by":"crossref","first-page":"335","DOI":"10.1590\/S0080-6234201400002000020","article-title":"Integrative review: concepts and methods used in nursing","volume":"48","author":"Soares CB","year":"2014","journal-title":"Rev Esc Enferm USP"},{"key":"ref27","series-title":"Proceedings of NANDA-I Latin American Symposium","first-page":"125","volume-title":"Caregiver Role Strain: Clinical Validation by Rasch Analysis","author":"Rueda LMA","year":"2011"},{"issue":"2","key":"ref28","first-page":"63","article-title":"Contribution to the diagnosis of caregiver role strain","volume":"15","author":"V\u00e1zquez S\u00e1nchez MA","year":"2005","journal-title":"Enfermeria Clinica"},{"key":"ref29","series-title":"Validation of the nursing diagnosis \"Caregiver role strain\" in relatives of elderly","first-page":"196","author":"Loureiro LN","year":"2015"},{"issue":"2","key":"ref30","first-page":"280","article-title":"Caregiver role strain: bi-national study of content validation","volume":"34","author":"Diaz LJ","year":"2016","journal-title":"Invest Educ Enferm"},{"issue":"2","key":"ref31","doi-asserted-by":"crossref","first-page":"80","DOI":"10.1111\/2047-3095.12020","article-title":"Clinical validation of the Nursing Diagnosis Caregiver Role Strain in the Czech Republic","volume":"25","author":"Zelen\u00edkov\u00e1 R","year":"2014","journal-title":"Int J Nurs Knowl"},{"issue":"2","key":"ref32","doi-asserted-by":"crossref","first-page":"215","DOI":"10.5172\/conu.2013.44.2.215","article-title":"Clinical indicators of 'caregiver role strain' in caregivers of stroke patients","volume":"44","author":"Oliveira ARS","year":"2013","journal-title":"Contemp Nurse"},{"issue":"56","key":"ref33","first-page":"1","article-title":"Definitory characteristics validation of the Caregiver Role Fatigue Diagnosis in primary care","volume":"9","author":"Embarba BA","year":"2012","journal-title":"Nure Investigaci\u00f3n"},{"issue":"8","key":"ref34","first-page":"9385","article-title":"Content validation of Nursing Diagnosis: an integrative review","volume":"9","author":"Oliveira AM","year":"2015","journal-title":"Rev Enferm UFPE"},{"issue":"1","key":"ref35","first-page":"113","article-title":"Validation of Clinical Diagnoses, Interventions and Outcomes Nursing: narrative literature review","volume":"21","author":"Oliveira AR","year":"2013","journal-title":"Rev Enferm UERJ"},{"issue":"5","key":"ref36","first-page":"649","article-title":"Validation of nursing diagnosis: challenges and alternatives","volume":"66","author":"Lopes MV","year":"2013","journal-title":"Rev Bras Enferm"},{"issue":"4","key":"ref37","doi-asserted-by":"crossref","first-page":"150","DOI":"10.1111\/2047-3095.12047","article-title":"Statistical characteristics of the weighted inter-rater reliability index for clinically validating nursing diagnoses","volume":"26","author":"Lopes MV","year":"2015","journal-title":"Int J Nurs Knowl"},{"issue":"2","key":"ref38","doi-asserted-by":"crossref","first-page":"89","DOI":"10.1111\/2047-3095.12162","article-title":"The contribution of the Rasch Model to the clinical validation of nursing diagnoses: integrative literature review","volume":"29","author":"Oliveira-Kumakura AR","year":"2018","journal-title":"Int J Nurs Knowl"},{"issue":"3","key":"ref39","doi-asserted-by":"crossref","first-page":"134","DOI":"10.1111\/j.2047-3095.2012.01213.x","article-title":"Methods for Establishing the Accuracy of Clinical Indicators in Predicting Nursing Diagnoses","volume":"23","author":"Lopes MV","year":"2012","journal-title":"Int J Nurs Knowl"},{"issue":"2","key":"ref40","first-page":"304","article-title":"Burden and the emocional disress in caregivers of elderly individuals","volume":"21","author":"Gratao AC","year":"2012","journal-title":"Text Context Nursing"},{"issue":"4","key":"ref41","doi-asserted-by":"crossref","first-page":"697","DOI":"10.1111\/famp.12042","article-title":"Hope and burden among Latino families of adults with schizophrenia","volume":"52","author":"Hernandez M","year":"2013","journal-title":"Fam Process"},{"issue":"3","key":"ref42","doi-asserted-by":"crossref","first-page":"819","DOI":"10.1007\/s00520-012-1585-6","article-title":"Economic and social changes among distressed family caregivers of lung cancer patients","volume":"21","author":"Mosher CE","year":"2013","journal-title":"Support Care Cancer"},{"issue":"4","key":"ref43","doi-asserted-by":"crossref","first-page":"500","DOI":"10.1080\/13607863.2011.644263","article-title":"Effects of home, outside leisure, social, and peer activity on psychological health among Japanese family caregivers","volume":"16","author":"Wakui T","year":"2012","journal-title":"Aging Ment Health"},{"issue":"9","key":"ref44","doi-asserted-by":"crossref","first-page":"1462","DOI":"10.1016\/j.apmr.2011.03.027","article-title":"Burden of Chinese stroke family caregivers: the Hong Kong experience","volume":"92","author":"Tang WK","year":"2011","journal-title":"Arch Phys Med Rehabil"},{"issue":"5","key":"ref45","doi-asserted-by":"crossref","first-page":"944","DOI":"10.1590\/S0104-11692012000500017","article-title":"Burden and modifications in life from the perspective of caregivers for patients after stroke","volume":"20","author":"Morais HC","year":"2012","journal-title":"Rev Latino-Am Enfermagem"},{"issue":"2","key":"ref46","doi-asserted-by":"crossref","first-page":"435","DOI":"10.1007\/s00520-013-1994-1","article-title":"Chronicles of informal caregiving in cancer: using \"The Cancer Family Caregiving Experience\"; model as an explanatory framework","volume":"22","author":"Stamataki Z","year":"2014","journal-title":"Support Care Cancer"},{"issue":"4","key":"ref47","doi-asserted-by":"crossref","first-page":"246","DOI":"10.1016\/j.gerinurse.2010.01.002","article-title":"Formal caregiver burden in dementia: impact of behavioral and psychological symptoms of dementia and activities of daily living","volume":"31","author":"Miyamoto Y","year":"2010","journal-title":"Geriatr Nurs"},{"issue":"5","key":"ref48","doi-asserted-by":"crossref","first-page":"749","DOI":"10.1017\/S1041610217002356","article-title":"Validation of family conflict scales for family caregivers of persons with dementia in long-term care facilities and exploration of family conflicts and support","volume":"30","author":"Fukui C","year":"2018","journal-title":"Int Psychogeriatr"},{"issue":"2","key":"ref49","doi-asserted-by":"crossref","first-page":"126","DOI":"10.1093\/geronb\/62.2.P126","article-title":"Correlates of physical health of informal caregivers: a meta-analysis","volume":"62","author":"Pinquart M","year":"2007","journal-title":"J Gerontol B Psychol Sci Soc Sci"},{"key":"ref50","series-title":"NIC: Classifica\u00e7\u00e3o das Interven\u00e7\u00f5es de Enfermagem","author":"Bulechek .","year":"2016","edition":"6\u00aa"},{"key":"ref51","series-title":"NOC: Classifica\u00e7\u00e3o dos Resultados de Enfermagem","author":"Moorhead .","year":"2016","edition":"5\u00aa"},{"issue":"3","key":"ref52","doi-asserted-by":"crossref","first-page":"237","DOI":"10.1080\/07317111003773601","article-title":"Domain-specific associations between burden and mood state in dementia caregivers","volume":"33","author":"Wright MJ","year":"2010","journal-title":"Clin Gerontol"}],"container-title":["Revista Ga\u00facha de Enfermagem"],"original-title":[],"link":[{"URL":"http:\/\/www.scielo.br\/pdf\/rgenf\/v41\/1983-1447-rgenf-41-e20190370.pdf","content-type":"unspecified","content-version":"vor","intended-application":"similarity-checking"}],"deposited":{"date-parts":[[2021,1,24]],"date-time":"2021-01-24T01:15:46Z","timestamp":1611450946000},"score":1,"resource":{"primary":{"URL":"http:\/\/www.scielo.br\/scielo.php?script=sci_arttext&pid=S1983-14472020000100512&tlng=en"}},"subtitle":[],"short-title":[],"issued":{"date-parts":[[2020]]},"references-count":52,"alternative-id":["S1983-14472020000100512"],"URL":"https:\/\/doi.org\/10.1590\/1983-1447.2020.20190370","relation":{},"ISSN":["1983-1447","0102-6933"],"issn-type":[{"value":"1983-1447","type":"electronic"},{"value":"0102-6933","type":"print"}],"subject":[],"published":{"date-parts":[[2020]]},"article-number":"e20190370"}}