{"status":"ok","message-type":"work","message-version":"1.0.0","message":{"indexed":{"date-parts":[[2025,7,30]],"date-time":"2025-07-30T15:11:42Z","timestamp":1753888302817,"version":"3.41.2"},"reference-count":35,"publisher":"FapUNIFESP (SciELO)","issue":"4","license":[{"start":{"date-parts":[[2021,1,1]],"date-time":"2021-01-01T00:00:00Z","timestamp":1609459200000},"content-version":"vor","delay-in-days":0,"URL":"http:\/\/creativecommons.org\/licenses\/by\/4.0\/"},{"start":{"date-parts":[[2021,1,1]],"date-time":"2021-01-01T00:00:00Z","timestamp":1609459200000},"content-version":"am","delay-in-days":0,"URL":"http:\/\/creativecommons.org\/licenses\/by\/4.0\/"},{"start":{"date-parts":[[2021,1,1]],"date-time":"2021-01-01T00:00:00Z","timestamp":1609459200000},"content-version":"tdm","delay-in-days":0,"URL":"http:\/\/creativecommons.org\/licenses\/by\/4.0\/"}],"content-domain":{"domain":[],"crossmark-restriction":false},"short-container-title":["Esc. Anna Nery"],"abstract":"<jats:p>Resumo  Objetivo analisar a ocorr\u00eancia dos diferentes tipos de viol\u00eancia no trabalho da Enfermagem na Estrat\u00e9gia Sa\u00fade da Fam\u00edlia e as implica\u00e7\u00f5es dos aspectos laborais e do trabalhador.  M\u00e9todo estudo misto, explanat\u00f3rio, sequencial, com 169 trabalhadores de Enfermagem da Estrat\u00e9gia Sa\u00fade da Fam\u00edlia. Como instrumentos de coleta de dados, foram utilizados o Survey Questionnaire Workplace Violence in the Health Sector e a entrevista semiestruturada.  Resultados foram encontrados epis\u00f3dios de agress\u00e3o verbal com melhores m\u00e9dias na avalia\u00e7\u00e3o sobre o reconhecimento e os relacionamentos no trabalho e o maior uso de medicamentos. O ass\u00e9dio moral foi associado \u00e0 cor da pele branca dos participantes, ao cargo de enfermeiro; apresentaram-se avalia\u00e7\u00f5es mais negativas acerca do reconhecimento laboral e dos relacionamentos interpessoais e uma maior preocupa\u00e7\u00e3o com a viol\u00eancia. J\u00e1 o ass\u00e9dio sexual relacionou-se ao cargo de t\u00e9cnico\/auxiliar de Enfermagem e pela aus\u00eancia de est\u00edmulo para os relatos de viol\u00eancia. A discrimina\u00e7\u00e3o racial foi associada \u00e0 cor da pele parda\/negra e \u00e0 redu\u00e7\u00e3o da satisfa\u00e7\u00e3o laboral.  Conclus\u00e3o e implica\u00e7\u00f5es para a pr\u00e1tica a an\u00e1lise dos fatores que se associam aos tipos espec\u00edficos de viol\u00eancia permite melhor determinar medidas e pol\u00edticas institucionais que minimizem os atos violentos contra os trabalhadores de Enfermagem.<\/jats:p>","DOI":"10.1590\/2177-9465-ean-2020-0427","type":"journal-article","created":{"date-parts":[[2021,4,9]],"date-time":"2021-04-09T23:31:15Z","timestamp":1618011075000},"source":"Crossref","is-referenced-by-count":9,"title":["Tipos de viol\u00eancia no trabalho da enfermagem na Estrat\u00e9gia Sa\u00fade da Fam\u00edlia"],"prefix":"10.1590","volume":"25","author":[{"ORCID":"https:\/\/orcid.org\/0000-0002-2027-0089","authenticated-orcid":false,"given":"Grasiele Fatima","family":"Busnello","sequence":"first","affiliation":[{"name":"Universidade Comunit\u00e1ria da Regi\u00e3o de Chapec\u00f3,  Brasil; Universidade do Estado de Santa Catarina,  Brasil"}]},{"ORCID":"https:\/\/orcid.org\/0000-0002-7119-0230","authenticated-orcid":false,"given":"Let\u00edcia de Lima","family":"Trindade","sequence":"additional","affiliation":[{"name":"Universidade Comunit\u00e1ria da Regi\u00e3o de Chapec\u00f3,  Brasil; Universidade do Estado de Santa Catarina,  Brasil"}]},{"ORCID":"https:\/\/orcid.org\/0000-0002-6761-0415","authenticated-orcid":false,"given":"Daiane Dal","family":"Pai","sequence":"additional","affiliation":[{"name":"Universidade Federal do Rio Grande do Sul,  Brasil"}]},{"ORCID":"https:\/\/orcid.org\/0000-0001-9060-1923","authenticated-orcid":false,"given":"Carmem L\u00facia Colom\u00e9","family":"Beck","sequence":"additional","affiliation":[{"name":"Universidade Federal de Santa Maria,  Brasil"}]},{"ORCID":"https:\/\/orcid.org\/0000-0001-9982-9537","authenticated-orcid":false,"given":"Olga Maria Pimenta Lopes","family":"Ribeiro","sequence":"additional","affiliation":[{"name":"Escola Superior de Enfermagem do Porto,  Portugal"}]}],"member":"530","published-online":{"date-parts":[[2021]]},"reference":[{"issue":"1","key":"ref1","article-title":"Viol\u00eancia f\u00edsica e psicol\u00f3gica perpetrada no trabalho em sa\u00fade","volume":"27","author":"Dal Pai D","year":"2018","journal-title":"Texto Contexto Enferm"},{"year":"2002","series-title":"Relat\u00f3rio Mundial Sobre Viol\u00eancia e Sa\u00fade.","key":"ref2"},{"year":"2002","series-title":"Directrices marco para afrontar la violencia laboral en el sector de la salud.","key":"ref3"},{"issue":"9","key":"ref4","doi-asserted-by":"crossref","first-page":"3152","DOI":"10.3390\/ijerph17093152","article-title":"Workplace aggression and burnout in nursing: the moderating role of follow-up counseling","volume":"17","author":"Vincent-H\u00f6per S","year":"2020","journal-title":"int j environ res public health"},{"issue":"11","key":"ref5","doi-asserted-by":"crossref","first-page":"1194","DOI":"10.1002\/ajim.22489","article-title":"Physical assault, physical threat, and verbal abuse perpetrated against hospital workers by patients or visitors in six US hospitals","volume":"58","author":"Pompeii LA","year":"2015","journal-title":"Am J Ind Med"},{"issue":"21","key":"ref6","first-page":"21","article-title":"Prevalence and risk factors of workplace violence against health care workers in emergency department in Ismailia, Egypt","volume":"26","author":"Abdellah RF","year":"2017","journal-title":"Pan Afr Med J"},{"issue":"6","key":"ref7","doi-asserted-by":"crossref","first-page":"1274","DOI":"10.3390\/ijerph15061274","article-title":"Prevalence and consequences of aggression and violence towards nursing and care staff in germany: a survey","volume":"15","author":"Schablon A","year":"2018","journal-title":"Int J Environ Res Public Health"},{"issue":"3","key":"ref8","doi-asserted-by":"crossref","first-page":"295","DOI":"10.1016\/j.ijchp.2016.06.001","article-title":"Evaluation of the users violence in primary health care: adaptation of an instrument","volume":"16","author":"Ruiz-Hern\u00e1ndez JA","year":"2016","journal-title":"Int J Clin Health Psychol"},{"issue":"1","key":"ref9","first-page":"11","article-title":"Encouraging employees to report verbal violence in primary health care in Serbia: a cross-sectional study","volume":"56","author":"Fisekovic Kremic MB","year":"2016","journal-title":"Zdr Varst"},{"year":"2017","series-title":"Pol\u00edtica Nacional de Aten\u00e7\u00e3o B\u00e1sica.","key":"ref10"},{"issue":"9","key":"ref11","doi-asserted-by":"crossref","first-page":"1347","DOI":"10.1007\/s00127-015-1039-9","article-title":"Violence at work and depressive symptoms in primary health care teams: a cross-sectional study in Brazil","volume":"50","author":"Silva ATC","year":"2015","journal-title":"Soc Psychiatry Psychiatr Epidemiol"},{"issue":"6","key":"ref12","doi-asserted-by":"crossref","first-page":"632","DOI":"10.1590\/1982-0194201900088","article-title":"Viol\u00eancia no trabalho em sa\u00fade da fam\u00edlia: estudo de m\u00e9todos mistos","volume":"32","author":"Sturbelle ICS","year":"2019","journal-title":"Acta Paul Enferm"},{"key":"ref13","article-title":"Gerenciamento das situa\u00e7\u00f5es de viol\u00eancia no trabalho na estrat\u00e9gia de sa\u00fade da fam\u00edlia pelo enfermeiro","volume":"29","author":"Fl\u00f3rido HG","year":"2020","journal-title":"Texto Contexto Enferm"},{"key":"ref14","series-title":"Pesquisa de m\u00e9todos mistos.","author":"Creswell JW","year":"2013","edition":"2."},{"year":"2003","series-title":"Relationship between work stress and workplace violence in the health sector.","author":"Di Martino V","key":"ref15"},{"year":"2002","series-title":"Relat\u00f3rio preliminar de pesquisa, viol\u00eancia no trabalho no setor sa\u00fade - Rio de Janeiro \u2013 Brasil","author":"Pal\u00e1cios M","key":"ref16"},{"issue":"7","key":"ref17","first-page":"1","article-title":"Amostragem e satura\u00e7\u00e3o em pesquisa qualitativa: consensos e controv\u00e9rsias","volume":"5","author":"Minayo MCS","year":"2017","journal-title":"Rev Pesquisa Qualitativa"},{"year":"2016","series-title":"An\u00e1lise de conte\u00fado.","author":"Bardin L","key":"ref18"},{"year":"2017","series-title":"Viol\u00eancia e capacidade para o trabalho entre trabalhadores de enfermagem brasileiros.","author":"Contrera L","key":"ref19"},{"issue":"54333","key":"ref20","first-page":"1","article-title":"Agress\u00e3o verbal no trabalho da Enfermagem na \u00e1rea hospitalar","volume":"21","author":"Trindade LL","year":"2019","journal-title":"Rev Eletron Enferm."},{"issue":"8","key":"ref21","doi-asserted-by":"crossref","first-page":"879","DOI":"10.3390\/ijerph14080879","article-title":"Workplace Violence toward Physicians and Nurses: Prevalence and Correlates in Macau","volume":"14","author":"Cheung T","year":"2017","journal-title":"Int J Environ Res Public Health"},{"key":"ref22","article-title":"Agress\u00e3o f\u00edsica contra t\u00e9cnicos de enfermagem em hospitais psiqui\u00e1tricos","volume":"42","author":"Vieira GLC","year":"2017","journal-title":"Rev Bras Sa\u00fade Ocup"},{"issue":"4","key":"ref23","doi-asserted-by":"crossref","first-page":"425","DOI":"10.1590\/1982-0194201900058","article-title":"Viol\u00eancia ocupacional na equipe de enfermagem: preval\u00eancia e fatores associados","volume":"32","author":"Tsukamoto SAS","year":"2019","journal-title":"Acta Paul Enferm"},{"issue":"3","key":"ref24","doi-asserted-by":"crossref","DOI":"10.1590\/0104-07072017002500016","article-title":"Insatisfa\u00e7\u00e3o no trabalho de profissionais da sa\u00fade na Estrat\u00e9gia Sa\u00fade da Fam\u00edlia","volume":"26","author":"Soratto J","year":"2017","journal-title":"Texto Contexto Enferm"},{"issue":"1","key":"ref25","first-page":"17","article-title":"Violencia psicol\u00f3gica institucional no trabalho da enfermagem","volume":"4","author":"Lima DM","year":"2012","journal-title":"Rev Pesq Cuid Fundam."},{"issue":"2","key":"ref26","first-page":"415","article-title":"A rela\u00e7\u00e3o entre reconhecimento, trabalho e sa\u00fade sob o olhar da Psicodin\u00e2mica do Trabalho e da Cl\u00ednica da Atividade: debates em psicologia do trabalho","volume":"8","author":"Silva RVS","year":"2015","journal-title":"Gerais Rev Interinst Psicol"},{"issue":"5","key":"ref27","first-page":"996","article-title":"Violence in the workplace in Nursing: consequences overview","volume":"69","author":"Bordignon M","year":"2016","journal-title":"Rev Bras Enferm"},{"issue":"1","key":"ref28","doi-asserted-by":"crossref","first-page":"18","DOI":"10.1177\/1350508416668191","article-title":"Work as affective experience: the contribution of Christophe Dejours\u2019 \u2018psychodynamics of work\u2019","volume":"24","author":"Dashtipour P","year":"2017","journal-title":"Organization"},{"issue":"spe2","key":"ref29","doi-asserted-by":"crossref","first-page":"40","DOI":"10.1590\/S0103-21002012000900007","article-title":"Violence in daily hospital nursing work","volume":"25","author":"Vasconcellos IRR","year":"2012","journal-title":"Acta Paul Enferm"},{"issue":"11","key":"ref30","doi-asserted-by":"crossref","first-page":"1000","DOI":"10.1002\/ajim.22097","article-title":"Workplace violence and influencing factors among medical professionals in China","volume":"55","author":"Wu S","year":"2012","journal-title":"Am J Ind Med"},{"key":"ref31","doi-asserted-by":"crossref","first-page":"77","DOI":"10.1590\/1981-7746-sip00031","article-title":"Ass\u00e9dio moral na aten\u00e7\u00e3o b\u00e1sica segundo os profissionais de enfermagem","volume":"13","author":"Andrade CG","year":"2015","journal-title":"Trab Educ Sa\u00fade"},{"key":"ref32","doi-asserted-by":"crossref","DOI":"10.1177\/1078390319877223","article-title":"The relationship between workplace bullying and positive mental health among registered nurses","author":"Harb A","year":"2019","journal-title":"J Am Psychiatr Nurses Assoc"},{"issue":"3","key":"ref33","first-page":"3464","article-title":"Prevalence and pattern of workplace violence and ethnic discrimination among workers in a tertiary institution in Southern Nigeria","volume":"4","author":"Douglas KE","year":"2017","journal-title":"OALib J."},{"year":"2018","series-title":"Mulheres e negros s\u00e3o maioria entre os profissionais de Enfermagem em MT","key":"ref34"},{"issue":"7","key":"ref35","first-page":"1","article-title":"Standing up against workplace bullying behavior: recommendations from newly licensed nurses","volume":"10","author":"Smith CR","year":"2020","journal-title":"J Nurs Educ Pract"}],"container-title":["Escola Anna Nery"],"original-title":[],"link":[{"URL":"http:\/\/www.scielo.br\/pdf\/ean\/v25n4\/1414-8145-ean-25-4-e20200427.pdf","content-type":"unspecified","content-version":"vor","intended-application":"similarity-checking"}],"deposited":{"date-parts":[[2023,5,26]],"date-time":"2023-05-26T11:00:14Z","timestamp":1685098814000},"score":1,"resource":{"primary":{"URL":"http:\/\/www.scielo.br\/scielo.php?script=sci_arttext&pid=S1414-81452021000400207&tlng=pt"}},"subtitle":[],"short-title":[],"issued":{"date-parts":[[2021]]},"references-count":35,"journal-issue":{"issue":"4","published-online":{"date-parts":[[2021]]}},"alternative-id":["S1414-81452021000400207"],"URL":"https:\/\/doi.org\/10.1590\/2177-9465-ean-2020-0427","relation":{},"ISSN":["2177-9465","1414-8145"],"issn-type":[{"type":"electronic","value":"2177-9465"},{"type":"print","value":"1414-8145"}],"subject":[],"published":{"date-parts":[[2021]]},"article-number":"e20200427"}}